{"id":342426,"date":"2026-01-15T16:39:11","date_gmt":"2026-01-15T16:39:11","guid":{"rendered":"https:\/\/www.europesays.com\/es\/342426\/"},"modified":"2026-01-15T16:39:11","modified_gmt":"2026-01-15T16:39:11","slug":"andres-gonzalez-un-avilesino-nominado-a-los-goya-de-fotografia-este-tipo-de-reconocimientos-prestan","status":"publish","type":"post","link":"https:\/\/www.europesays.com\/es\/342426\/","title":{"rendered":"Andr\u00e9s Gonz\u00e1lez, un avilesino nominado a los Goya de fotograf\u00eda: \u00abEste tipo de reconocimientos prestan\u00bb"},"content":{"rendered":"<p><a class=\"v-mdl-ath__fig-a\" href=\"https:\/\/www.elcomercio.es\/autor\/ruth-arias-735.html\" title=\"Ruth Arias\" rel=\"nofollow noopener\" target=\"_blank\"><br \/>\n<img decoding=\"async\" class=\"v-mdl-ath__img\" src=\"https:\/\/www.europesays.com\/es\/wp-content\/uploads\/2026\/01\/autor-735-foto-2.jpeg\" alt=\"Ruth Arias\"\/><br \/>\n<\/a><\/p>\n<p class=\"v-mdl-ath__p v-mdl-ath__p--6\">\nJueves, 15 de enero 2026, 13:42<\/p>\n<p class=\"v-p\">Los Premios Goya de Fotograf\u00eda y Video Profesional son uno de los concursos m\u00e1s prestigiosos a nivel internacional del sector. Llevan entreg\u00e1ndose desde 1983, y este a\u00f1o habr\u00e1 representaci\u00f3n avilesina en la gala de entrega de los galardones que se celebrar\u00e1 en Zaragoza el pr\u00f3ximo 7 de febrero. El <strong>fot\u00f3grafo Andr\u00e9s Gonz\u00e1lez<\/strong> (Avil\u00e9s, 1969) tiene <strong>dos obras nominadas<\/strong> en la categor\u00eda de Paisaje: una de los bufones de Llanes y otra de las islas Lofoten de Noruega. <\/p>\n<p class=\"v-p\">Con m\u00e1s de treinta a\u00f1os de experiencia profesional, Gonz\u00e1lez no se hab\u00eda planteado hasta hace poco participar en este tipo de cert\u00e1menes. \u00abSiempre dec\u00eda que mis clientes me nominan todos los d\u00edas, pero ahora todo est\u00e1 cambiando y hay que estar presente en internet y en redes\u00bb. Tambi\u00e9n reconoce que \u00abeste tipo de reconocimientos prestan mucho\u00bb.<\/p>\n<p><img decoding=\"async\" loading=\"lazy\" src=\"https:\/\/www.europesays.com\/es\/wp-content\/uploads\/2026\/01\/andres-kG4D--650x455@El Comercio.jpg\" class=\"v-a-img\" alt=\"El fot\u00f3grafo Andr\u00e9s Gonz\u00e1lez, en su estudio.\" data-voc-vtm-id=\"in-text-traffic\" width=\"650\" height=\"455\"\/><\/p>\n<p>El fot\u00f3grafo Andr\u00e9s Gonz\u00e1lez, en su estudio.<\/p>\n<p><img loading=\"lazy\" decoding=\"async\" src=\"https:\/\/www.europesays.com\/es\/wp-content\/uploads\/2026\/01\/andres-kG4D--650x455@El Comercio.jpg\" class=\"v-mdl__img-z\" width=\"650\" height=\"455\" alt=\"\"\/><\/p>\n<p class=\"v-p\">Andr\u00e9z Gonz\u00e1lez tiene un estudio en Villalegre y se dedica fundamentalmente al retrato y fotograf\u00eda social, pero siempre que puede se escapa para dar rienda suela a su creatividad en la fotograf\u00eda de paisajes. Y pese a que \u00aben Asturias somos unos privilegiados\u00bb, el avilesino ha encontrado otro para\u00edso en el norte de Europa, sobre todo en Noruega, Finlandia e Islandia. \u00abEn la foto de paisajes encuentro algo que me relaja\u00bb, asegura, y esos pa\u00edses son para\u00edsos para hacer fotograf\u00eda, reconoce. <\/p>\n<p class=\"v-p\">En las islas Lofoten ha captado multitud de im\u00e1genes, entre ellas una de las nominadas: una imagen tomada con un dron del Henningsv\u00e6r Stadion, uno de los campos de f\u00fatbol m\u00e1s pintorescos del mundo, construido sobre un islote y rodeado de fiordos.<\/p>\n<p><img decoding=\"async\" loading=\"lazy\" src=\"https:\/\/www.europesays.com\/es\/wp-content\/uploads\/2026\/01\/foto-noruega-andres-gonzalez-kG4D--650x455@El Comercio.jpg\" class=\"v-a-img\" alt=\"El campo de f\u00fatbol Henningsv\u00e6r Stadion.\" data-voc-vtm-id=\"in-text-traffic\" width=\"650\" height=\"455\"\/><\/p>\n<p>El campo de f\u00fatbol Henningsv\u00e6r Stadion.<\/p>\n<p>Andr\u00e9s Gonz\u00e1lez<\/p>\n<p><img loading=\"lazy\" decoding=\"async\" src=\"https:\/\/www.europesays.com\/es\/wp-content\/uploads\/2026\/01\/foto-noruega-andres-gonzalez-kG4D--650x455@El Comercio.jpg\" class=\"v-mdl__img-z\" width=\"650\" height=\"455\" alt=\"\"\/><\/p>\n<p class=\"v-p\">Los Goya de fotograf\u00eda cuentan con tres categor\u00edas: Gr\u00e1fico, Libre Creaci\u00f3n y Paisaje, y puede que en esta \u00faltima Avil\u00e9s de la campanada y se venga con una estatuilla. \u00abEstar\u00eda muy bien ganar, la verdad\u00bb, dice. <\/p>\n<p class=\"v-p\">Ser\u00e1 su segunda experiencia en un certamen, ya que tambi\u00e9n tuvo unretrato nominado en los premios Luces de Granada, que no gan\u00f3 pero s\u00ed sirvi\u00f3 para despertar una ambici\u00f3n. \u00abUn amigo me anim\u00f3 a presentarme, y me entr\u00f3 el gusanillo\u00bb, relata. Su otro objetivo es que se le conozca m\u00e1s en Avil\u00e9s. Su estudio est\u00e1 en Villalegre, y lamenta que \u00abtengo m\u00e1s clientes de fuera que de casa\u00bb.<\/p>\n<p><img decoding=\"async\" loading=\"lazy\" src=\"https:\/\/www.europesays.com\/es\/wp-content\/uploads\/2026\/01\/granada-kG4D--650x455@El Comercio.jpg\" class=\"v-a-img\" alt=\"La fotograf\u00eda nominada en los Luces de Granada.\" data-voc-vtm-id=\"in-text-traffic\" width=\"650\" height=\"455\"\/><\/p>\n<p>La fotograf\u00eda nominada en los Luces de Granada.<\/p>\n<p>Andr\u00e9s Gonz\u00e1lez<\/p>\n<p><img loading=\"lazy\" decoding=\"async\" src=\"https:\/\/www.europesays.com\/es\/wp-content\/uploads\/2026\/01\/granada-kG4D--650x455@El Comercio.jpg\" class=\"v-mdl__img-z\" width=\"650\" height=\"455\" alt=\"\"\/><\/p>\n<p>Reporta un error<\/p>\n","protected":false},"excerpt":{"rendered":"Jueves, 15 de enero 2026, 13:42 Los Premios Goya de Fotograf\u00eda y Video Profesional son uno de los&hellip;\n","protected":false},"author":2,"featured_media":342427,"comment_status":"","ping_status":"","sticky":false,"template":"","format":"standard","meta":{"footnotes":""},"categories":[173],"tags":[229,233,231,230,34883,232,234,146,147,25,24,244,3980,16903,23],"class_list":{"0":"post-342426","1":"post","2":"type-post","3":"status-publish","4":"format-standard","5":"has-post-thumbnail","7":"category-arte-y-diseno","8":"tag-arte","9":"tag-arte-y-diseno","10":"tag-arts","11":"tag-arts-and-design","12":"tag-avilesino","13":"tag-design","14":"tag-diseno","15":"tag-entertainment","16":"tag-entretenimiento","17":"tag-es","18":"tag-espana","19":"tag-fotografia","20":"tag-goya","21":"tag-nominado","22":"tag-spain"},"share_on_mastodon":{"url":"https:\/\/pubeurope.com\/@es\/115900105714123080","error":""},"_links":{"self":[{"href":"https:\/\/www.europesays.com\/es\/wp-json\/wp\/v2\/posts\/342426","targetHints":{"allow":["GET"]}}],"collection":[{"href":"https:\/\/www.europesays.com\/es\/wp-json\/wp\/v2\/posts"}],"about":[{"href":"https:\/\/www.europesays.com\/es\/wp-json\/wp\/v2\/types\/post"}],"author":[{"embeddable":true,"href":"https:\/\/www.europesays.com\/es\/wp-json\/wp\/v2\/users\/2"}],"replies":[{"embeddable":true,"href":"https:\/\/www.europesays.com\/es\/wp-json\/wp\/v2\/comments?post=342426"}],"version-history":[{"count":0,"href":"https:\/\/www.europesays.com\/es\/wp-json\/wp\/v2\/posts\/342426\/revisions"}],"wp:featuredmedia":[{"embeddable":true,"href":"https:\/\/www.europesays.com\/es\/wp-json\/wp\/v2\/media\/342427"}],"wp:attachment":[{"href":"https:\/\/www.europesays.com\/es\/wp-json\/wp\/v2\/media?parent=342426"}],"wp:term":[{"taxonomy":"category","embeddable":true,"href":"https:\/\/www.europesays.com\/es\/wp-json\/wp\/v2\/categories?post=342426"},{"taxonomy":"post_tag","embeddable":true,"href":"https:\/\/www.europesays.com\/es\/wp-json\/wp\/v2\/tags?post=342426"}],"curies":[{"name":"wp","href":"https:\/\/api.w.org\/{rel}","templated":true}]}}