{"id":342438,"date":"2026-01-15T16:46:16","date_gmt":"2026-01-15T16:46:16","guid":{"rendered":"https:\/\/www.europesays.com\/es\/342438\/"},"modified":"2026-01-15T16:46:16","modified_gmt":"2026-01-15T16:46:16","slug":"muere-irene-de-grecia-la-princesa-de-las-mil-caras-hermana-de-la-reina-sofia-arqueologa-concertista-animalista-y-ufologa-gente","status":"publish","type":"post","link":"https:\/\/www.europesays.com\/es\/342438\/","title":{"rendered":"Muere Irene de Grecia, la princesa de las mil caras: hermana de la reina Sof\u00eda, arque\u00f3loga, concertista, animalista y uf\u00f3loga | Gente"},"content":{"rendered":"<p class=\"\"><a href=\"https:\/\/elpais.com\/gente\/2023-11-14\/irene-de-grecia-la-tia-peculiar-de-felipe-vi-reaparece-en-medio-de-los-rumores-sobre-su-salud.html\" target=\"_blank\" rel=\"noreferrer nofollow noopener\" title=\"https:\/\/elpais.com\/gente\/2023-11-14\/irene-de-grecia-la-tia-peculiar-de-felipe-vi-reaparece-en-medio-de-los-rumores-sobre-su-salud.html\">Irene de Grecia y Dinamarca<\/a>, hermana peque\u00f1a de <a href=\"https:\/\/elpais.com\/gente\/2024-10-27\/como-dona-sofia-se-convirtio-en-la-reina-del-estoicismo-86-anos-aguantandolo-todo.html\" target=\"_blank\" rel=\"noreferrer nofollow noopener\" title=\"https:\/\/elpais.com\/gente\/2024-10-27\/como-dona-sofia-se-convirtio-en-la-reina-del-estoicismo-86-anos-aguantandolo-todo.html\">la reina Sof\u00eda<\/a>, ha muerto este jueves 15 de enero a los 83 a\u00f1os en Madrid. \u201cSus Majestades los Reyes y Su Majestad la Reina Do\u00f1a Sof\u00eda lamentan comunicar el fallecimiento de Su Alteza Real la Princesa Irene de Grecia a las 11.40 de hoy en el Palacio de la Zarzuela de Madrid. El departamento de Comunicaci\u00f3n de la Casa de S.M. el Rey informar\u00e1 de las ceremonias que se organicen para su velatorio en Espa\u00f1a y el posterior traslado del f\u00e9retro a Grecia para su entierro en el cementerio de Tatoi\u201d, se lee en la nota con la que se ha comunicado su fallecimiento. Horas despu\u00e9s, han confirmado que este mismo jueves ha quedado instalada en el palacio de la Zarzuela una capilla ardiente que velar\u00e1 a la princesa de forma privada. El s\u00e1bado, la Catdral Ortodoxa Griega de San Andr\u00e9s y San Demetrio de Madrid acoger\u00e1 durante unas horas los restos mortales. Ser\u00e1 el lunes 19 de enero cuando tendr\u00e1 lugar en Atenas el funeral y posterior entierro. Seg\u00fan diversas fuentes, llevaba tiempo sufriendo un grave deterioro cognitivo. De hecho, <a href=\"https:\/\/elpais.com\/gente\/2026-01-13\/la-reina-sofia-cancela-su-agenda-para-estar-al-lado-de-su-hermana-irene-de-grecia-en-estado-de-salud-critico.html\" target=\"_blank\" rel=\"noreferrer nofollow noopener\" title=\"https:\/\/elpais.com\/gente\/2026-01-13\/la-reina-sofia-cancela-su-agenda-para-estar-al-lado-de-su-hermana-irene-de-grecia-en-estado-de-salud-critico.html\">do\u00f1a Sof\u00eda cancel\u00f3 esta semana algunos actos de su agenda,<\/a> lo que le ha permitido estar al lado de su hermana hasta el \u00faltimo momento. Los reyes han estado pendientes de la evoluci\u00f3n de su estado de salud minuto a minuto.<\/p>\n<p class=\"\">\u201cDo\u00f1a Irene era un miembro de la familia de Su Majestad el Rey muy querido por todos ellos, que ya han expresado su profundo pesar por la p\u00e9rdida de una persona dedicada a ayudar a los m\u00e1s necesitados a trav\u00e9s de sus proyectos solidarios\u201d, explican fuentes de la Casa de S.M el Rey. La \u00faltima vez que Irene de Grecia se dej\u00f3 ver en p\u00fablico fue en febrero de 2025, cuando viaj\u00f3 a Atenas para asistir a la boda de su <a href=\"https:\/\/elpais.com\/gente\/2025-02-07\/la-boda-de-nicolas-de-grecia-y-chrysi-vardinogianni-en-imagenes.html\" target=\"_blank\" rel=\"noreferrer nofollow noopener\" title=\"https:\/\/elpais.com\/gente\/2025-02-07\/la-boda-de-nicolas-de-grecia-y-chrysi-vardinogianni-en-imagenes.html\">sobrino Nicol\u00e1s de Grecia y Chrysi Vardinogianni<\/a>. Hasta ese momento, era una habitual en los veranos que la Familia Real espa\u00f1ola disfrutaba en Palma, posando junto a ellos en las salidas por las calles de la ciudad. Fue en el verano de 2024 la \u00faltima vez que viaj\u00f3 a la isla, donde ya se le pudo ver en silla de ruedas. <\/p>\n<p>M\u00e1s informaci\u00f3n<\/p>\n<p class=\"\">Nieta de reyes, hija de reyes,<a href=\"https:\/\/elpais.com\/gente\/2020-05-11\/irene-de-grecia-la-tia-pecu-de-felipe-vi-y-sombra-de-dona-sofia.html\" target=\"_blank\" rel=\"noreferrer nofollow noopener\" title=\"https:\/\/elpais.com\/gente\/2020-05-11\/irene-de-grecia-la-tia-pecu-de-felipe-vi-y-sombra-de-dona-sofia.html\"> hermana de reyes <\/a>y t\u00eda de reyes, la princesa era uno de los miembros con m\u00e1s \u201csangre azul\u201d de la realeza europea. En su \u00e1rbol geneal\u00f3gico hab\u00eda cinco soberanos helenos, dos emperadores alemanes, ocho monarcas daneses, cinco suecos, siete zares de Rusia,\u202fun rey y una reina de Noruega y una de Inglaterra. Pero tambi\u00e9n era uno de los personajes m\u00e1s exc\u00e9ntricos del Almanaque de Gotha. Era tan singular que sus ocho sobrinos, incluido Felipe VI, <a href=\"https:\/\/elpais.com\/elpais\/2012\/05\/04\/gente\/1336156230_861670.html\" target=\"_blank\" rel=\"noreferrer nofollow noopener\" title=\"https:\/\/elpais.com\/elpais\/2012\/05\/04\/gente\/1336156230_861670.html\">la llamaban \u201cPeculiar\u201d o \u201ct\u00eda Pecu\u201d.<\/a> No recib\u00eda una asignaci\u00f3n econ\u00f3mica oficial, no ten\u00eda grandes posesiones, no luc\u00eda joyas, ni ropa de firmas de lujo. Tampoco quiso tener marido o hijos, lo que le permiti\u00f3 tener una libertad inusual para una mujer de su posici\u00f3n y vivir varias vidas. Fue aprendiz de arque\u00f3loga y concertista casi profesional, alumna avanzada del hinduismo, fil\u00e1ntropa, animalista, entusiasta del esoterismo, aficionada a la ufolog\u00eda y al mundo paranormal. <\/p>\n<p class=\"\">Nada en la vida de Irene de Grecia fue muy convencional. Naci\u00f3 el 11 de mayo de 1942, en plena II Guerra Mundial y lejos de Grecia, el pa\u00eds que le daba nombre a su apellido. <a href=\"https:\/\/elpais.com\/elpais\/2020\/01\/13\/gente\/1578935562_799409.html\" target=\"_blank\" rel=\"noreferrer nofollow noopener\" title=\"https:\/\/elpais.com\/elpais\/2020\/01\/13\/gente\/1578935562_799409.html\">Su madre, Federica de Hannover<\/a>, nieta del \u00faltimo emperador de Alemania, la trajo al mundo en una casa a las afueras de Ciudad del Cabo, en Sud\u00e1frica, mientras hu\u00edan del nazismo. Su padre, el rey Pablo, quinto monarca heleno de la Casa de Gl\u00fccksburg, la misma que hoy sigue reinando en Dinamarca y Noruega, era todav\u00eda pr\u00edncipe heredero y se encontraba en El Cairo, donde su hermano el rey Jorge\u202fII radiaba mensajes al pueblo heleno en apoyo al Gobierno griego en el exilio. <\/p>\n<p><img fetchpriority=\"high\" decoding=\"auto\" class=\"_re  a_m-h\" height=\"412\"  width=\"414\" src=\"https:\/\/www.europesays.com\/es\/wp-content\/uploads\/2026\/01\/GVZVDUTDFVBCNAEUEBVKF3RYBQ.jpg\" loading=\"eager\"\/>Las princesas Irene y Sof\u00eda de Grecia en Par\u00eds (Francia), el 22 de enero de 1962.Keystone-France (Gamma-Keystone via Getty Images)<img decoding=\"auto\" class=\"_re lazyload a_m-h\" height=\"303\"  width=\"414\" src=\"https:\/\/www.europesays.com\/es\/wp-content\/uploads\/2026\/01\/7JZBHZBZPFFDPCGWF6BFO7YVUI.jpg\" loading=\"lazy\"\/>La princesa Sof\u00eda de Grecia y Dinamarca, con un vestido de novia dise\u00f1ado por Jean Dess\u00e8s, y el pr\u00edncipe Juan Carlos de Borb\u00f3n, entonces pr\u00edncipe de Asturias, posan junto a sus damas de honor \u2014la princesa Irene de Grecia y Dinamarca, la infanta Pilar de Espa\u00f1a, las princesas Ana Mar\u00eda y Benedicta de Dinamarca, Irene de los Pa\u00edses Bajos, Alexandra de Kent, Ana de Orleans y Tatiana Radziwill\u2014 antes de las ceremonias nupciales en Atenas (Grecia), el 14 de mayo de 1962. Keystone (Getty Images)<img decoding=\"auto\" class=\"_re lazyload a_m-h\" height=\"351\"  width=\"414\" src=\"https:\/\/www.europesays.com\/es\/wp-content\/uploads\/2026\/01\/NBHRBRULPVFALD6ZVOIUKM5YGQ.jpg\" loading=\"lazy\"\/>Juan Carlos de Borb\u00f3n y la reina Sof\u00eda, acompa\u00f1ados por su hija Elena, son recibidos en el aeropuerto de Barajas por la princesa Irene de Grecia, en 1965.Gianni Ferrari (Cover\/Getty Images)<img decoding=\"auto\" class=\"_re lazyload a_m-h\" height=\"306\"  width=\"414\" src=\"https:\/\/www.europesays.com\/es\/wp-content\/uploads\/2026\/01\/ULL3ST4H3ZDNNODM4GZUDMF5RY.jpg\" loading=\"lazy\"\/>La reina em\u00e9rita Sof\u00eda, acompa\u00f1ada por su hermana, la princesa Irene de Grecia, durante su viaje oficial a la India, el 28 de enero de 1982.Gianni Ferrari (Getty Images)<img decoding=\"auto\" class=\"_re lazyload a_m-h\" height=\"268\"  width=\"414\" src=\"https:\/\/www.europesays.com\/es\/wp-content\/uploads\/2026\/01\/XOANZXV2IJAR7AAGHUPVMLYCOQ.jpg\" loading=\"lazy\"\/>La reina em\u00e9rita Sof\u00eda, acompa\u00f1ada por su hermana, Irene de Grecia, presidi\u00f3 la entrega del Premio BMW de Pintura 2003 en el Auditorio Nacional de M\u00fasica de Madrid, el 24 de noviembre de 2003.Lalo Yasky (WireImage)<img decoding=\"auto\" class=\"_re lazyload a_m-v\" height=\"557\"  width=\"414\" src=\"https:\/\/www.europesays.com\/es\/wp-content\/uploads\/2026\/01\/F4EJMTHXDVEGZMAVINAJ4Y3NNE.jpg\" loading=\"lazy\"\/>Irene de Grecia en Madrid, en 2008. Fotonoticias (WireImage)<img decoding=\"auto\" class=\"_re lazyload a_m-h\" height=\"274\"  width=\"414\" src=\"https:\/\/www.europesays.com\/es\/wp-content\/uploads\/2026\/01\/JRB6H3R6SBEJPMYDNTM62BZJYM.jpg\" loading=\"lazy\"\/>De izquierda a derecha y de arriba abajo, el pr\u00edncipe Alberto II de M\u00f3naco y el pr\u00edncipe heredero Federico de Dinamarca, detr\u00e1s de la princesa Irene de Grecia, la reina em\u00e9rita Sof\u00eda, Felipe VI y la reina Letizia, durante la final masculina de baloncesto entre Estados Unidos y Espa\u00f1a en los Juegos Ol\u00edmpicos de Londres 2012, celebrada en el North Greenwich Arena. Pascal Le Segretain (Getty Images)<img decoding=\"auto\" class=\"_re lazyload a_m-h\" height=\"268\"  width=\"414\" src=\"https:\/\/www.europesays.com\/es\/wp-content\/uploads\/2026\/01\/OII2UIZHGZC3NDPV67GBAZM6BM.jpg\" loading=\"lazy\"\/>La reina em\u00e9rita Sof\u00eda y su hermana, la princesa Irene de Grecia, en el Auditorio Nacional de Madrid el 6 de noviembre de 2012.Carlos Alvarez (Getty Images)<img decoding=\"auto\" class=\"_re lazyload a_m-h\" height=\"310\"  width=\"414\" src=\"https:\/\/www.europesays.com\/es\/wp-content\/uploads\/2026\/01\/6Z3H7MRLMNDFDACADTBCFGNXSU.jpg\" loading=\"lazy\"\/>La reina em\u00e9rita Sof\u00eda y la reina Letizia almuerzan en el Hotel Formentor junto a la princesa Irene de Grecia, hermana de la reina, y Tatiana Fourcheau.Lalo Yasky (WireImage)<img decoding=\"auto\" class=\"_re lazyload a_m-h\" height=\"276\"  width=\"414\" src=\"https:\/\/www.europesays.com\/es\/wp-content\/uploads\/2026\/01\/ZWPH47ZZQ5H6ZO6DPA3CAOBAIM.jpg\" loading=\"lazy\"\/>La reina Sof\u00eda y la princesa Irene de Grecia y Dinamarca asisten a la celebraci\u00f3n previa a la boda de Teodora de Grecia y Matthew Kumar, el 27 de septiembre de 2024 en Atenas (Grecia). Europa Press Entertainment (Europa Press via Getty Images)<\/p>\n<p class=\"\">En medio de esos tiempos de guerra, la reina Federica bautiz\u00f3 a su hija con el nombre de Irene, que en griego significa \u201cpaz\u201d. La finca donde viv\u00edan, propiedad del general Jan Smuts, primer ministro de la Uni\u00f3n Sudafricana, tambi\u00e9n se llamaba Irene. All\u00ed pas\u00f3 sus primeros a\u00f1os de vida, rodeada de animales y junto a sus dos hermanos mayores, el pr\u00edncipe <a href=\"https:\/\/elpais.com\/internacional\/2023-01-10\/muere-constantino-ii-el-ultimo-rey-de-grecia.html\" target=\"_blank\" rel=\"noreferrer nofollow noopener\" title=\"https:\/\/elpais.com\/internacional\/2023-01-10\/muere-constantino-ii-el-ultimo-rey-de-grecia.html\">Constantino \u2014fallecido en enero de 2023<\/a>\u2014 y la princesa Sof\u00eda. No tuvo una infancia privilegiada, pero s\u00ed llena de cuidados, con una ni\u00f1era escocesa que le ense\u00f1\u00f3 a hablar en ingl\u00e9s y un cocinero zul\u00fa. <\/p>\n<p><img decoding=\"auto\" class=\"_re lazyload a_m-h\" height=\"310\"  width=\"414\"  src=\"https:\/\/www.europesays.com\/es\/wp-content\/uploads\/2026\/01\/KXLHC6HXONBEBG5IU3XM3VSBZM.jpg\" loading=\"lazy\"\/>De izquierda a derecha, Sof\u00eda (con 8 a\u00f1os), Constantino (de 6) e Irene de Grecia (con 5), en los jardines del palacio de Psykhik\u00f3, en Grecia.Hulton-Deutsch Collection\/Corbis\/Getty Images<\/p>\n<p class=\"\">Tras la derrota de las Potencias del Eje y el final de la II Guerra Mundial, la familia real griega se traslad\u00f3 a Alejandr\u00eda. Fue el preludio de su regreso a Grecia. All\u00ed Irene y sus hermanos compartieron tardes de juego con los hijos del rey Faruk de Egipto. En 1946, despu\u00e9s de cinco a\u00f1os de exilio, los Grecia volvieron a Atenas. Casi el 70% de los griegos vot\u00f3 en un refer\u00e9ndum a favor de la restauraci\u00f3n de la monarqu\u00eda. Pablo y Federica, pr\u00edncipes herederos, y sus tres hijos se instalaron en una villa en el barrio ateniense de Psykhik\u00f3. \u201cEn aquel tiempo ya sab\u00edamos que pertenecer a la realeza no era algo para divertirse\u201d, cont\u00f3 la princesa a su bi\u00f3grafa, Eva Celada, en la biograf\u00eda Irene de Grecia, la princesa rebelde, publicada en 2005. <\/p>\n<p>Tras los pasos de Sof\u00eda <\/p>\n<p class=\"\">La vida de la familia real griega cambi\u00f3 tan solo seis meses despu\u00e9s de haber regresado del exilio. El 1 de abril de 1947 fallec\u00eda el rey Jorge y el pr\u00edncipe Pablo, padre de Irene, se convert\u00eda en el nuevo rey de los helenos. Los hijos del nuevo monarca, Constantino, Sof\u00eda e Irene, tuvieron una ni\u00f1ez y adolescencia acomodada entre el palacio real de Atenas y el de Tatoi, a las afueras de la capital, rodeados de m\u00fasica, literatura y naturaleza. Pasaban los veranos en Mon Repos, en la isla de Corf\u00fa, y los inviernos en Falken, en Austria. Durante el a\u00f1o visitaban a sus parientes de otras dinast\u00edas en el Reino Unido, Dinamarca, Noruega y Suecia. <\/p>\n<p><img decoding=\"auto\" class=\"_re lazyload a_m-v\" height=\"541\"  width=\"414\"  src=\"https:\/\/www.europesays.com\/es\/wp-content\/uploads\/2026\/01\/YWG7KE4EAVD33B2DXRWZU6YY7A.jpg\" loading=\"lazy\"\/>La princesa Irene de Grecia, en mayo de 1986, tras recibir el cheque con los beneficios del concierto ofrecido del 16 de abril de ese a\u00f1o, en el Teatro Real, por la Joven Orquesta de la Comunidad Europea, destinado a la fundaci\u00f3n que preside Mundo en Armon\u00eda.PEPE VELASCO (EFE)<\/p>\n<p class=\"\">La hermana de la reina Sof\u00eda empez\u00f3 a tocar el piano por la admiraci\u00f3n que sent\u00eda a m\u00fasicos como Menuhin y Rostrop\u00f3vich. La famosa concertista griega Gina Bachauer fue una de sus maestras. En esos a\u00f1os tambi\u00e9n cultiv\u00f3 su pasi\u00f3n por la arqueolog\u00eda bajo la tutela de Teofanas Arranitopoulou. Particip\u00f3 con su hermana en el descubrimiento de piedras y otros objetos arqueol\u00f3gicos. De esos hallazgos nacieron dos publicaciones, Cer\u00e1micas en Decelia y Miscel\u00e1nea arqueol\u00f3gica.<\/p>\n<p class=\"\">Cuando la princesa Sof\u00eda se fue a estudiar al estricto internado de Salem, en Alemania, su hermana peque\u00f1a la sigui\u00f3. En 1951, con solo 10 a\u00f1os, entr\u00f3 en este exclusivo boarding school dirigido por el profesor Kurt Hahn. Salem se reg\u00eda por un sistema de ense\u00f1anza basado en la doctrina filos\u00f3fica de Plat\u00f3n. All\u00ed todo giraba en torno a la idea de dar responsabilidades a los ni\u00f1os. Las princesas y el resto de las alumnas ten\u00edan que levantarse a las seis y media de la ma\u00f1ana, hacer sus camas y salir al patio a correr y hacer ejercicio f\u00edsico. Se duchaban con agua fr\u00eda, iban a clase y luego realizaban tareas comunitarias como lavar los platos, servir las mesas o pelar patatas. <\/p>\n<p class=\"\">La mayor\u00eda de edad de la princesa Irene fue m\u00e1s turbulenta. En 1962, <a href=\"https:\/\/elpais.com\/gente\/2023-04-23\/juan-carlos-i-y-la-reina-sofia-tres-anos-separados-pero-sin-divorcio-a-la-vista-deber-tradicion-y-dinero.html\" target=\"_blank\" rel=\"noreferrer nofollow noopener\" title=\"https:\/\/elpais.com\/gente\/2023-04-23\/juan-carlos-i-y-la-reina-sofia-tres-anos-separados-pero-sin-divorcio-a-la-vista-deber-tradicion-y-dinero.html\">su hermana se cas\u00f3 con Juan Carlos de Borb\u00f3n <\/a>y abandon\u00f3 Grecia. Dos a\u00f1os despu\u00e9s, su padre, el rey Pablo, falleci\u00f3 a causa de un c\u00e1ncer de est\u00f3mago. En abril de 1967, su hermano, Constantino, el nuevo rey, apoy\u00f3 el golpe de los Coroneles. Meses despu\u00e9s, el joven monarca protagoniz\u00f3 un contragolpe fallido y la familia real tuvo que huir del pa\u00eds. <\/p>\n<p><img decoding=\"auto\" class=\"_re lazyload a_m-h\" height=\"282\"  width=\"414\"  src=\"https:\/\/www.europesays.com\/es\/wp-content\/uploads\/2026\/01\/N6FPWOB2F5CRHOWSGMJEPXZI7A.jpg\" loading=\"lazy\"\/>La familia real griega el d\u00eda del anuncio del compromiso de Juan Carlos con Sof\u00eda, el 12 de septiembre de 1961 en Lausana. Desde la izquierda: la princesa Irene, el pr\u00edncipe Constantino, la reina Federica, don Juan de Borb\u00f3n, do\u00f1a Sof\u00eda y Juan Calos, Pablo I de Grecia y do\u00f1a Mar\u00eda de las Mercedes de Borb\u00f3n y Orleans.Daniele Darolle (Sygma\/Getty Images)<\/p>\n<p class=\"\">Con solo 25 a\u00f1os, Irene volvi\u00f3 al exilio con lo puesto. Esta vez se instal\u00f3 en Roma. \u201cLa princesa utiliz\u00f3 una de sus pasiones, la m\u00fasica, como v\u00eda de escape a la situaci\u00f3n de desarraigo que le toc\u00f3 vivir\u201d, cuenta su bi\u00f3grafa, Eva Celada. Sigui\u00f3 form\u00e1ndose con el violinista y director de orquesta Yehudi Menuhin y se convirti\u00f3 en una concertista casi profesional, tocando por Europa y Estados Unidos. Tambi\u00e9n empez\u00f3 a pasar temporadas en Madr\u00e1s, en el sudeste de la India, con su madre. La reina viuda y su hija peque\u00f1a practicaban la meditaci\u00f3n y el yoga y estudiaban la filosof\u00eda hind\u00fa. \u201cCuando tienes que salvar tu alma, no te importa mucho lo que piensan los otros\u201d, dir\u00eda Irene a\u00f1os despu\u00e9s. <\/p>\n<p class=\"\">La muerte de su padre y la vida en Madr\u00e1s la llevaron a abrazar el veganismo y las causas animalistas. \u201cCuando mi padre muri\u00f3, tuve experiencias espirituales muy fuertes. Era una gracia de Dios, a pesar de su muerte, tener ese consuelo. Pensamos que si Dios puede consolarnos a nosotros en un momento tan grave, \u00bfpor qu\u00e9 nosotras no pod\u00edamos dar ese consuelo a los animales y permitirles vivir?\u201d, explic\u00f3 a Celada. <\/p>\n<p><img decoding=\"auto\" class=\"_re lazyload a_m-h\" height=\"312\"  width=\"414\"  src=\"https:\/\/www.europesays.com\/es\/wp-content\/uploads\/2026\/01\/OYUZBWIGZRGJNF2EFEBUJ6XRTU.jpg\" loading=\"lazy\"\/>El rey Juan Carlos I saluda a su cu\u00f1ada, la princesa Irene de Grecia, quien acudi\u00f3 al aeropuerto de Madr\u00e1s (India) para recibir a los soberanos espa\u00f1oles, en enero de 1982.\u00c1NGEL MILL\u00c1N (EFE)Testigo de la Transici\u00f3n <\/p>\n<p class=\"\">En 1975, tras la<a href=\"https:\/\/elpais.com\/espana\/2025-11-21\/el-50-aniversario-de-la-monarquia-en-imagenes-los-actos-celebrados-del-palacio-real-al-congreso-de-los-diputados.html\" target=\"_blank\" rel=\"noreferrer nofollow noopener\" title=\"https:\/\/elpais.com\/espana\/2025-11-21\/el-50-aniversario-de-la-monarquia-en-imagenes-los-actos-celebrados-del-palacio-real-al-congreso-de-los-diputados.html\"> restauraci\u00f3n de la monarqu\u00eda en Espa\u00f1a<\/a>, Juan Carlos I invit\u00f3 a la princesa Irene y a la reina Federica a vivir en el palacio de La Zarzuela. Les dio el pasaporte espa\u00f1ol y el apellido \u201cDe Grecia\u201d. La hermana de la reina Sof\u00eda decidi\u00f3 quedarse unos a\u00f1os m\u00e1s en la India y se instal\u00f3 definitivamente en Madrid despu\u00e9s de <a href=\"https:\/\/elpais.com\/diario\/1981\/02\/07\/espana\/350348404_850215.html\" target=\"_blank\" rel=\"noreferrer nofollow noopener\" title=\"https:\/\/elpais.com\/diario\/1981\/02\/07\/espana\/350348404_850215.html\">la muerte de su madre, en 1981.<\/a> Federica de Grecia falleci\u00f3 repentinamente tras someterse a una intervenci\u00f3n de p\u00e1rpados. Esa p\u00e9rdida acerc\u00f3 todav\u00eda m\u00e1s a las hermanas. Desde entonces, Irene viv\u00eda en el ala derecha de Zarzuela, donde contaba con una habitaci\u00f3n y un saloncito. All\u00ed falleci\u00f3 este jueves. La reina Sof\u00eda cancel\u00f3 todos sus compromisos y no se movi\u00f3 de su lado hasta el final. <\/p>\n<p class=\"\">Irene fue testigo de excepci\u00f3n de la Transici\u00f3n. El d\u00eda del 23-F estaba nadando en la piscina climatizada del palacio cuando le informaron sobre el golpe de Estado. Pas\u00f3 esa noche con la Familia Real espa\u00f1ola en un sal\u00f3n contiguo al despacho del rey Juan Carlos. \u201cEl golpe fue una experiencia tan fuerte que atenu\u00f3 un poco el duelo por la reciente muerte de mi madre\u201d, admiti\u00f3 a su bi\u00f3grafa. <\/p>\n<p class=\"\">Siempre tuvo una relaci\u00f3n cercana con su cu\u00f1ado, <a href=\"https:\/\/elpais.com\/espana\/2025-10-30\/de-la-relacion-paternofilial-con-franco-al-regalo-arabe-de-100-millones-de-dolares-que-cuenta-en-sus-memorias-juan-carlos-i.html\" target=\"_blank\" rel=\"noreferrer nofollow noopener\" title=\"https:\/\/elpais.com\/espana\/2025-10-30\/de-la-relacion-paternofilial-con-franco-al-regalo-arabe-de-100-millones-de-dolares-que-cuenta-en-sus-memorias-juan-carlos-i.html\">Juan Carlos I<\/a>. \u201cLos dos somos como hermanos. Le puedo decir lo que quiero, \u00e9l me gasta bromas\u2026 Mi padre dec\u00eda que Juan Carlos ten\u00eda una sensibilidad muy especial en situaciones dif\u00edciles, una intuici\u00f3n muy fuerte\u201d, revel\u00f3 a Celada. Cuando esta le pregunt\u00f3 si el Rey hab\u00eda cambiado desde que lleg\u00f3 al trono, ella respondi\u00f3: \u201c\u00c9l sigue siendo un rebelde\u201d. <\/p>\n<p class=\"\">Ella tambi\u00e9n era una rebelde, al menos a los ojos de los de su clase y posici\u00f3n. Nunca ech\u00f3 de menos casarse o tener hijos. \u201cHay gente que tiene la suerte de casarse y otros que tienen la suerte de no casarse. Yo considero la solter\u00eda como mi suerte y mi destino\u201d, dec\u00eda. \u201cNo me quejo por no haber tenido hijos. Yo soy demasiado revolucionaria y me he interesado en muchas cosas\u201d. <\/p>\n<p><img decoding=\"auto\" class=\"_re lazyload a_m-h\" height=\"329\"  width=\"414\"  src=\"https:\/\/www.europesays.com\/es\/wp-content\/uploads\/2026\/01\/SMVWPFXICRC65I5EXHJR35GVGE.jpg\" loading=\"lazy\"\/>Irene de Grecia, en unos ensayos para su debut en el Royal Festival Hall, en Londres, el 16 de junio de 1969.Central Press\/Hulton Archive\/Getty Images<\/p>\n<p class=\"\">Su obra m\u00e1s revolucionaria fue la fundaci\u00f3n Mundo en Armon\u00eda, que cre\u00f3 para enviar los excedentes de alimentos de la Uni\u00f3n Europea a pa\u00edses en desarrollo. Un d\u00eda de 1986, mientras estaba en la India haciendo sus estudios de an\u00e1lisis comparativo entre griegos e hind\u00faes, ley\u00f3 en un peri\u00f3dico que el Gobierno alem\u00e1n estaba sacrificando vacas porque hab\u00eda remanente de leche. Viaj\u00f3 a Europa y descubri\u00f3 que se estaba matando a cuatro millones de animales en el continente. Entonces empez\u00f3 a preguntar si pod\u00eda llev\u00e1rselos a la India, donde se pod\u00eda aprovechar a estos animales para el trabajo en el campo y utilizar su leche. Con la ayuda del rey Juan Carlos, convenci\u00f3 al canciller Helmut Kohl para que Alemania empezara a donar ganado para el primer proyecto de Mundo en Armon\u00eda. <\/p>\n<p class=\"\">Irene de Grecia y Dinamarca, nieta, hija y hermana de reyes, hizo el viaje inaugural de su fundaci\u00f3n a Bangalore con cien vacas. Vol\u00f3 durante 14 horas junto al ganado. El ins\u00f3lito proyecto fue un \u00e9xito y atrajo la atenci\u00f3n de la prensa espa\u00f1ola e internacional. En los siguientes a\u00f1os convenci\u00f3 a ganaderos de Cantabria, Asturias y de otras regiones de Espa\u00f1a y Europa para que donaran ejemplares para los proyectos de Mundo en Armon\u00eda. En los proleg\u00f3menos de la guerra del Golfo, en 1990, las fronteras occidentales de Jordania quedaron cerradas a causa de los preparativos b\u00e9licos. Ella consigui\u00f3 que se transportaran desde la India centenares de vacas con sus cr\u00edas, cuya leche aliment\u00f3 a muchos ni\u00f1os jordanos durante los meses que dur\u00f3 el conflicto. <\/p>\n<p class=\"\">En 2002, sufri\u00f3 un c\u00e1ncer de mama y se someti\u00f3 a un tratamiento de quimioterapia durante seis meses en la cl\u00ednica Ruber de Madrid. \u201cOjal\u00e1 todos los pacientes tuvieran el trato que tuve yo\u201d, reconoci\u00f3 a\u00f1os despu\u00e9s en su biograf\u00eda. Era profundamente religiosa y esot\u00e9rica, pero tambi\u00e9n mostraba gran inter\u00e9s por el ocultismo, la quiromancia, los ovnis y todo lo desconocido. Tras superar la enfermedad, explic\u00f3 a su bi\u00f3grafa: \u201cAquella \u00e9poca [la del c\u00e1ncer] me ense\u00f1\u00f3 que no hay que tener miedo. Las cosas pasan aunque tengas miedo, por lo que es mejor ser positivos, tener fe y aceptar que puedes morir. Hay que estar preparado. Saber que esta vida no lo es todo y que hay otra vida m\u00e1s all\u00e1\u201d.<\/p>\n","protected":false},"excerpt":{"rendered":"Irene de Grecia y Dinamarca, hermana peque\u00f1a de la reina Sof\u00eda, ha muerto este jueves 15 de enero&hellip;\n","protected":false},"author":2,"featured_media":342439,"comment_status":"","ping_status":"","sticky":false,"template":"","format":"standard","meta":{"footnotes":""},"categories":[91],"tags":[146,147,25,24,14501,260,30560,6041,724,1027,11789,23],"class_list":{"0":"post-342438","1":"post","2":"type-post","3":"status-publish","4":"format-standard","5":"has-post-thumbnail","7":"category-entretenimiento","8":"tag-entertainment","9":"tag-entretenimiento","10":"tag-es","11":"tag-espana","12":"tag-felipe-de-borbon-y-grecia","13":"tag-gente","14":"tag-irene-de-grecia","15":"tag-monarquia","16":"tag-obituarios","17":"tag-realeza","18":"tag-reina-sofia","19":"tag-spain"},"share_on_mastodon":{"url":"https:\/\/pubeurope.com\/@es\/115900133538086234","error":""},"_links":{"self":[{"href":"https:\/\/www.europesays.com\/es\/wp-json\/wp\/v2\/posts\/342438","targetHints":{"allow":["GET"]}}],"collection":[{"href":"https:\/\/www.europesays.com\/es\/wp-json\/wp\/v2\/posts"}],"about":[{"href":"https:\/\/www.europesays.com\/es\/wp-json\/wp\/v2\/types\/post"}],"author":[{"embeddable":true,"href":"https:\/\/www.europesays.com\/es\/wp-json\/wp\/v2\/users\/2"}],"replies":[{"embeddable":true,"href":"https:\/\/www.europesays.com\/es\/wp-json\/wp\/v2\/comments?post=342438"}],"version-history":[{"count":0,"href":"https:\/\/www.europesays.com\/es\/wp-json\/wp\/v2\/posts\/342438\/revisions"}],"wp:featuredmedia":[{"embeddable":true,"href":"https:\/\/www.europesays.com\/es\/wp-json\/wp\/v2\/media\/342439"}],"wp:attachment":[{"href":"https:\/\/www.europesays.com\/es\/wp-json\/wp\/v2\/media?parent=342438"}],"wp:term":[{"taxonomy":"category","embeddable":true,"href":"https:\/\/www.europesays.com\/es\/wp-json\/wp\/v2\/categories?post=342438"},{"taxonomy":"post_tag","embeddable":true,"href":"https:\/\/www.europesays.com\/es\/wp-json\/wp\/v2\/tags?post=342438"}],"curies":[{"name":"wp","href":"https:\/\/api.w.org\/{rel}","templated":true}]}}