{"id":342454,"date":"2026-01-15T17:00:11","date_gmt":"2026-01-15T17:00:11","guid":{"rendered":"https:\/\/www.europesays.com\/es\/342454\/"},"modified":"2026-01-15T17:00:11","modified_gmt":"2026-01-15T17:00:11","slug":"el-atalanta-interesado-en-el-fichaje-de-williot-swedberg-jugador-del-celta-de-vigo","status":"publish","type":"post","link":"https:\/\/www.europesays.com\/es\/342454\/","title":{"rendered":"El Atalanta, interesado en el fichaje de Williot Swedberg, jugador del Celta de Vigo"},"content":{"rendered":"<p>    Compartir  <\/p>\n<p class=\"_container_r6ld5_1 _container_1uguc_1 &#10;    color_eta\">El mercado de fichajes del mes de enero ha llegado a su ecuador. Hasta el momento el <strong>Celta de Vigo<\/strong> ha cerrado varias salidas. <a href=\"https:\/\/www.eldesmarque.com\/futbol\/mercado-de-fichajes\/20260108\/celta-vigo-letra-pequena-venta-tadeo-allende-inter-miami_18_018016033.html#utm_source=cuerpo&amp;utm_medium=articulo\" rel=\"nofollow noopener\" target=\"_blank\">Luca de la Torre y Tadeo Allende<\/a>, este \u00faltimo a la espera del anuncio oficial, han sido traspasados a Charlotte FC e Inter de Miami. <a href=\"https:\/\/www.eldesmarque.com\/futbol\/mercado-de-fichajes\/20260111\/claudio-giraldez-justifica-salida-damian-rodriguez-racing-santander_18_018033774.html#utm_source=cuerpo&amp;utm_medium=articulo\" rel=\"nofollow noopener\" target=\"_blank\">Dami\u00e1n Rodr\u00edguez est\u00e1 cedido en el Racing de Santander<\/a> y no se descartan m\u00e1s bajas. <a href=\"https:\/\/www.eldesmarque.com\/futbol\/mercado-de-fichajes\/20260111\/sporting-zaragoza-valladolid-yoel-lago_18_018034209.html#utm_source=cuerpo&amp;utm_medium=articulo\" rel=\"nofollow noopener\" target=\"_blank\">Joseph Aidoo, Yoel Lago y Marc Vidal<\/a> a\u00fan no tienen claro su futuro. Mientras tanto la direcci\u00f3n deportiva trabaja en la llegada de un volante ofensivo siendo Fer L\u00f3pez el gran sue\u00f1o del cuerpo t\u00e9cnico dirigido por <strong>Claudio Gir\u00e1ldez<\/strong>. Operaciones que conviven de forma paralela con los rumores del mercado. El \u00faltimo sit\u00faa a <strong>Williot Swedberg <\/strong>en la <strong>\u00f3rbita del Atalanta de la Serie A<\/strong>.<\/p>\n<p class=\"_container_r6ld5_1 _container_1uguc_1 &#10;    color_eta\">Tal como apunta al portal sueco Fotbolldirekt el equipo de B\u00e9rgamo est\u00e1 interesado en el fichaje del extremo sueco del Celta de Vigo. Hay otro equipo italiano interesado en el atacante del Celta de Vigo, nombrado el mejor futbolista sub 23 de LALIGA el pasado mes de diciembre. Por ahora no ha habido m\u00e1s movimientos. <strong>En A Sede no tienen oferta <\/strong>del Atalanta por uno de sus jugadores m\u00e1s valiosos.<\/p>\n<p>PUEDE INTERESARTE<img decoding=\"async\" alt=\"Williot Swedberg celebra un gol ante el Athletic Club\" class=\"_author_image__full_lbs33_12 _image_thjnc_1\" loading=\"lazy\" title=\"\" src=\"https:\/\/www.europesays.com\/es\/wp-content\/uploads\/2026\/01\/williot-swedberg-celebra-un-gol-ante-el-athletic-club-16-9-aspect-ratio-default-1028895_da39.png\" width=\"1996\" height=\"1123\"  \/>Williot Swedberg celebra un gol ante el Athletic Club. Celta<\/p>\n<p class=\"_container_r6ld5_1 _container_1uguc_1 &#10;    color_eta\">Gianluca Di Marzio, uno de los grandes especialistas en el mercado de fichajes en Italia, apunto hace unos d\u00edas que \u00ab<strong>s\u00e9 que al Atalanta le gusta como jugador para el futuro en la Serie A<\/strong>\u00ab. Una operaci\u00f3n que apunta a poder avanzar en futuros mercados. En el Celta est\u00e1n tranquilos aunque saben que antes del 30 de junio deber\u00e1n realizar una o m\u00e1s ventas para cuadrar el presupuesto anual.<\/p>\n<p>PUEDE INTERESARTE<\/p>\n<p class=\"_container_r6ld5_1 _container_1uguc_1 &#10;    color_eta\">Desde Suecia apuntan a que el Celta pedir\u00eda alrededor de <strong>12 millones de euros<\/strong> por su traspaso. El Hammarby se guard\u00f3 un porcentaje de una futura venta de alrededor del 15 al 20 por ciento. Los vigueses pagaron en su momento 5,5 millones de euros por Williot Swedberg. De ah\u00ed que esa cantidad se antoje muy escasa. <strong>En A Sede el precio de salida del atacante sueco es muy superior a esa cantidad<\/strong>.<\/p>\n<p class=\"_container_r6ld5_1 _container_1uguc_1 &#10;    color_eta\">Eso se debe a que el Celta logr\u00f3 la renovaci\u00f3n de su contrato, que terminaba en junio de 2027, el pasado verano. Con una ficha m\u00e1s alta, un aumento de la cl\u00e1usula de rescisi\u00f3n y una vinculaci\u00f3n hasta junio de 2029 los vigueses no est\u00e1n obligados a realizar una venta de manera urgente. En el club se conf\u00eda en que Williot Swedberg explote definitivamente aumentado en muchos millones su valor de mercado.<\/p>\n","protected":false},"excerpt":{"rendered":"Compartir El mercado de fichajes del mes de enero ha llegado a su ecuador. Hasta el momento el&hellip;\n","protected":false},"author":2,"featured_media":342455,"comment_status":"","ping_status":"","sticky":false,"template":"","format":"standard","meta":{"footnotes":""},"categories":[268],"tags":[168,25,24,280,282,281,23,167],"class_list":{"0":"post-342454","1":"post","2":"type-post","3":"status-publish","4":"format-standard","5":"has-post-thumbnail","7":"category-futbol","8":"tag-deportes","9":"tag-es","10":"tag-espana","11":"tag-football","12":"tag-futbol","13":"tag-soccer","14":"tag-spain","15":"tag-sports"},"share_on_mastodon":{"url":"https:\/\/pubeurope.com\/@es\/115900188341389971","error":""},"_links":{"self":[{"href":"https:\/\/www.europesays.com\/es\/wp-json\/wp\/v2\/posts\/342454","targetHints":{"allow":["GET"]}}],"collection":[{"href":"https:\/\/www.europesays.com\/es\/wp-json\/wp\/v2\/posts"}],"about":[{"href":"https:\/\/www.europesays.com\/es\/wp-json\/wp\/v2\/types\/post"}],"author":[{"embeddable":true,"href":"https:\/\/www.europesays.com\/es\/wp-json\/wp\/v2\/users\/2"}],"replies":[{"embeddable":true,"href":"https:\/\/www.europesays.com\/es\/wp-json\/wp\/v2\/comments?post=342454"}],"version-history":[{"count":0,"href":"https:\/\/www.europesays.com\/es\/wp-json\/wp\/v2\/posts\/342454\/revisions"}],"wp:featuredmedia":[{"embeddable":true,"href":"https:\/\/www.europesays.com\/es\/wp-json\/wp\/v2\/media\/342455"}],"wp:attachment":[{"href":"https:\/\/www.europesays.com\/es\/wp-json\/wp\/v2\/media?parent=342454"}],"wp:term":[{"taxonomy":"category","embeddable":true,"href":"https:\/\/www.europesays.com\/es\/wp-json\/wp\/v2\/categories?post=342454"},{"taxonomy":"post_tag","embeddable":true,"href":"https:\/\/www.europesays.com\/es\/wp-json\/wp\/v2\/tags?post=342454"}],"curies":[{"name":"wp","href":"https:\/\/api.w.org\/{rel}","templated":true}]}}