{"id":342456,"date":"2026-01-15T17:01:13","date_gmt":"2026-01-15T17:01:13","guid":{"rendered":"https:\/\/www.europesays.com\/es\/342456\/"},"modified":"2026-01-15T17:01:13","modified_gmt":"2026-01-15T17:01:13","slug":"ana-rosa-recibe-una-sorpresa-inolvidable-por-su-70-cumpleanos-estoy-supercontenta","status":"publish","type":"post","link":"https:\/\/www.europesays.com\/es\/342456\/","title":{"rendered":"Ana Rosa recibe una sorpresa inolvidable por su 70 cumplea\u00f1os: \u00abEstoy supercontenta\u00bb"},"content":{"rendered":"<p id=\"eEScxnWkdwO\" data-wc=\"99\"><strong>Ana Rosa Quintana<\/strong> celebr\u00f3 este lunes su <a class=\"hm-link ho-link\" href=\"https:\/\/www.hola.com\/actualidad\/20260112877338\/ana-rosa-quintana-cumple-70\/\" data-mrf-recirculation=\"article-body-link\" rel=\"nofollow noopener\" target=\"_blank\">70 cumplea\u00f1os<\/a> sin imaginar la sorpresa que le ten\u00eda preparada su sobrino Kike. El colaborador televisivo, que anunci\u00f3 el pasado 31 de octubre que ser\u00eda padre, ha decidido que la presentadora sea la madrina de su futura hija, una ni\u00f1a muy deseada que nacer\u00e1 en febrero y llevar\u00e1 el nombre de Candela. \u00ab<strong>Estoy supercontenta<\/strong>\u00ab, confes\u00f3 emocionada. Con este gesto, Ana Rosa suma un nuevo ahijado a su lista, en la que ya figuran <a class=\"hm-link ho-link\" href=\"https:\/\/www.hola.com\/actualidad\/2015091280944\/bautizo-hijo-joaquin-prat\/\" data-mrf-recirculation=\"article-body-link\" rel=\"nofollow noopener\" target=\"_blank\">Joaqu\u00edn, el hijo de Joaqu\u00edn Prat<\/a> y Yolanda Bravo, y <a class=\"hm-link ho-link\" href=\"https:\/\/www.hola.com\/actualidad\/2016112089821\/alessandro-lequio-bautiza-a-su-hija-en-roma\/\" data-mrf-recirculation=\"article-body-link\" rel=\"nofollow noopener\" target=\"_blank\">Ena, la hija de Alessandro Lequio y Mar\u00eda Palacios<\/a>.<\/p>\n<p> <img src=\"https:\/\/www.europesays.com\/es\/wp-content\/uploads\/2026\/01\/56836dc25c74-615970254183775665281595842509380427554234536n.jpg\"   width=\"1080\" height=\"1080\" loading=\"lazy\" decoding=\"async\" alt=\"Ana Rosa Quintana con Kike, su sobrino favorito\" fetchpriority=\"auto\" class=\"image ho-image\"\/>\u00a9 kikequintanalamelasAna Rosa Quintana con Kike, su sobrino favorito<\/p>\n<p id=\"esUyO4rqZq\" data-wc=\"126\">Aunque la mayor ilusi\u00f3n de Ana Rosa ser\u00eda convertirse en abuela, de momento, tendr\u00e1 que conformarse con ser t\u00eda abuela, una faceta personal que disfrutar\u00e1 al m\u00e1ximo, pues adora a su sobrino <a class=\"hm-link ho-link\" href=\"https:\/\/www.hola.com\/actualidad\/20230922239803\/ana-rosa-quintana-hermano-sobrino\/\" data-mrf-recirculation=\"article-body-link\" rel=\"nofollow noopener\" target=\"_blank\">Kike, hijo de su \u00fanico hermano, Enrique Quintana<\/a>, que es siete a\u00f1os mayor que ella. \u00abKike es el primero que naci\u00f3, hemos tenido siempre una relaci\u00f3n muy especial. Lo sigo cuidando. Lo tengo muy consentido\u00bb, desvel\u00f3 la presentadora. Adem\u00e1s, est\u00e1 convencida de que ser\u00e1 un gran padre porque es \u00abmuy cari\u00f1oso y muy familiar\u00bb. El colaborador, por su parte, se lleva tan bien con su t\u00eda que la considera \u00abuna segunda madre\u00bb. \u00abHay veces que le pregunto a ella antes las cosas que a mis padres porque para m\u00ed su opini\u00f3n me importa\u00bb, asegur\u00f3.\u00a0<\/p>\n<p> <img src=\"https:\/\/www.europesays.com\/es\/wp-content\/uploads\/2026\/01\/383fc19c6e39-kike-quintana1.jpg\"   width=\"1024\" height=\"1024\" loading=\"lazy\" decoding=\"async\" alt=\"Kike Quintana con su padre Enrique, hermano de Ana Rosa\" fetchpriority=\"auto\" class=\"image ho-image\"\/>\u00a9 kikequintanalamelasKike Quintana con su padre Enrique, hermano de Ana Rosa<\/p>\n<p id=\"e8fWitGXtn\" data-wc=\"95\">La inminente paternidad de Kike y su mujer Cristina llega un a\u00f1o despu\u00e9s de su boda. <a class=\"hm-link ho-link\" href=\"https:\/\/www.hola.com\/actualidad\/20240907717020\/ana-rosa-quintana-boda-sobrino-kike\/\" data-mrf-recirculation=\"article-body-link\" rel=\"nofollow noopener\" target=\"_blank\">La pareja se cas\u00f3 el 7 de septiembre de 2024<\/a> en el Ayuntamiento de Alcobendas, en una sencilla ceremonia a la que asisti\u00f3 su querida mascota. \u00abHa sido muy bonito. Me he sentido el novio m\u00e1s afortunado del mundo, no hay ninguna mujer como ella\u00bb, declar\u00f3 el colaborador tras pronunciar el \u00abs\u00ed, quiero\u00bb. \u00abCuando he visto a Kike vestido de novio, no he sentido ninguna duda porque es el amor de mi vida\u00bb, expres\u00f3 Cristina m\u00e1s enamorada que nunca. \u00a0<\/p>\n<p> <img src=\"https:\/\/www.europesays.com\/es\/wp-content\/uploads\/2025\/11\/d926d1a7a7bf-image0.jpg\"   width=\"1024\" height=\"672\" loading=\"lazy\" decoding=\"async\" alt=\"Ana Rosa Quintana, Kike Quintana\" fetchpriority=\"auto\" class=\"image ho-image\"\/>\u00a9 Laura PerisAna Rosa Quintana, muy feliz en la boda de su sobrino Kike, celebrada el 7 de septiembre de 2024 en Madrid<\/p>\n<p id=\"eT8zVC_5N8-\" data-wc=\"31\">Ana Rosa, por su parte, se mostr\u00f3 muy emocionada por la boda: \u00ab<strong>Siempre lloro, es el primer sobrino que se casa. Estoy content\u00edsima porque se lo merece. Se merece ser feliz<\/strong>\u00ab.<\/p>\n<p> <img src=\"https:\/\/www.europesays.com\/es\/wp-content\/uploads\/2025\/11\/6aed57749d76-458744712184603701070280561341289466446878688n.jpg\"   width=\"953\" height=\"1024\" loading=\"lazy\" decoding=\"async\" alt=\"Kike Quintana, Ana Rosa Quintana \" fetchpriority=\"auto\" class=\"image ho-image\"\/>\u00a9 rociogaKike Quintana, el d\u00eda de su boda con Cristina, la mujer de su vida<\/p>\n<p data-wc=\"55\" id=\"eliioocjOJg\">La periodista disfrutar\u00e1 del beb\u00e9 de su sobrino mientras espera con ilusi\u00f3n que su primog\u00e9nito, <strong>\u00c1lvaro Rojo<\/strong>, le de un nieto, ya que los mellizos Juan y Jaime todav\u00eda son muy peque\u00f1os. \u00ab<strong>La noticia que me gustar\u00eda dar es que voy a ser abuela, pero de momento no<\/strong>\u00ab, ha confesado en m\u00e1s de una ocasi\u00f3n.\u00a0<\/p>\n<p> <img src=\"https:\/\/www.europesays.com\/es\/wp-content\/uploads\/2026\/01\/21f645275430-europapress5684464alvarorojollegadarestaurante12enero2024madridespana.jpg\"   width=\"682\" height=\"1024\" loading=\"lazy\" decoding=\"async\" alt=\"\u00c1lvaro Rojo a su llegada al restaurante, a 12 de enero de 2024, en Madrid (Espa\u00f1a)\" fetchpriority=\"auto\" class=\"image ho-image\"\/>\u00a9 Europa Press\u00c1lvaro Rojo, primog\u00e9nito de Ana Rosa Quintana<\/p>\n<p id=\"eZ4OlV486I\" data-wc=\"95\">Cabe recordar que el hijo mayor de Ana Rosa, de 39 a\u00f1os, se cas\u00f3 el pasado 21 de junio en una ceremonia tan discreta que la identidad de la novia sigue siendo un misterio. Era su segunda boda y decidi\u00f3 celebrarla en la m\u00e1s estricta intimidad, de manera totalmente distinta a la primera. En 2016 contrajo matrimonio con la psic\u00f3loga Ana Villarubia, de quien se separ\u00f3 en 2023. Fue la propia presentadora quien confirm\u00f3 la ruptura en pleno directo, al referirse en pasado a su faceta como suegra, una frase que dio mucho que hablar.<\/p>\n","protected":false},"excerpt":{"rendered":"Ana Rosa Quintana celebr\u00f3 este lunes su 70 cumplea\u00f1os sin imaginar la sorpresa que le ten\u00eda preparada su&hellip;\n","protected":false},"author":2,"featured_media":342457,"comment_status":"","ping_status":"","sticky":false,"template":"","format":"standard","meta":{"footnotes":""},"categories":[174],"tags":[517,880,255,146,147,25,24,256,23],"class_list":{"0":"post-342456","1":"post","2":"type-post","3":"status-publish","4":"format-standard","5":"has-post-thumbnail","7":"category-famosos","8":"tag-actualidad","9":"tag-ana-rosa-quintana","10":"tag-celebrities","11":"tag-entertainment","12":"tag-entretenimiento","13":"tag-es","14":"tag-espana","15":"tag-famosos","16":"tag-spain"},"share_on_mastodon":{"url":"https:\/\/pubeurope.com\/@es\/115900192270270153","error":""},"_links":{"self":[{"href":"https:\/\/www.europesays.com\/es\/wp-json\/wp\/v2\/posts\/342456","targetHints":{"allow":["GET"]}}],"collection":[{"href":"https:\/\/www.europesays.com\/es\/wp-json\/wp\/v2\/posts"}],"about":[{"href":"https:\/\/www.europesays.com\/es\/wp-json\/wp\/v2\/types\/post"}],"author":[{"embeddable":true,"href":"https:\/\/www.europesays.com\/es\/wp-json\/wp\/v2\/users\/2"}],"replies":[{"embeddable":true,"href":"https:\/\/www.europesays.com\/es\/wp-json\/wp\/v2\/comments?post=342456"}],"version-history":[{"count":0,"href":"https:\/\/www.europesays.com\/es\/wp-json\/wp\/v2\/posts\/342456\/revisions"}],"wp:featuredmedia":[{"embeddable":true,"href":"https:\/\/www.europesays.com\/es\/wp-json\/wp\/v2\/media\/342457"}],"wp:attachment":[{"href":"https:\/\/www.europesays.com\/es\/wp-json\/wp\/v2\/media?parent=342456"}],"wp:term":[{"taxonomy":"category","embeddable":true,"href":"https:\/\/www.europesays.com\/es\/wp-json\/wp\/v2\/categories?post=342456"},{"taxonomy":"post_tag","embeddable":true,"href":"https:\/\/www.europesays.com\/es\/wp-json\/wp\/v2\/tags?post=342456"}],"curies":[{"name":"wp","href":"https:\/\/api.w.org\/{rel}","templated":true}]}}