{"id":342458,"date":"2026-01-15T17:02:08","date_gmt":"2026-01-15T17:02:08","guid":{"rendered":"https:\/\/www.europesays.com\/es\/342458\/"},"modified":"2026-01-15T17:02:08","modified_gmt":"2026-01-15T17:02:08","slug":"muere-francisco-daroca-figura-clave-de-la-reciente-arquitectura-cordobesa","status":"publish","type":"post","link":"https:\/\/www.europesays.com\/es\/342458\/","title":{"rendered":"Muere Francisco Daroca, figura clave de la reciente arquitectura cordobesa"},"content":{"rendered":"<p style=\"\">El <strong>Colegio Oficial de Arquitectos de C\u00f3rdoba<\/strong> ha confirmado el fallecimiento del que fuera <strong>decano de la instituci\u00f3n<\/strong> entre 2002 y 2005, <strong>Francisco Daroca<\/strong> Bru\u00f1o. Doctor en Arquitectura, acad\u00e9mico correspondiente de la Real Academia de Bellas Artes de San Fernando, ejerci\u00f3 como  &#8230; profesor de Proyectos Arquitect\u00f3nicos de la Universidad de Sevilla, fue Patrono de la Fundaci\u00f3n Arquitectura Contempor\u00e1nea, miembro de grupo investigador HUM-632 de la Universidad de Sevilla.<\/p>\n<p class=\"voc-p\" style=\"\">Adem\u00e1s, dirigi\u00f3 el Plan Especial de Protecci\u00f3n del Conjunto Hist\u00f3rico de C\u00f3rdoba. Daroca public\u00f3 numerosas investigaciones sobre la arquitectura contempor\u00e1nea de C\u00f3rdoba. Es coautor de la &#8216;Gu\u00eda de Arquitectura de C\u00f3rdoba&#8217;, autor de la&#8217; Gu\u00eda C\u00f3rdoba Contempor\u00e1nea&#8217;, coautor de los libros Rafael de La-Hoz, arquitecto y Jos\u00e9 Rebollo Dicenta, arquitecto, adem\u00e1s del libro C\u00f3rdoba 1950. <strong>Rafael de La-Hoz<\/strong> como motor de la modernidad, fruto de la tesis doctoral que realiz\u00f3 sobre la <a href=\"https:\/\/www.abc.es\/espana\/andalucia\/cordoba\/cordoba-cierra-ano-cultural-pleno-exposiciones-20241229081552-nts.html\" target=\"_self\" data-voc-vtm-id=\"in-text-traffic\" title=\"figura del arquitecto.\" rel=\"nofollow noopener\">figura del arquitecto.<\/a><\/p>\n<p class=\"voc-p\" style=\"\">Su obra arquitect\u00f3nica fue reconocida con <strong>tres premios de Arquitectura <\/strong><strong>F\u00e9lix Hern\u00e1ndez<\/strong> del Colegio de Arquitectos de C\u00f3rdoba: en el a\u00f1o 1991, por el proyecto de 175 viviendas en Las Palmeras, junto a los arquitectos Jos\u00e9 D\u00edaz L\u00f3pez, Ricardo Mu\u00f1oz Molina y Rafael Valverde Abril; en 1996 por el proyecto de 12 viviendas en r\u00e9gimen de Autoconstrucci\u00f3n en San Sebasti\u00e1n de los Ballesteros, junto a Jos\u00e9 D\u00edaz L\u00f3pez; y por la adaptaci\u00f3n de local a farmacia en la Avenida Guerrita, 11. <\/p>\n<p class=\"voc-p\" style=\"\">Adem\u00e1s, en 2016 obtuvo un acc\u00e9sit por su trabajo para la <strong>Nueva Sede de la Asamblea Provincial de Cruz Roja de C\u00f3rdoba<\/strong>. El decano del Colegio de Arquitectos de C\u00f3rdoba, Juan Eusebio Benito, ha querido destacar el papel de Francisco Daroca en \u00abla puesta en valor de la <strong>arquitectura contempor\u00e1nea cordobesa<\/strong>, a trav\u00e9s de su obra como arquitecto, pero tambi\u00e9n de su <a href=\"https:\/\/www.abc.es\/espana\/andalucia\/cordoba\/regreso-cordoba-rafael-lahoz-chale-canals-camara-20241220121206-nts.html\" target=\"_self\" data-voc-vtm-id=\"in-text-traffic\" title=\"labor investigadora\" rel=\"nofollow noopener\">labor investigadora<\/a> y divulgadora y de su relevante etapa de representaci\u00f3n institucional al frente del COACo\u00bb. <\/p>\n<p class=\"voc-p\" style=\"\">Benito ha se\u00f1alado \u00abla calidad de su trabajo como arquitecto, su cercan\u00eda como compa\u00f1ero y su capacidad para reflexionar en torno al papel de la arquitectura como herramienta para <strong>mejorar las condiciones de vida<\/strong> de los ciudadanos\u00bb. <\/p>\n","protected":false},"excerpt":{"rendered":"El Colegio Oficial de Arquitectos de C\u00f3rdoba ha confirmado el fallecimiento del que fuera decano de la instituci\u00f3n&hellip;\n","protected":false},"author":2,"featured_media":342459,"comment_status":"","ping_status":"","sticky":false,"template":"","format":"standard","meta":{"footnotes":""},"categories":[173],"tags":[801,229,233,231,230,12554,1648,19698,232,234,146,147,25,24,20670,11826,8938,23],"class_list":["post-342458","post","type-post","status-publish","format-standard","has-post-thumbnail","category-arte-y-diseno","tag-arquitectura","tag-arte","tag-arte-y-diseno","tag-arts","tag-arts-and-design","tag-clave","tag-cordobesa","tag-daroca","tag-design","tag-diseno","tag-entertainment","tag-entretenimiento","tag-es","tag-espana","tag-figura","tag-francisco","tag-muere","tag-spain"],"share_on_mastodon":{"url":"https:\/\/pubeurope.com\/@es\/115900195949791343","error":""},"_links":{"self":[{"href":"https:\/\/www.europesays.com\/es\/wp-json\/wp\/v2\/posts\/342458","targetHints":{"allow":["GET"]}}],"collection":[{"href":"https:\/\/www.europesays.com\/es\/wp-json\/wp\/v2\/posts"}],"about":[{"href":"https:\/\/www.europesays.com\/es\/wp-json\/wp\/v2\/types\/post"}],"author":[{"embeddable":true,"href":"https:\/\/www.europesays.com\/es\/wp-json\/wp\/v2\/users\/2"}],"replies":[{"embeddable":true,"href":"https:\/\/www.europesays.com\/es\/wp-json\/wp\/v2\/comments?post=342458"}],"version-history":[{"count":0,"href":"https:\/\/www.europesays.com\/es\/wp-json\/wp\/v2\/posts\/342458\/revisions"}],"wp:featuredmedia":[{"embeddable":true,"href":"https:\/\/www.europesays.com\/es\/wp-json\/wp\/v2\/media\/342459"}],"wp:attachment":[{"href":"https:\/\/www.europesays.com\/es\/wp-json\/wp\/v2\/media?parent=342458"}],"wp:term":[{"taxonomy":"category","embeddable":true,"href":"https:\/\/www.europesays.com\/es\/wp-json\/wp\/v2\/categories?post=342458"},{"taxonomy":"post_tag","embeddable":true,"href":"https:\/\/www.europesays.com\/es\/wp-json\/wp\/v2\/tags?post=342458"}],"curies":[{"name":"wp","href":"https:\/\/api.w.org\/{rel}","templated":true}]}}