{"id":342466,"date":"2026-01-15T17:07:08","date_gmt":"2026-01-15T17:07:08","guid":{"rendered":"https:\/\/www.europesays.com\/es\/342466\/"},"modified":"2026-01-15T17:07:08","modified_gmt":"2026-01-15T17:07:08","slug":"david-costas-2028-real-oviedo","status":"publish","type":"post","link":"https:\/\/www.europesays.com\/es\/342466\/","title":{"rendered":"David Costas, 2028 | Real Oviedo"},"content":{"rendered":"<p>El Real Oviedo y David Costas han llegado a un acuerdo para prolongar la vinculaci\u00f3n del central gallego con la entidad carbayona hasta junio de 2028. De este modo, el Club asegura la continuidad de uno de los capitanes del equipo y de un futbolista clave en el presente y el futuro del conjunto azul.<\/p>\n<p>\u00a0<\/p>\n<p>A sus 30 a\u00f1os, David Costas se ha consolidado como uno de los referentes del vestuario oviedista y como uno de los l\u00edderes de la zaga. Capit\u00e1n del equipo y ejemplo dentro y fuera del terreno de juego, el de Chapela ha demostrado en cada temporada su compromiso, rendimiento y sentimiento por el Real Oviedo, un Club que ya considera el de su vida.<\/p>\n<p>\u00a0<\/p>\n<p>Formado en las categor\u00edas inferiores del Chapela, David Costas dio el salto al f\u00fatbol profesional de la mano del RC Celta de Vigo, con el que debut\u00f3 en la m\u00e1xima categor\u00eda del f\u00fatbol espa\u00f1ol. Su progresi\u00f3n le llev\u00f3 a asentarse en el primer equipo celtista, adem\u00e1s de vivir experiencias en clubes como el RCD Mallorca, el Bar\u00e7a B y la UD Almer\u00eda, antes de iniciar su primera etapa en el Real Oviedo.<\/p>\n<p>\u00a0<\/p>\n<p>En su regreso al Carlos Tartiere, David Costas ha crecido hasta convertirse en una pieza imprescindible. Desde entonces ha superado los 150 partidos oficiales con la el\u00e1stica azul, aportando solidez defensiva, liderazgo, jerarqu\u00eda, salida de bal\u00f3n y un gran dominio del juego a\u00e9reo. Su rendimiento ha sido determinante en el ascenso a Primera Divisi\u00f3n y est\u00e1 siendo uno de los futbolistas m\u00e1s reconocidos en el regreso del equipo a la \u00e9lite del f\u00fatbol espa\u00f1ol.<\/p>\n<p>\u00a0<\/p>\n<p>David Costas ha elegido seguir creciendo junto al Real Oviedo, defendiendo unos colores que siente como suyos y un Club al que se ha entregado desde el primer d\u00eda. Su continuidad simboliza la identidad, la ambici\u00f3n y el orgullo de un oviedismo que se reconoce en un futbolista que entiende lo que significa vestir la camiseta azul.<\/p>\n<p>\u00a0<\/p>\n","protected":false},"excerpt":{"rendered":"El Real Oviedo y David Costas han llegado a un acuerdo para prolongar la vinculaci\u00f3n del central gallego&hellip;\n","protected":false},"author":2,"featured_media":342467,"comment_status":"","ping_status":"","sticky":false,"template":"","format":"standard","meta":{"footnotes":""},"categories":[93],"tags":[168,25,24,23,167],"class_list":{"0":"post-342466","1":"post","2":"type-post","3":"status-publish","4":"format-standard","5":"has-post-thumbnail","7":"category-deportes","8":"tag-deportes","9":"tag-es","10":"tag-espana","11":"tag-spain","12":"tag-sports"},"share_on_mastodon":{"url":"https:\/\/pubeurope.com\/@es\/115900215731041798","error":""},"_links":{"self":[{"href":"https:\/\/www.europesays.com\/es\/wp-json\/wp\/v2\/posts\/342466","targetHints":{"allow":["GET"]}}],"collection":[{"href":"https:\/\/www.europesays.com\/es\/wp-json\/wp\/v2\/posts"}],"about":[{"href":"https:\/\/www.europesays.com\/es\/wp-json\/wp\/v2\/types\/post"}],"author":[{"embeddable":true,"href":"https:\/\/www.europesays.com\/es\/wp-json\/wp\/v2\/users\/2"}],"replies":[{"embeddable":true,"href":"https:\/\/www.europesays.com\/es\/wp-json\/wp\/v2\/comments?post=342466"}],"version-history":[{"count":0,"href":"https:\/\/www.europesays.com\/es\/wp-json\/wp\/v2\/posts\/342466\/revisions"}],"wp:featuredmedia":[{"embeddable":true,"href":"https:\/\/www.europesays.com\/es\/wp-json\/wp\/v2\/media\/342467"}],"wp:attachment":[{"href":"https:\/\/www.europesays.com\/es\/wp-json\/wp\/v2\/media?parent=342466"}],"wp:term":[{"taxonomy":"category","embeddable":true,"href":"https:\/\/www.europesays.com\/es\/wp-json\/wp\/v2\/categories?post=342466"},{"taxonomy":"post_tag","embeddable":true,"href":"https:\/\/www.europesays.com\/es\/wp-json\/wp\/v2\/tags?post=342466"}],"curies":[{"name":"wp","href":"https:\/\/api.w.org\/{rel}","templated":true}]}}