{"id":342474,"date":"2026-01-15T17:11:09","date_gmt":"2026-01-15T17:11:09","guid":{"rendered":"https:\/\/www.europesays.com\/es\/342474\/"},"modified":"2026-01-15T17:11:09","modified_gmt":"2026-01-15T17:11:09","slug":"ugt-presenta-el-estudio-empleo-tecnologico-en-el-mercado-laboral-espanol-2026","status":"publish","type":"post","link":"https:\/\/www.europesays.com\/es\/342474\/","title":{"rendered":"UGT presenta el estudio \u2018Empleo tecnol\u00f3gico en el mercado laboral espa\u00f1ol 2026\u2019"},"content":{"rendered":"<p>La Uni\u00f3n General de Trabajadoras y Trabajadores (UGT) ha presentado el estudio \u2018Empleo tecnol\u00f3gico en el mercado laboral espa\u00f1ol 2026\u2019, un riguroso an\u00e1lisis que desmonta muchos de los t\u00f3picos que rodean al empleo TIC y STEM en Espa\u00f1a.<\/p>\n<p>En un contexto marcado por la digitalizaci\u00f3n y la irrupci\u00f3n de la inteligencia artificial, el informe pone cifras a una realidad mucho menos optimista de la que suele difundirse desde el \u00e1mbito empresarial.<\/p>\n<p><strong>Un frenazo al empleo tecnol\u00f3gico<\/strong><\/p>\n<p>El estudio constata que, aunque el empleo tecnol\u00f3gico creci\u00f3 con fuerza entre 2020 y 2025 y ya supera el mill\u00f3n de personas ocupadas, su protagonismo es reducido en comparaci\u00f3n con otras actividades econ\u00f3micas ya asentadas. Entre 2024 y 2025 se ha producido un preocupante frenazo, con una ca\u00edda interanual del 4,5%. Este estancamiento aleja a Espa\u00f1a de los objetivos europeos previstos para el final de la d\u00e9cada, que exigen crear cerca de un mill\u00f3n de empleos tecnol\u00f3gicos antes de 2030.<\/p>\n<p>Asimismo, el informe revela que el porcentaje de empresas con 10 o m\u00e1s empleados que cuentan con expertos en TIC ha descendido un 16% desde 2018, por lo que el empleo tecnol\u00f3gico no se extiende de forma capilar al conjunto del tejido productivo. \u00a0Menos de un 2% de las microempresas espa\u00f1olas contrata a un especialista en TIC, y disciplinas clave como la inteligencia artificial o la ciberseguridad apenas est\u00e1n presentes en las plantillas. M\u00e1s all\u00e1 del frenazo al empleo tech, Espa\u00f1a lidera el desempleo tecnol\u00f3gico en la UE, concentrando a uno de cada cuatro desempleados europeos con formaci\u00f3n en TIC.<\/p>\n<p>El estudio tambi\u00e9n desmiente la narrativa sobre el rol del ecosistema startup, empresas tecnol\u00f3gicas emergentes y los llamados unicornios, cuyo impacto real es residual: el empleo que crean estos unicornios representa un 0,1% del total.\u00a0<\/p>\n<p><strong>Los salarios del empleo tecnol\u00f3gico pierden poder adquisitivo<\/strong><\/p>\n<p>En materia salarial y de condiciones laborales, el diagn\u00f3stico es igualmente preocupante. Mientras la cifra de negocios del sector TIC entre 2021 y 2023 ha crecido m\u00e1s en un 21%, los salarios han perdido poder adquisitivo: han aumentado un 6,2% frente al 15,3% de incremento del IPC. La precarizaci\u00f3n, la falta de formaci\u00f3n continua o las limitaciones al teletrabajo dificultan la retenci\u00f3n del talento y alimentan la emigraci\u00f3n de profesionales cualificados.<\/p>\n<p>Para UGT, los datos del informe confirman que, de mantenerse las actuales din\u00e1micas de empleo, salarios y condiciones laborales, Espa\u00f1a no alcanzar\u00e1 los objetivos marcados por la Uni\u00f3n Europea y seguir\u00e1 perdiendo talento tecnol\u00f3gico, con efectos negativos sobre la competitividad y la sostenibilidad de la econom\u00eda.<\/p>\n<p><a href=\"https:\/\/www.ugt.es\/sites\/default\/files\/empleo_tecnologico_mercado_espanol.pdf\" rel=\"nofollow noopener\" target=\"_blank\">Consulta y descarga el informe completo aqu\u00ed.<\/a><\/p>\n<p>\u00a0<\/p>\n<p>\u00a0<\/p>\n<p class=\"rtecenter\"><a href=\"https:\/\/www.ugt.es\/ficha-de-afiliacion\" target=\"_blank\" rel=\"nofollow noopener\"><img decoding=\"async\" src=\"https:\/\/www.europesays.com\/es\/wp-content\/uploads\/2025\/09\/ugt_afiliate_ok.jpeg\" width=\"333\" height=\"130\" loading=\"lazy\"\/><\/a><\/p>\n","protected":false},"excerpt":{"rendered":"La Uni\u00f3n General de Trabajadoras y Trabajadores (UGT) ha presentado el estudio \u2018Empleo tecnol\u00f3gico en el mercado laboral&hellip;\n","protected":false},"author":2,"featured_media":342475,"comment_status":"","ping_status":"","sticky":false,"template":"","format":"standard","meta":{"footnotes":""},"categories":[80],"tags":[82,95,94,25,24,23],"class_list":{"0":"post-342474","1":"post","2":"type-post","3":"status-publish","4":"format-standard","5":"has-post-thumbnail","7":"category-economia","8":"tag-business","9":"tag-economia","10":"tag-economy","11":"tag-es","12":"tag-espana","13":"tag-spain"},"share_on_mastodon":{"url":"https:\/\/pubeurope.com\/@es\/115900231580283758","error":""},"_links":{"self":[{"href":"https:\/\/www.europesays.com\/es\/wp-json\/wp\/v2\/posts\/342474","targetHints":{"allow":["GET"]}}],"collection":[{"href":"https:\/\/www.europesays.com\/es\/wp-json\/wp\/v2\/posts"}],"about":[{"href":"https:\/\/www.europesays.com\/es\/wp-json\/wp\/v2\/types\/post"}],"author":[{"embeddable":true,"href":"https:\/\/www.europesays.com\/es\/wp-json\/wp\/v2\/users\/2"}],"replies":[{"embeddable":true,"href":"https:\/\/www.europesays.com\/es\/wp-json\/wp\/v2\/comments?post=342474"}],"version-history":[{"count":0,"href":"https:\/\/www.europesays.com\/es\/wp-json\/wp\/v2\/posts\/342474\/revisions"}],"wp:featuredmedia":[{"embeddable":true,"href":"https:\/\/www.europesays.com\/es\/wp-json\/wp\/v2\/media\/342475"}],"wp:attachment":[{"href":"https:\/\/www.europesays.com\/es\/wp-json\/wp\/v2\/media?parent=342474"}],"wp:term":[{"taxonomy":"category","embeddable":true,"href":"https:\/\/www.europesays.com\/es\/wp-json\/wp\/v2\/categories?post=342474"},{"taxonomy":"post_tag","embeddable":true,"href":"https:\/\/www.europesays.com\/es\/wp-json\/wp\/v2\/tags?post=342474"}],"curies":[{"name":"wp","href":"https:\/\/api.w.org\/{rel}","templated":true}]}}