{"id":342478,"date":"2026-01-15T17:13:16","date_gmt":"2026-01-15T17:13:16","guid":{"rendered":"https:\/\/www.europesays.com\/es\/342478\/"},"modified":"2026-01-15T17:13:16","modified_gmt":"2026-01-15T17:13:16","slug":"villarejo-niega-que-apunalase-a-la-doctora-pinto-y-asegura-que-el-empresario-lopez-madrid-no-le-encargo-hostigarla-rtve-es","status":"publish","type":"post","link":"https:\/\/www.europesays.com\/es\/342478\/","title":{"rendered":"Villarejo niega que apu\u00f1alase a la doctora Pinto y asegura que el empresario L\u00f3pez Madrid no le encarg\u00f3 hostigarla &#8211; RTVE.es"},"content":{"rendered":"<ol>\n<li><a href=\"https:\/\/news.google.com\/rss\/articles\/CBMi4gFBVV95cUxQcEpxSVRDaTlrWWlKR09PZGgtd29KRk56bVd5TDhtT2U1bzN4YzBsRU00clpZYTJSSFpMbFdIWlZtcGZXdG5IdGNLZWhjd2ZWVldpRHJVaEM3dnhHSlVXSkhMbzVtUHlhWVdEVTA0OVlQRmFiWDdrM0JhX3Q1cTFfZFZIOE0xYmFib0R5eGZxZE9vZ1YzTkV0d080VURMR1NaZG43T0ZJdm93MFk2bnZfTkhOcmhLX2k5MXFNR0tFT3NHYUQ5TFc2TE9GU0hfN1BSTWdXT0JsajlUdkgxLV9DTS1n0gHiAUFVX3lxTE9wTWw1VjZQSnBReE8wZmNvcERVb3YyVHJSaDVRXy0yWUdKYlpESldDLTRxeVRVSXhGMGd5ZmZtMUdmSUZhYjJ3a00tSWU4TldvU2xSaEtsVkltNUxBTnh2NkpBZVNQUTFGS1lfeEhWcDJDN0VBQ3FUSXBpSGFBZWtfMlN3c2FpQXNsMGcyNm5WLTRxY2MydEtQWTRjV081MlRNdldvcTJRWlRBaXE0MHhab1otTG9PbkZ6MUJrRWk5NXZXUTUzQ0tCWl8xOFl0WExQeHB1UjlvdGsxc0xTbWlFRmc?oc=5\" target=\"_blank\" rel=\"nofollow noopener\">Villarejo niega que apu\u00f1alase a la doctora Pinto y asegura que el empresario L\u00f3pez Madrid no le encarg\u00f3 hostigarla<\/a>&nbsp;&nbsp;RTVE.es<\/li>\n<li><a href=\"https:\/\/news.google.com\/rss\/articles\/CBMi3wFBVV95cUxOcnFPT0tFVVVtUHhCT09CQUxPcFVBVk9TWXZSejNmN1dFWllfZm9QaGpaMEhrRHpRM0Y3U0dtak5MR2hZMkdjSEc5ZjVET3NPRXJ5aWxXbVNtY0lmOGZqaG1BOU4yN281RVhoRVpFbjFxVE5pY0xab0VZRmtfRzB5eGc0QzJlZGtrSnFva28tLWtGTmN3RmZydEpmSWNrWjRmZ3I3aTVDcGJRLXpLRGhZWjYxb2tTQW1jQlM5aVY4NGFpS2hsQUZDN2JKMXlBeEhkVEJlYkt2OHprRktiZjJr?oc=5\" target=\"_blank\" rel=\"nofollow noopener\">Villarejo arremete contra la doctora Pinto y la acusa de \u201cchantaje\u201d a L\u00f3pez Madrid: \u201cElla es una gran actriz\u201d<\/a>&nbsp;&nbsp;EL PA\u00cdS<\/li>\n<li><a href=\"https:\/\/news.google.com\/rss\/articles\/CBMiekFVX3lxTE9GbVk0NXczUjlyUWUwTHA4OURoV1N1anllS3FrcHV3NjdDYmZZbjF1WGNmWGM0R1FrOTk2aHcyNEJ0MUxkZzRqbGtjcU1XZ1BaNDhvQlVjZUptY05UcXhocjhqNGY0b0JpWUcyX2EzdVdpLWlJWUs4aDh30gF6QVVfeXFMT0RWUGhuV2tQX3R4T09YY01DNmVtYXIzNnF0N2UtVkJTZ2F6WkxzQnJYWjhvTGp4OG5VS1Z3cGVYb3BBam9zcUM5RTQ0aVlHNjdTS25iWFExUVZIMVFjTWdiaG1sVnlJMmtYeWVwdm81bnNrakFVb0JQekE?oc=5\" target=\"_blank\" rel=\"nofollow noopener\">Villarejo declara que L\u00f3pez Madrid era \u00abun pesado\u00bb para el que solo hizo \u00abde psiquiatra\u00bb y que nunca le encarg\u00f3 nada sobre la doctora Pinto<\/a>&nbsp;&nbsp;El Mundo<\/li>\n<li><a href=\"https:\/\/news.google.com\/rss\/articles\/CBMimgFBVV95cUxQZTctQ003MnN5RFNpZDBXUFBuR2J1RmRVeGhZMDZ3XzJjb0dnd0V6dGVxSUVJYmphYmFCVXN4aUdsN0xzVU9xRjJlUzZzOTNYVWxFUTFsVExPcnVTZ2xxYklCT0NNd2VGRFdvTDB6bTJvZFIzZXlsTi1Ec1MyMFdRdmNSWi0xcU9Xa0FvcjFsYmtzN3JFMXBTb1p30gGaAUFVX3lxTE0yekVPb0M2Y1dLNmtPZ3QwQndLdm95Uks2TjNnd21ZNmpINVNIOVpEdEhzMzB2ZFRXZ2tZbHg5US1sMlp4X2w5VEFMZHZlMEZndXd0TXhHUExyaFUzbU5KTXlTSnZIeE5JM3N2NnZsZWY4WXhRZVktWTM0ZjhrY3RmQTRzUVJ3b05UQjFEdm10NlZ1TUJyQ0NpSWc?oc=5\" target=\"_blank\" rel=\"nofollow noopener\">La angustia de la doctora Pinto frente a L\u00f3pez Madrid: \u00abMe dijo que contrat\u00f3 a un comisario experto en poner en su sitio a chulas como yo\u00bb<\/a>&nbsp;&nbsp;El Peri\u00f3dico<\/li>\n<li><a href=\"https:\/\/news.google.com\/rss\/articles\/CBMi8AFBVV95cUxNb0pmUi1nN011NFVNZlV3YkNWdm1NSWRXaHZDUllzem1FXzZycVMyV0hadGUzSm1vcF95UDhfbGZzR3h5M0xDZ2FKQzFRaDhvSk1uMmJQV1BhV3U2bWpXNE5NVl9nVzVMM19sR0xwWFgyS1JPLUhfaFZzWkQ2c0l0MWt6QmlZZkNlOUV1U0lqNWp4d2cxcjlWV0kzbDZiOTRCd3JPNTNrSlhIQks3RjFuMEFJcVoxVWJUUUtSZFg4aGJlZmVJaXlPVGgyMnAxU2tKU2RubmlXM20xbHVoYjVPc3NoN21FX0gzNXo3elFRQ3DSAYQCQVVfeXFMTmdOcjBsNllwM0lVTjlST1hnaVBaRHllRlVOWUlDemoyN1hpMlBTb1BlU2pDNDZTRHd4bjYtM0tfMVJYaTVGdlp6dWNFOGdwcl91MGhLeFVYV3JraUF3NFI1bzNIeGlSWmoyMW1SaEEtNUNOMmhSWnZSazRhYWdKMTVaTWVzVUY5U1FYZWFTdWVMN3MySHRUcVRkNVZkQ1JTZjliMjd4bjRWNUtuOEFZMkdyUW1wbVFBdUpKSVBia3JHNHFDbC1ycnZLMWpPT0lxZERKelh5WDFZTUw4a3NmejJ6RFhJRDhLSFJTNlAzRjlyaXpJZDNhaEJZdHBnTkVVME5qUmQ?oc=5\" target=\"_blank\" rel=\"nofollow noopener\">Elisa Pinto: \u00abL\u00f3pez Madrid me dijo que hab\u00eda contratado a un comisario, Villarejo, experto en hacer coartadas\u00bb<\/a>&nbsp;&nbsp;Cadena SER<\/li>\n<\/ol>\n","protected":false},"excerpt":{"rendered":"Villarejo niega que apu\u00f1alase a la doctora Pinto y asegura que el empresario L\u00f3pez Madrid no le encarg\u00f3&hellip;\n","protected":false},"author":2,"featured_media":342479,"comment_status":"","ping_status":"","sticky":false,"template":"","format":"standard","meta":{"footnotes":""},"categories":[8],"tags":[17,18,25,24,13,14,11,19,20,9,10,15,16,23,12,21,22],"class_list":{"0":"post-342478","1":"post","2":"type-post","3":"status-publish","4":"format-standard","5":"has-post-thumbnail","7":"category-espana","8":"tag-breaking-news","9":"tag-breakingnews","10":"tag-es","11":"tag-espana","12":"tag-featured-news","13":"tag-featurednews","14":"tag-headlines","15":"tag-latest-news","16":"tag-latestnews","17":"tag-news","18":"tag-noticias","19":"tag-noticias-destacadas","20":"tag-noticiasdestacadas","21":"tag-spain","22":"tag-titulares","23":"tag-ultimas-noticias","24":"tag-ultimasnoticias"},"share_on_mastodon":{"url":"https:\/\/pubeurope.com\/@es\/115900239345600357","error":""},"_links":{"self":[{"href":"https:\/\/www.europesays.com\/es\/wp-json\/wp\/v2\/posts\/342478","targetHints":{"allow":["GET"]}}],"collection":[{"href":"https:\/\/www.europesays.com\/es\/wp-json\/wp\/v2\/posts"}],"about":[{"href":"https:\/\/www.europesays.com\/es\/wp-json\/wp\/v2\/types\/post"}],"author":[{"embeddable":true,"href":"https:\/\/www.europesays.com\/es\/wp-json\/wp\/v2\/users\/2"}],"replies":[{"embeddable":true,"href":"https:\/\/www.europesays.com\/es\/wp-json\/wp\/v2\/comments?post=342478"}],"version-history":[{"count":0,"href":"https:\/\/www.europesays.com\/es\/wp-json\/wp\/v2\/posts\/342478\/revisions"}],"wp:featuredmedia":[{"embeddable":true,"href":"https:\/\/www.europesays.com\/es\/wp-json\/wp\/v2\/media\/342479"}],"wp:attachment":[{"href":"https:\/\/www.europesays.com\/es\/wp-json\/wp\/v2\/media?parent=342478"}],"wp:term":[{"taxonomy":"category","embeddable":true,"href":"https:\/\/www.europesays.com\/es\/wp-json\/wp\/v2\/categories?post=342478"},{"taxonomy":"post_tag","embeddable":true,"href":"https:\/\/www.europesays.com\/es\/wp-json\/wp\/v2\/tags?post=342478"}],"curies":[{"name":"wp","href":"https:\/\/api.w.org\/{rel}","templated":true}]}}