{"id":342488,"date":"2026-01-15T17:23:10","date_gmt":"2026-01-15T17:23:10","guid":{"rendered":"https:\/\/www.europesays.com\/es\/342488\/"},"modified":"2026-01-15T17:23:10","modified_gmt":"2026-01-15T17:23:10","slug":"el-asunto-leon-goretzka-queda-sellado","status":"publish","type":"post","link":"https:\/\/www.europesays.com\/es\/342488\/","title":{"rendered":"El asunto Leon Goretzka queda sellado"},"content":{"rendered":"<p>El <a href=\"https:\/\/www.fichajes.com\/equipo\/bayern-munich\/\" rel=\"nofollow noopener\" target=\"_blank\">Bayern M\u00fanich<\/a> retom\u00f3 ayer su temporada 2025-2025 con victoria por 1-3 en el campo del Colonia, por lo que mantiene esa abultada ventaja sobre el Borussia Dortmund y ya puede centrarse <strong>en encarar una Champions League en la que espera clasificarse entre los 8 primeros<\/strong> y tener un cruce favorable en octavos de final ya que seguramente acabe incluso en el top 3 de la fase de liguilla.<\/p>\n<p>            Sigue despu\u00e9s de este anuncio<\/p>\n<p>El club b\u00e1varo no levanta el t\u00edtulo desde 2020, gracias a aquel gol de Kingsley Coman contra el Par\u00eds Saint Germain, y tiene como reto llegar a la final este a\u00f1o, o bien caer en semifinales compitiendo hasta el \u00faltimo minuto. Para ello, Kompany cuenta con <strong>una plantilla de lujo que no quiere trastocar por nada del mundo en invierno<\/strong>, aunque eso suponga que algunos activos salgan gratis en verano.<\/p>\n<p>Ese precisamente es el caso de un <a href=\"https:\/\/www.fichajes.com\/jugador\/leon-goretzka\/\" rel=\"nofollow noopener\" target=\"_blank\">Leon Goretzka<\/a> al que no se va a renovar. En las \u00faltimas semanas se hab\u00eda especulado con que pudiera abandonar Alemania en este mismo mercado de enero, pero finalmente, tal y como ha informado \u2018todomercado\u2019, <strong>ser\u00e1 en junio cuando finalmente se desvincule del Bayern<\/strong>, entendiendo as\u00ed que se asume su p\u00e9rdida de forma gratuita.<\/p>\n<p>            Sigue despu\u00e9s de este anuncio<\/p>\n<p>        Cuesta abajo<\/p>\n<p>La realidad es que Leon <strong>es un jugador excesivamente dependiente de su f\u00edsico<\/strong>, y cuando los a\u00f1os han ido pasando y ha ido perdiendo facultades en este sentido, su nivel general ha ido disminuyendo. Este factor, sumado a que su salario no es bajo, han hecho a la directiva mirar al futuro sin contar con sus servicios. A\u00fan as\u00ed, en la <a href=\"https:\/\/www.fichajes.com\/alemania\/bundesliga\/\" rel=\"nofollow noopener\" target=\"_blank\">Bundesliga<\/a> sigue contando con un cartel considerable.<\/p>\n<blockquote class=\"instagram-media\" data-lazyload=\"instagramEmbeds\" data-instgrm-captioned=\"\" data-instgrm-permalink=\"https:\/\/www.instagram.com\/p\/DRLKgDsjBoi\/?utm_source=ig_embed&amp;utm_campaign=loading\" data-instgrm-version=\"14\" style=\" background:#FFF; border:0; border-radius:3px; box-shadow:0 0 1px 0 rgba(0,0,0,0.5), 0 1px 10px 0 rgba(0,0,0,0.15); margin: 1px; max-width:540px; min-width:326px; padding:0; width:99.375%; width:-webkit-calc(100% - 2px); width:calc(100% - 2px);\"\/>\n<p>        Gusta en Europa<\/p>\n<p>Asimismo, <strong>entidades de otras ligas como el <a href=\"https:\/\/www.fichajes.com\/equipo\/ssc-napoles\/\" rel=\"nofollow noopener\" target=\"_blank\">N\u00e1poles<\/a> o el <a href=\"https:\/\/www.fichajes.com\/equipo\/club-atletico-de-madrid\/\" rel=\"nofollow noopener\" target=\"_blank\">Atl\u00e9tico de Madrid<\/a> se han interesado por su situaci\u00f3n<\/strong> desde que se conoce que no continuar\u00e1 en el Allianz Arena y lo cierto es que encajar\u00eda como anillo al dedo tanto en el sistema de simeones, como en el de Antonio Conte. A partir de este momento las respectivas directivas tienen la misi\u00f3n de encandilarle con su proyecto para vencer al adversario.<\/p>\n<p>            Sigue despu\u00e9s de este anuncio<\/p>\n<p>Leon Goretzka, de 30 a\u00f1os de edad, disput\u00f3 40 partidos con el Bayern Munich la temporada pasada entre todas las competiciones, superando los 2200 minutos de juego, en los que marc\u00f3 5 goles y reparti\u00f3 2 asistencias.<\/p>\n<p><script async src=\"\/\/www.instagram.com\/embed.js\"><\/script><\/p>\n","protected":false},"excerpt":{"rendered":"El Bayern M\u00fanich retom\u00f3 ayer su temporada 2025-2025 con victoria por 1-3 en el campo del Colonia, por&hellip;\n","protected":false},"author":2,"featured_media":342489,"comment_status":"","ping_status":"","sticky":false,"template":"","format":"standard","meta":{"footnotes":""},"categories":[268],"tags":[168,25,24,280,282,281,23,167],"class_list":{"0":"post-342488","1":"post","2":"type-post","3":"status-publish","4":"format-standard","5":"has-post-thumbnail","7":"category-futbol","8":"tag-deportes","9":"tag-es","10":"tag-espana","11":"tag-football","12":"tag-futbol","13":"tag-soccer","14":"tag-spain","15":"tag-sports"},"share_on_mastodon":{"url":"https:\/\/pubeurope.com\/@es\/115900278641882441","error":""},"_links":{"self":[{"href":"https:\/\/www.europesays.com\/es\/wp-json\/wp\/v2\/posts\/342488","targetHints":{"allow":["GET"]}}],"collection":[{"href":"https:\/\/www.europesays.com\/es\/wp-json\/wp\/v2\/posts"}],"about":[{"href":"https:\/\/www.europesays.com\/es\/wp-json\/wp\/v2\/types\/post"}],"author":[{"embeddable":true,"href":"https:\/\/www.europesays.com\/es\/wp-json\/wp\/v2\/users\/2"}],"replies":[{"embeddable":true,"href":"https:\/\/www.europesays.com\/es\/wp-json\/wp\/v2\/comments?post=342488"}],"version-history":[{"count":0,"href":"https:\/\/www.europesays.com\/es\/wp-json\/wp\/v2\/posts\/342488\/revisions"}],"wp:featuredmedia":[{"embeddable":true,"href":"https:\/\/www.europesays.com\/es\/wp-json\/wp\/v2\/media\/342489"}],"wp:attachment":[{"href":"https:\/\/www.europesays.com\/es\/wp-json\/wp\/v2\/media?parent=342488"}],"wp:term":[{"taxonomy":"category","embeddable":true,"href":"https:\/\/www.europesays.com\/es\/wp-json\/wp\/v2\/categories?post=342488"},{"taxonomy":"post_tag","embeddable":true,"href":"https:\/\/www.europesays.com\/es\/wp-json\/wp\/v2\/tags?post=342488"}],"curies":[{"name":"wp","href":"https:\/\/api.w.org\/{rel}","templated":true}]}}