{"id":342508,"date":"2026-01-15T17:35:08","date_gmt":"2026-01-15T17:35:08","guid":{"rendered":"https:\/\/www.europesays.com\/es\/342508\/"},"modified":"2026-01-15T17:35:08","modified_gmt":"2026-01-15T17:35:08","slug":"estados-unidos-apresa-en-el-caribe-un-sexto-petrolero-con-supuestos-vinculos-con-venezuela","status":"publish","type":"post","link":"https:\/\/www.europesays.com\/es\/342508\/","title":{"rendered":"Estados Unidos apresa en el Caribe un sexto petrolero con supuestos v\u00ednculos con Venezuela"},"content":{"rendered":"<p class=\"article-text\">\n        Las fuerzas militares estadounidenses han apresado otro petrolero en el Caribe que, seg\u00fan la Administraci\u00f3n Trump, tiene v\u00ednculos con Venezuela, como parte de su ambici\u00f3n por tomar el control del petr\u00f3leo del pa\u00eds latinoamericano. El asalto se produce al tiempo que este jueves el presidente de EEUU recibe a la l\u00edder opositora Mar\u00eda Corina Machado en la Casa Blanca, despu\u00e9s de hablar el mi\u00e9rcoles con la presidenta venezolana, Delcy Rodr\u00edguez, a quien califi\u00f3 de \u201cfant\u00e1stica\u201d.\n    <\/p>\n<p>    <a href=\"https:\/\/www.eldiario.es\/internacional\/trump-define-delcy-rodriguez-fantastica-hablar-telefono-dia-recibir-maria-corina-machado_1_12908376.html\" data-mrf-recirculation=\"saber-mas\" data-dl-event=\"saber-mas\" rel=\"nofollow noopener\" target=\"_blank\"><\/p>\n<p class=\"know-more__title\">Trump define a Delcy Rodr\u00edguez como \u00abfant\u00e1stica\u00bb tras hablar con ella por tel\u00e9fono el d\u00eda antes de recibir a Mar\u00eda Corina Machado<\/p>\n<p>            <img decoding=\"async\" class=\"lazy\" loading=\"lazy\" data-src=\"https:\/\/static.eldiario.es\/clip\/f834db96-35f7-4e37-9f5f-2d4df3aed079_16-9-aspect-ratio_default_0.jpg\" src=\"data:image\/svg+xml,%3Csvg xmlns=\" http:=\"\" viewbox=\"0 0 880 495\" alt=\"Trump define a Delcy Rodr\u00edguez como &quot;fant\u00e1stica&quot; tras hablar con ella por tel\u00e9fono el d\u00eda antes de recibir a Mar\u00eda Corina Machado\"\/><\/p>\n<p>                        <\/a><\/p>\n<p class=\"article-text\">\n        La secretaria de Seguridad Nacional, Kristi Noem, ha escrito este jueves en las redes sociales: \u201cEl petrolero Motor Tanker Veronica hab\u00eda pasado anteriormente por aguas venezolanas y estaba operando en desaf\u00edo a la cuarentena establecida por el presidente Trump para los buques sancionados en el Caribe\u201d.\n    <\/p>\n<blockquote class=\"twitter-tweet\" data-lang=\"es\"><p><a href=\"https:\/\/twitter.com\/X\/status\/2011803374807547909?ref_src=twsrc%5Etfw\" rel=\"nofollow noopener\" target=\"_blank\"><\/p><\/blockquote>\n<p class=\"article-text\">\n        Una publicaci\u00f3n en las redes sociales del Comando Sur de Estados Unidos sobre la captura afirmaba que marines estadounidenses partieron del portaaviones USS Gerald R. Ford para llevar a cabo el apresamiento, mientras que la publicaci\u00f3n de Noem se\u00f1alaba que, al igual que en asaltos anteriores, un equipo t\u00e1ctico de la Guardia Costera de Estados Unidos llev\u00f3 a cabo el abordaje y la incautaci\u00f3n.\n    <\/p>\n<blockquote class=\"twitter-tweet\" data-lang=\"es\"><p><a href=\"https:\/\/twitter.com\/X\/status\/2011798070816612578?ref_src=twsrc%5Etfw\" rel=\"nofollow noopener\" target=\"_blank\"><\/p><\/blockquote>\n<p class=\"article-text\">\n        Las autoridades estadounidenses han publicado un breve v\u00eddeo que parec\u00eda mostrar parte de la captura del barco. Las im\u00e1genes en blanco y negro mostraban helic\u00f3pteros sobrevolando la cubierta de un buque mercante mientras tropas armadas descend\u00edan a la cubierta por una cuerda.\n    <\/p>\n<p class=\"article-text\">\n        El Veronica es el sexto petrolero incautado por las fuerzas estadounidenses como parte de las pol\u00edticas de Trump por controlar la producci\u00f3n, el refinado y la distribuci\u00f3n mundial de los productos petrol\u00edferos de Venezuela, y el cuarto desde que Estados Unidos secuestr\u00f3 al presidente venezolano, Nicol\u00e1s Maduro, durante un ataque el pasado 3 de enero.\n    <\/p>\n<p class=\"article-text\">\n        Noem, en su publicaci\u00f3n en las redes sociales, dijo que el asalto se llev\u00f3 a cabo en \u201cestrecha coordinaci\u00f3n con nuestros colegas\u201d del Ej\u00e9rcito, as\u00ed como con los departamentos de Estado y Justicia: \u201cNuestros heroicos hombres y mujeres de la Guardia Costera volvieron a garantizar una operaci\u00f3n ejecutada a la perfecci\u00f3n, de conformidad con el derecho internacional. No se puede huir ni escapar de la justicia estadounidense\u201d.\n    <\/p>\n<p>    <a href=\"https:\/\/www.eldiario.es\/internacional\/resolucion-evitar-nuevos-ataques-venezuela-cae-senado-ceder-republicanos-presion-trump_1_12908489.html\" data-mrf-recirculation=\"saber-mas-abajo\" data-dl-event=\"saber-mas-abajo\" rel=\"nofollow noopener\" target=\"_blank\"><\/p>\n<p class=\"know-more__title\">La resoluci\u00f3n para evitar nuevos ataques sobre Venezuela cae en el Senado tras ceder dos republicanos a la presi\u00f3n de Trump\n<\/p>\n<p>            <img decoding=\"async\" class=\"lazy\" loading=\"lazy\" data-src=\"https:\/\/static.eldiario.es\/clip\/3b6fff1e-df45-4365-8c04-07b6acd1f9bb_16-9-aspect-ratio_default_0_x3458y1360.jpg\" src=\"data:image\/svg+xml,%3Csvg xmlns=\" http:=\"\" viewbox=\"0 0 880 495\" alt=\"La resoluci\u00f3n para evitar nuevos ataques sobre Venezuela cae en el Senado tras ceder dos republicanos a la presi\u00f3n de Trump\"\/><\/p>\n<p>                        <\/a><\/p>\n<p class=\"article-text\">\n        La semana pasada, Trump se reuni\u00f3 con ejecutivos de empresas petroleras para discutir su objetivo de invertir 100.000 millones de d\u00f3lares en Venezuela para explotar su producci\u00f3n y distribuci\u00f3n de petr\u00f3leo. Su Administraci\u00f3n ha dicho que espera vender al menos entre 30 y 50 millones de barriles de petr\u00f3leo venezolano sancionado.\n    <\/p>\n<p>                                    <script async src=\"https:\/\/platform.twitter.com\/widgets.js\" charset=\"utf-8\"><\/script><\/p>\n","protected":false},"excerpt":{"rendered":"Las fuerzas militares estadounidenses han apresado otro petrolero en el Caribe que, seg\u00fan la Administraci\u00f3n Trump, tiene v\u00ednculos&hellip;\n","protected":false},"author":2,"featured_media":342509,"comment_status":"","ping_status":"","sticky":false,"template":"","format":"standard","meta":{"footnotes":""},"categories":[42],"tags":[77881,17,18,30234,4217,13,14,11,61,62,63,64,19,20,9,10,15,16,46020,1333,47020,12,21,22,4218,1192,36027,65,66,67],"class_list":{"0":"post-342508","1":"post","2":"type-post","3":"status-publish","4":"format-standard","5":"has-post-thumbnail","7":"category-internacional","8":"tag-apresa","9":"tag-breaking-news","10":"tag-breakingnews","11":"tag-caribe","12":"tag-estados","13":"tag-featured-news","14":"tag-featurednews","15":"tag-headlines","16":"tag-internacional","17":"tag-international","18":"tag-international-news","19":"tag-internationalnews","20":"tag-latest-news","21":"tag-latestnews","22":"tag-news","23":"tag-noticias","24":"tag-noticias-destacadas","25":"tag-noticiasdestacadas","26":"tag-petrolero","27":"tag-sexto","28":"tag-supuestos","29":"tag-titulares","30":"tag-ultimas-noticias","31":"tag-ultimasnoticias","32":"tag-unidos","33":"tag-venezuela","34":"tag-vinculos","35":"tag-world","36":"tag-world-news","37":"tag-worldnews"},"share_on_mastodon":{"url":"https:\/\/pubeurope.com\/@es\/115900325839970498","error":""},"_links":{"self":[{"href":"https:\/\/www.europesays.com\/es\/wp-json\/wp\/v2\/posts\/342508","targetHints":{"allow":["GET"]}}],"collection":[{"href":"https:\/\/www.europesays.com\/es\/wp-json\/wp\/v2\/posts"}],"about":[{"href":"https:\/\/www.europesays.com\/es\/wp-json\/wp\/v2\/types\/post"}],"author":[{"embeddable":true,"href":"https:\/\/www.europesays.com\/es\/wp-json\/wp\/v2\/users\/2"}],"replies":[{"embeddable":true,"href":"https:\/\/www.europesays.com\/es\/wp-json\/wp\/v2\/comments?post=342508"}],"version-history":[{"count":0,"href":"https:\/\/www.europesays.com\/es\/wp-json\/wp\/v2\/posts\/342508\/revisions"}],"wp:featuredmedia":[{"embeddable":true,"href":"https:\/\/www.europesays.com\/es\/wp-json\/wp\/v2\/media\/342509"}],"wp:attachment":[{"href":"https:\/\/www.europesays.com\/es\/wp-json\/wp\/v2\/media?parent=342508"}],"wp:term":[{"taxonomy":"category","embeddable":true,"href":"https:\/\/www.europesays.com\/es\/wp-json\/wp\/v2\/categories?post=342508"},{"taxonomy":"post_tag","embeddable":true,"href":"https:\/\/www.europesays.com\/es\/wp-json\/wp\/v2\/tags?post=342508"}],"curies":[{"name":"wp","href":"https:\/\/api.w.org\/{rel}","templated":true}]}}