{"id":342510,"date":"2026-01-15T17:36:11","date_gmt":"2026-01-15T17:36:11","guid":{"rendered":"https:\/\/www.europesays.com\/es\/342510\/"},"modified":"2026-01-15T17:36:11","modified_gmt":"2026-01-15T17:36:11","slug":"la-segunda-jornada-de-huelga-de-medicos-cancela-236-cirugias-en-galicia-la-voz-de-galicia","status":"publish","type":"post","link":"https:\/\/www.europesays.com\/es\/342510\/","title":{"rendered":"La segunda jornada de huelga de m\u00e9dicos cancela 236 cirug\u00edas en Galicia &#8211; La Voz de Galicia"},"content":{"rendered":"<ol>\n<li><a href=\"https:\/\/news.google.com\/rss\/articles\/CBMixgFBVV95cUxNRkdYNm50X1FlVlc5dXFOZU82ZmVEb1dGR1p3NFduQWFlVkZsTzBac1YtbWZMcFBtWmJOMkN6NlBCQndSX0U5bjBOSzRKZ1Z1QmR3UXN2UzM1S2lRMGRWbWVmeGc3Q0dSV0FSVkh0djF2ekF1MnBUM3RRdlkyWE9fd3FoUUtZUVUwaVF3bnIwUEgtdGZRUVllWUM0aFlpZ0RBb2owZHpGZjN0TE9Ga09MaXhlbE5aQjM2d3BDYWc4Y1BTMGQ5UGfSAeIBQVVfeXFMUG1qWGl2cFFzTDg1aGwydmVRSnphWEthdmFRbjVScGhmd0IxRmtzbnZJemlVUldYbGNHbk1fMW9ncjBjVkIxOFB5TTZ5dWxKclFpMThOSW5ZenkxTEJBZ3EtdXczNlFLNTFzMXVzemVldWxEZXFMVEttTEN4ZEtwVVFKV2duNWJ0aV84V0tHeVp6bl9NSlB1RTlXTU9DQXNYc3d3U3JQbGZKV0phNTktWUIzU2p2V2ttQlVNMWNiaFF4Z0pjTWxlM0FLdGlubkdyY25JWlM3b2I2eERfUy15YllyZw?oc=5\" target=\"_blank\" rel=\"nofollow noopener\">La segunda jornada de huelga de m\u00e9dicos cancela 236 cirug\u00edas en Galicia<\/a>&nbsp;&nbsp;La Voz de Galicia<\/li>\n<li><a href=\"https:\/\/news.google.com\/rss\/articles\/CBMi4wFBVV95cUxOV3JUYmZyYjBPaVVVSG5udHkzZVExU2FUMzI1S3R1VXhFLTRTd09kTjZkZ0VHXzZZYWllSlR0bjZpLVU0a01jbkRsakxiaEdTQjA0c1R0VGEwUXdNSlJtY2tTRDVwbzlyMC1Lb0kzamd2Wk5rRjNrQWVRVHUxNDVMTGdYOEdwM2s2LTJmT3ZZVlFqcUg0MlhseXRFTGxEWUstOEEtUjMxd0pIMXlhZDFzMFA0Rlh0THFzdHJwTmVyUDVha0VKbjhBSF96eXNZeE1EbzNBYjZoUjA1YkJWNVZTbVIxQQ?oc=5\" target=\"_blank\" rel=\"nofollow noopener\">Las dos caras de la huelga de m\u00e9dicos contra el Estatuto Marco: tranquilidad para las administraciones; movilizaciones masivas para los sindicatos<\/a>&nbsp;&nbsp;iSanidad<\/li>\n<li><a href=\"https:\/\/news.google.com\/rss\/articles\/CBMiowFBVV95cUxOeGFmTHEwYlRDVnJYTWxZeWV4SmNnZU1ZbkFjMGlFbEtFRnJ0QzV5eWtIVmhzdWtILWU3YXNVNkFjcllXTDUxMnpKaWxsa1N4QjREMEVZcWtNdk9kamEwbTBOb0pnS0U2MG15NldQejY3Zzh1c3JPOWhRRXpZYjFHMEhtd0RRdDV2Zzl3XzNtUFl1cDJOYTJBak8xbHFiNUc2VFVr?oc=5\" target=\"_blank\" rel=\"nofollow noopener\">M\u00e9dicos se concentran en La Paz para exigir un Estatuto propio en el segundo d\u00eda de huelga<\/a>&nbsp;&nbsp;ABC<\/li>\n<li><a href=\"https:\/\/news.google.com\/rss\/articles\/CBMisAFBVV95cUxNdkdOZTBHQlBvVTNPanM1SmZGZWtfRzZHdDdCb0dYb0pfdndKNzc2TmlvWkRzSFZhY0tsNThoYngxS1RvbzFQd0U2SWhPT0sza0NRelpidDZnSmNRSEVPVXBvUGRCRGVmdFplc2pmY1hBOU5TMVJRY0tidWo5ZW1IY09NVzVFUTNHVmpnUHVWTllCMUN1WUR3ejR5TFF5Qkozd1lscHEzdWVrV3Nib3JIYQ?oc=5\" target=\"_blank\" rel=\"nofollow noopener\">\u00abLa Atenci\u00f3n Primaria es un barco que se hunde. Necesitamos tener voz\u00bb, reclaman los m\u00e9dicos<\/a>&nbsp;&nbsp;El Correo<\/li>\n<li><a href=\"https:\/\/news.google.com\/rss\/articles\/CBMirwFBVV95cUxOazJDYlF0VzFXUm5lOWN2YnZCdDlWWU42elpnM09wc0NTdDRTanRZdzdTc2UwUk8ybkxnZkFmbFYwT0FscWd6WndacHRMajl6MWJHeDZiNkFWdlJMTHp2UG9saExVb2wxWDJUSUhnbkhIczczVUNpWHJrMWh0Yy1fYW1LVEZDUHNPZEZzNHprVEQtcUJkNTZSYjM4X3k3SjhuNzIzNE82a0hNaE1rNG5j0gHDAUFVX3lxTE1TTHN0V1QtYXNlV3JmZXZrcDZMUFB6cFg4S0JuXzRKSko0enlrcHNZSVpWMTBzb0tJSEJRdmZ5RW1wbzVmeEZzeW41MElRQ0dzelYzUDBPamxVMjlZcTVwaVhMTmEtLXp5eXNfTXJxLUhWa2xua014VDRCM1BzOVJMQ2x2TjJtRFJpbUJTRVlJTm5pbkp4SGg5UVhHczFZTVlUWVhPckY4dHRUNUNfb09YSmlIQnZ3Nm5tY3dCT29pRjRVdw?oc=5\" target=\"_blank\" rel=\"nofollow noopener\">Grito un\u00e1nime de los m\u00e9dicos a M\u00f3nica Garc\u00eda: \u00abEsto no se para\u00bb<\/a>&nbsp;&nbsp;La Raz\u00f3n<\/li>\n<\/ol>\n","protected":false},"excerpt":{"rendered":"La segunda jornada de huelga de m\u00e9dicos cancela 236 cirug\u00edas en Galicia&nbsp;&nbsp;La Voz de Galicia Las dos caras&hellip;\n","protected":false},"author":2,"featured_media":342511,"comment_status":"","ping_status":"","sticky":false,"template":"","format":"standard","meta":{"footnotes":""},"categories":[8],"tags":[17,18,25,24,13,14,11,13181,19,20,8509,9,10,15,16,28787,23,12,21,22],"class_list":{"0":"post-342510","1":"post","2":"type-post","3":"status-publish","4":"format-standard","5":"has-post-thumbnail","7":"category-espana","8":"tag-breaking-news","9":"tag-breakingnews","10":"tag-es","11":"tag-espana","12":"tag-featured-news","13":"tag-featurednews","14":"tag-headlines","15":"tag-huelga","16":"tag-latest-news","17":"tag-latestnews","18":"tag-ministerio-de-sanidad","19":"tag-news","20":"tag-noticias","21":"tag-noticias-destacadas","22":"tag-noticiasdestacadas","23":"tag-sergas","24":"tag-spain","25":"tag-titulares","26":"tag-ultimas-noticias","27":"tag-ultimasnoticias"},"share_on_mastodon":{"url":"https:\/\/pubeurope.com\/@es\/115900329735992756","error":""},"_links":{"self":[{"href":"https:\/\/www.europesays.com\/es\/wp-json\/wp\/v2\/posts\/342510","targetHints":{"allow":["GET"]}}],"collection":[{"href":"https:\/\/www.europesays.com\/es\/wp-json\/wp\/v2\/posts"}],"about":[{"href":"https:\/\/www.europesays.com\/es\/wp-json\/wp\/v2\/types\/post"}],"author":[{"embeddable":true,"href":"https:\/\/www.europesays.com\/es\/wp-json\/wp\/v2\/users\/2"}],"replies":[{"embeddable":true,"href":"https:\/\/www.europesays.com\/es\/wp-json\/wp\/v2\/comments?post=342510"}],"version-history":[{"count":0,"href":"https:\/\/www.europesays.com\/es\/wp-json\/wp\/v2\/posts\/342510\/revisions"}],"wp:featuredmedia":[{"embeddable":true,"href":"https:\/\/www.europesays.com\/es\/wp-json\/wp\/v2\/media\/342511"}],"wp:attachment":[{"href":"https:\/\/www.europesays.com\/es\/wp-json\/wp\/v2\/media?parent=342510"}],"wp:term":[{"taxonomy":"category","embeddable":true,"href":"https:\/\/www.europesays.com\/es\/wp-json\/wp\/v2\/categories?post=342510"},{"taxonomy":"post_tag","embeddable":true,"href":"https:\/\/www.europesays.com\/es\/wp-json\/wp\/v2\/tags?post=342510"}],"curies":[{"name":"wp","href":"https:\/\/api.w.org\/{rel}","templated":true}]}}