{"id":342517,"date":"2026-01-15T17:43:06","date_gmt":"2026-01-15T17:43:06","guid":{"rendered":"https:\/\/www.europesays.com\/es\/342517\/"},"modified":"2026-01-15T17:43:06","modified_gmt":"2026-01-15T17:43:06","slug":"van-der-poel-renuncia-a-la-copa-del-mundo-de-benidorm","status":"publish","type":"post","link":"https:\/\/www.europesays.com\/es\/342517\/","title":{"rendered":"Van der Poel renuncia a la Copa del Mundo de Benidorm"},"content":{"rendered":"<p class=\"\">Los d\u00edas pasaban sin respuesta. Y la pregunta permanec\u00eda en el aire: <b>\u00bfMathieu van der Poel regresar\u00eda en 2026 al Benidorm CX?<\/b> El neerland\u00e9s ten\u00eda asegurada su presencia en las dos \u00faltimas pruebas de la Copa del Mundo en Maasmechelen (24 de enero) y Hoogerheide (d\u00eda 25), pero no as\u00ed en la <a href=\"https:\/\/as.com\/ciclismo\/mas_ciclismo\/guia-del-ciclocross-de-benidorm-2026-como-y-donde-ver-horarios-participacion-y-favoritos-f202601-n\/\" target=\"_self\" rel=\"nofollow noopener\" title=\"https:\/\/as.com\/ciclismo\/mas_ciclismo\/guia-del-ciclocross-de-benidorm-2026-como-y-donde-ver-horarios-participacion-y-favoritos-f202601-n\/\">cita de la Costa Blanca,<\/a> que conquist\u00f3 en su primera edici\u00f3n all\u00e1 por 2023. Finalmente, despu\u00e9s de mucha incertidumbre, todo apunta a que habr\u00e1 que esperar un a\u00f1o m\u00e1s&#8230;<\/p>\n<p class=\"\">Seg\u00fan el medio Het Laatste Nieuws, <b>Van der Poel ha decidido renunciar este jueves a correr en Benidorm,<\/b> donde tampoco estuvo en 2025. Fuentes de la organizaci\u00f3n de Momparler Cycling consultadas por AS todav\u00eda no tienen confirmada la noticia respecto a una <a href=\"https:\/\/as.com\/ciclismo\/mas_ciclismo\/felipe-orts-lo-unico-que-ha-parado-a-van-der-poel-en-benidorm-ha-sido-una-farola-f202601-n\/\" target=\"_self\" rel=\"nofollow noopener\" title=\"https:\/\/as.com\/ciclismo\/mas_ciclismo\/felipe-orts-lo-unico-que-ha-parado-a-van-der-poel-en-benidorm-ha-sido-una-farola-f202601-n\/\"><b>lista de participaci\u00f3n definitiva que se cierra el pr\u00f3ximo s\u00e1bado por la tarde,<\/b><\/a> v\u00edspera de la carrera (domingo a las 15:10), pero todo indica que el corredor del Alpecin ha optado por priorizar el descanso para el tramo final del calendario sobre el barro, en el que ir\u00e1 en <b>busca de un nuevo t\u00edtulo mundial como colof\u00f3n en Hulst<\/b> (1 de febrero).<\/p>\n<p class=\"\">Van der Poel, quien tiene una <b>residencia en la localidad de Moraira, se encuentra estos d\u00edas por Alicante,<\/b> donde varios aficionados han compartido v\u00eddeos a trav\u00e9s de redes sociales de alguno de sus entrenamientos junto a corredores del Red Bull Bora, algo que en los \u00faltimos a\u00f1os ha acostumbrado a hacer con Remco Evenepoel, quien reside en Calpe. De modo que, con la <a href=\"https:\/\/as.com\/ciclismo\/mas_ciclismo\/van-der-poel-triunfa-en-la-nieve-de-mol-van-aert-se-cae-y-orts-vuelve-al-podio-f202601-n\/\" target=\"_self\" rel=\"nofollow noopener\" title=\"https:\/\/as.com\/ciclismo\/mas_ciclismo\/van-der-poel-triunfa-en-la-nieve-de-mol-van-aert-se-cae-y-orts-vuelve-al-podio-f202601-n\/\"><b>ausencia de Van Aert ya garantizada<\/b> por su reciente fractura de tobillo,<\/a> el belga <b>Thibau Nys<\/b> tendr\u00e1 el camino mucho m\u00e1s despejado para revalidar su triunfo de 2025 en Benidorm, lo que le permitir\u00eda recuperar a lo grande el liderato de la Copa del Mundo.<\/p>\n<p>Noticias relacionadas<\/p>\n<p class=\"\"><b>\u00a1Tus opiniones importan!<\/b> Comenta en los art\u00edculos y suscr\u00edbete gratis a nuestra <a href=\"https:\/\/asfan.as.com\/newsletters\/\" target=\"_blank\" rel=\"nofollow noopener\" title=\"https:\/\/asfan.as.com\/newsletters\/\">newsletter<\/a> y a las alertas informativas en la <a href=\"https:\/\/as.com\/aplicacion-de-as-n\/\" target=\"_blank\" rel=\"nofollow noopener\" title=\"https:\/\/as.com\/aplicacion-de-as-n\/\">App<\/a> o el canal de <a href=\"https:\/\/www.whatsapp.com\/channel\/0029VaAasdA7j6g745nz9M10\" target=\"_blank\" rel=\"nofollow noopener\" title=\"https:\/\/www.whatsapp.com\/channel\/0029VaAasdA7j6g745nz9M10\">WhatsApp<\/a>.<\/p>\n<p class=\"\">\u00bfBuscas licenciar contenido? Haz clic <a href=\"https:\/\/profesional.elpais.com\/soluciones-sindicacion?utm_medium=interno&amp;utm_source=crosslinking&amp;utm_campaign=sindicacion_as_pie_articulos\" target=\"_blank\" rel=\"nofollow noopener\" title=\"https:\/\/profesional.elpais.com\/soluciones-sindicacion?utm_medium=interno&amp;utm_source=crosslinking&amp;utm_campaign=sindicacion_as_pie_articulos\">aqu\u00ed<\/a><\/p>\n","protected":false},"excerpt":{"rendered":"Los d\u00edas pasaban sin respuesta. Y la pregunta permanec\u00eda en el aire: \u00bfMathieu van der Poel regresar\u00eda en&hellip;\n","protected":false},"author":2,"featured_media":342518,"comment_status":"","ping_status":"","sticky":false,"template":"","format":"standard","meta":{"footnotes":""},"categories":[273],"tags":[313,312,168,25,24,23,167],"class_list":{"0":"post-342517","1":"post","2":"type-post","3":"status-publish","4":"format-standard","5":"has-post-thumbnail","7":"category-ciclismo","8":"tag-ciclismo","9":"tag-cycling","10":"tag-deportes","11":"tag-es","12":"tag-espana","13":"tag-spain","14":"tag-sports"},"share_on_mastodon":{"url":"https:\/\/pubeurope.com\/@es\/115900357171352868","error":""},"_links":{"self":[{"href":"https:\/\/www.europesays.com\/es\/wp-json\/wp\/v2\/posts\/342517","targetHints":{"allow":["GET"]}}],"collection":[{"href":"https:\/\/www.europesays.com\/es\/wp-json\/wp\/v2\/posts"}],"about":[{"href":"https:\/\/www.europesays.com\/es\/wp-json\/wp\/v2\/types\/post"}],"author":[{"embeddable":true,"href":"https:\/\/www.europesays.com\/es\/wp-json\/wp\/v2\/users\/2"}],"replies":[{"embeddable":true,"href":"https:\/\/www.europesays.com\/es\/wp-json\/wp\/v2\/comments?post=342517"}],"version-history":[{"count":0,"href":"https:\/\/www.europesays.com\/es\/wp-json\/wp\/v2\/posts\/342517\/revisions"}],"wp:featuredmedia":[{"embeddable":true,"href":"https:\/\/www.europesays.com\/es\/wp-json\/wp\/v2\/media\/342518"}],"wp:attachment":[{"href":"https:\/\/www.europesays.com\/es\/wp-json\/wp\/v2\/media?parent=342517"}],"wp:term":[{"taxonomy":"category","embeddable":true,"href":"https:\/\/www.europesays.com\/es\/wp-json\/wp\/v2\/categories?post=342517"},{"taxonomy":"post_tag","embeddable":true,"href":"https:\/\/www.europesays.com\/es\/wp-json\/wp\/v2\/tags?post=342517"}],"curies":[{"name":"wp","href":"https:\/\/api.w.org\/{rel}","templated":true}]}}