{"id":342541,"date":"2026-01-15T17:59:13","date_gmt":"2026-01-15T17:59:13","guid":{"rendered":"https:\/\/www.europesays.com\/es\/342541\/"},"modified":"2026-01-15T17:59:13","modified_gmt":"2026-01-15T17:59:13","slug":"el-debate-sobre-venezuela-en-el-congreso-evidencia-las-contradicciones-del-pp-y-vox-en-su-aplauso-a-trump","status":"publish","type":"post","link":"https:\/\/www.europesays.com\/es\/342541\/","title":{"rendered":"El debate sobre Venezuela en el Congreso evidencia las contradicciones del PP y Vox en su aplauso a Trump"},"content":{"rendered":"<p class=\"article-text\">\n        A PP y Vox se les ven las costuras con Venezuela. Sus contradicciones han quedado en evidencia durante el debate en el Congreso en el que ha comparecido el ministro de Exteriores, Jos\u00e9 Manuel Albares, para dar explicaciones sobre la situaci\u00f3n tras la intervenci\u00f3n ilegal de Donald Trump. La derecha y la ultraderecha espa\u00f1olas aplauden esa operaci\u00f3n, pero cargan contra el Gobierno por la relaci\u00f3n con la presidenta encargada Delcy Rodr\u00edguez, que permanece en el poder por voluntad de Trump, como les ha recordado Albares en la r\u00e9plica.\n    <\/p>\n<p>    <a href=\"https:\/\/www.eldiario.es\/internacional\/trump-define-delcy-rodriguez-fantastica-hablar-telefono-dia-recibir-maria-corina-machado_1_12908376.html\" data-mrf-recirculation=\"saber-mas\" data-dl-event=\"saber-mas\" rel=\"nofollow noopener\" target=\"_blank\"><\/p>\n<p class=\"know-more__title\">Trump define a Delcy Rodr\u00edguez como \u00abfant\u00e1stica\u00bb tras hablar con ella por tel\u00e9fono el d\u00eda antes de recibir a Mar\u00eda Corina Machado<\/p>\n<p>            <img decoding=\"async\" class=\"lazy\" loading=\"lazy\" data-src=\"https:\/\/static.eldiario.es\/clip\/f834db96-35f7-4e37-9f5f-2d4df3aed079_16-9-aspect-ratio_default_0.jpg\" src=\"data:image\/svg+xml,%3Csvg xmlns=\" http:=\"\" viewbox=\"0 0 880 495\" alt=\"Trump define a Delcy Rodr\u00edguez como &quot;fant\u00e1stica&quot; tras hablar con ella por tel\u00e9fono el d\u00eda antes de recibir a Mar\u00eda Corina Machado\"\/><\/p>\n<p>                        <\/a><\/p>\n<p class=\"article-text\">\n        \u201cEl Gobierno quiere liberar a Delcy, es la \u00fanica liberaci\u00f3n que les importa. Su postraci\u00f3n ante una torturadora es humillante y elocuente. El Gobierno socialista quiere reciclar al r\u00e9gimen chavista, quiere salvar a Delcy para salvarse a s\u00ed mismo\u201d, ha dicho la portavoz del PP en el debate, Cayetana \u00c1lvarez de Toledo, que previamente ha asegurado que su grupo celebra \u201csin adversativas\u201d la operaci\u00f3n de Trump: \u201cNo ha secuestrado a un presidente leg\u00edtimo, ha puesto fin a la impunidad de un criminal\u201d.\n    <\/p>\n<p class=\"article-text\">\n        \u201cLo diremos a nuestros aliados, tambi\u00e9n a EEUU, sabemos que ninguna transici\u00f3n es impoluta moralmente, todas exigen cesiones y transacciones a veces indigestas; pero algunos principios deben prevalecer. Delcy no es una moderada, no es la Adolfo Su\u00e1rez que ustedes pintan\u201d, ha dicho \u00c1lvarez de Toledo, que ha asegurado que Trump ha \u201crecordado\u201d que no es la presidenta, a pesar de que permite que ostente el poder y la <a href=\"https:\/\/www.eldiario.es\/internacional\/trump-define-delcy-rodriguez-fantastica-hablar-telefono-dia-recibir-maria-corina-machado_1_12908376.html\" target=\"_blank\" data-mrf-recirculation=\"links-noticia\" class=\"link\" rel=\"nofollow noopener\">ha halagado al asegurar que es una persona \u201cfant\u00e1stica\u201d<\/a> tras una larga conversaci\u00f3n telef\u00f3nica. \u201cEs la sibilina cara B de Maduro\u201d, ha apostillado la diputada conservadora.\n    <\/p>\n<p class=\"article-text\">\n        Tambi\u00e9n la portavoz de Vox, Mar\u00eda Jos\u00e9 Rodr\u00edguez, ha asegurado que \u201choy Venezuela est\u00e1 mejor que hace tres semanas\u201d por la captura de Maduro. \u201cVenezuela es m\u00e1s libre y debe avanzar hacia una transici\u00f3n\u201d, ha apostillado la parlamentaria de la ultraderecha, que ha evitado criticar a Trump y el mantenimiento de Rodr\u00edguez al frente. PP y Vox tambi\u00e9n han obviado durante el debate la amenaza de Trump sobre Groenlandia, que ha llevado a <a href=\"https:\/\/www.eldiario.es\/internacional\/francia-suma-paises-europeos-envia-tropas-groenlandia-ejercicios-militares-dinamarca_1_12908602.html\" target=\"_blank\" data-mrf-recirculation=\"links-noticia\" class=\"link\" rel=\"nofollow noopener\">varios pa\u00edses europos a enviar tropas a la isla del \u00c1rtico y Espa\u00f1a no lo descarta<\/a>.\n    <\/p>\n<p>    Albares: \u201cA Delcy no la ha puesto el Gobierno, la ha puesto EEUU\u201d<\/p>\n<p class=\"article-text\">\n        En su r\u00e9plica, Albares ha lamentado la \u201cvergonzosa intervenci\u00f3n\u201d de \u00c1lvarez de Toledo y la \u201chipocres\u00eda\u201d del PP en el tema de Venezuela. \u201cUsted ha estado alabando en su intervenci\u00f3n a Trump, criticando a Delcy, pero le quiero recordar que a Delcy no la ha puesto el Gobierno de Espa\u00f1a, la ha puesto la intervenci\u00f3n militar de los Estados Unidos\u201d, le ha contestado Albares. El ministro ha pedido a los conservadores que \u201cno tomen el pelo a los espa\u00f1oles y venezolanos\u201d, que ha recordado que han venido a Espa\u00f1a mayoritariamente con Pedro S\u00e1nchez mientras Mariano Rajoy \u201cno movi\u00f3 un dedo\u201d, tras insistir en que Trump ha dicho que quiere trabajar en el largo plazo con Delcy Rodr\u00edguez. \u201cMe gustar\u00eda saber su opini\u00f3n\u201d, le ha preguntado a \u00c1lvarez de Toledo, que en su r\u00e9plica no ha dicho nada al respecto.\n    <\/p>\n<p class=\"article-text\">\n        \u201cNo se puede defender a la vez la democracia y la imposici\u00f3n de un gobierno por la violencia armada contra la soberan\u00eda nacional y la legalidad internacional y es lo que ustedes m\u00e1s o menos, pasando de puntillas, intentan hacer\u201d, le ha dicho el ministro al PP. Tras insistir varias veces en su comparecencia en que la intenci\u00f3n del Gobierno es que los venezolanos voten para decidir su futuro sin \u201cinjerencias externas\u201d, ha reprochado que el PP quiera \u201ctener a su persona en Caracas\u201d despu\u00e9s de que \u00c1lvarez de Toledo dijera que Mar\u00eda Corina Machado es la persona legitimada para ponerse al frente.\n    <\/p>\n<p class=\"article-text\">\n        Albares ha recordado a \u00c1lvarez de Toledo que no pesaban sanciones de la UE sobre Nicol\u00e1s Maduro como presidente de Venezuela para mantener de alguna forma los lazos. \u201cIgual ni siquiera lo sab\u00edan\u201d, ha dicho Albares que les ha preguntado si eso les \u201cparec\u00eda bien\u201d pero que en una decisi\u00f3n an\u00e1loga no las tuviera Delcy Rodr\u00edguez \u201cles parece mal\u201d despu\u00e9s de que haya criticado el planteamiento de Albares de quitar sanciones a medida que se avance en la transici\u00f3n.\n    <\/p>\n<p class=\"article-text\">\n        El ministro de Exteriores tambi\u00e9n se ha revuelto contra la acusaci\u00f3n del PP de que los presos liberados salieron \u201cpor la puerta de atr\u00e1s\u201d y le ha explicado que lo hicieron por la sala de autoridades, \u201cla sala m\u00e1s noble\u201d del Aeropuerto Madrid-Barajas. \u201cLo hicimos a petici\u00f3n de ellos y sus familias\u201d, ha apostillado. A los venezolanos presentes en el Hemiciclo, les ha dicho: \u201cEl PP les desprecia y les utiliza sin ning\u00fan tapujo\u201d.\n    <\/p>\n<p class=\"article-text\">\n        \u201cMontaron una operaci\u00f3n para extraer de Venezuela al presidente leg\u00edtimo. Comprendo su profunda incomodidad ante la intervenci\u00f3n americana. Trump extrajo de Venezuela al usurpador de la presidencia, ustedes extrajeron al presidente leg\u00edtimo. La suya fue una extracci\u00f3n contra la democracia, contra las urnas, contra Venezuela y Espa\u00f1a. Muy de izquierdas invocar el bien para hacer el mal\u201d, ha dicho \u00c1lvarez de Toledo, sobre el asilo concedido al candidato opositor Edmundo Gonz\u00e1lez, que siempre ha <a href=\"https:\/\/www.eldiario.es\/internacional\/opositor-venezolano-edmundo-gonzalez-viaja-espana-recibir-asilo-politico_1_11636945.html\" target=\"_blank\" data-mrf-recirculation=\"links-noticia\" class=\"link\" rel=\"nofollow noopener\">agradecido las gestiones al Gobierno para salir del pa\u00eds en septiembre de 2024<\/a>.\n    <\/p>\n<p>    El PSOE se revuelve contra los \u201cinfundios\u201d sobre Zapatero<\/p>\n<p class=\"article-text\">\n        El centro de las cr\u00edticas de PP y Vox ha sido, no obstante, Jos\u00e9 Luis Rodr\u00edguez Zapatero, por sus gestiones de mediaci\u00f3n, que se remontan a 2015. \u201cCu\u00e1ntos presos ha sacado Zapatero y cu\u00e1ntos ha contribuido a meter\u201d, ha dicho \u00c1lvarez de Toledo, que le ha definido como \u201cel gran blanqueador de la tiran\u00eda chavista\u201d. La parlamentaria de Vox ha dicho que Zapatero \u201cha llegado tan lejos como le ha permitido el Gobierno\u201d y ha acusado a los socialistas de estar \u201cpermitiendo que el narco se expanda en Espa\u00f1a\u201d. <a href=\"https:\/\/www.eldiario.es\/politica\/fiscalia-pide-rechazar-querella-hazteoir-zapatero-narcotrafico-blanqueo_1_12909868.html\" target=\"_blank\" data-mrf-recirculation=\"links-noticia\" class=\"link\" rel=\"nofollow noopener\">La Fiscal\u00eda ha rechazado investigar una querella presentada por la organizaci\u00f3n ultraderechista Hazte O\u00edr contra el expresidente<\/a>.\n    <\/p>\n<p class=\"article-text\">\n        La respuesta vehemente ha llegado de boca del portavoz del PSOE, Patxi L\u00f3pez, que ha reprochado los \u201cinfundios\u201d contra el expresidente intentando \u201cvincularle con el narcotr\u00e1fico\u201d. \u201cEn este pa\u00eds la \u00fanica relaci\u00f3n con el narcotr\u00e1fico no ha sido Zapatero, miren ustedes m\u00e1s cerca\u201d, ha dicho el socialista en referencia a la foto de Alberto N\u00fa\u00f1ez Feij\u00f3o con el contrabandista Marcial Dorado. \u201cNo se ponga estupenda porque ninguno de ustedes le llega a la altura de las zapatillas a Zapatero, y menos t\u00fa\u201d, le ha espetado a Cayetana \u00c1lvarez de Toledo.\n    <\/p>\n<p>    Rifirrafe de Rufi\u00e1n y Albares<\/p>\n<p class=\"article-text\">\n        Frente al seguidismo de PP y Vox a Trump en Venezuela, las fuerzas de izquierdas han cargado con dureza contra el presidente de EEUU. El portavoz de ERC, Gabriel Rufi\u00e1n, le ha dicho al ministro que es \u201ccobarde\u201d por no hablar de \u201csecuestro\u201d de Maduro. \u201cArrieros somos\u201d, ha acabado Rufi\u00e1n tras acusar al ministro de tardar en endurecer la posici\u00f3n respecto a Gaza. \u201cHoy un defraudador, un ped\u00f3filo y un violador llamado Donald Trump se pasea por el mundo como un bully por el pasillo del instituto dando collejas sin problema\u201d, ha expresado,<strong> informa Alberto Ortiz<\/strong>.\n    <\/p>\n<p class=\"article-text\">\n        Al ministro no le ha sentado bien que el republicano le llame \u201ccobarde\u201d y le ha afeado que se haya ido del Hemiciclo en sus dos r\u00e9plicas. \u201cLa pol\u00edtica es algo m\u00e1s que poner un corte de Twitter\u201d, ha contestado el jefe de la diplomacia, a quien las palabras de Rufi\u00e1n le suenan a matonismo. \u201cSi lo que intenta es amedrentarme, no le tengo ning\u00fan miedo\u201d.\n    <\/p>\n<p class=\"article-text\">\n        El diputado de Bildu Jon I\u00f1arritu tambi\u00e9n ha pedido \u201cun rol mayor\u201d al Gobierno ante la \u201ctibieza y timidez\u201d de la UE, que ha evitado condenar la intervenci\u00f3n de EEUU y se ha limitado a hacer un llamamiento al cumplimiento del derecho internacional. Igualmente, ha criticado con dureza el parlamentario de la izquierda abertzale ha sido el aplauso de Repsol a la intervenci\u00f3n y la reuni\u00f3n en la que particip\u00f3 en la Casa Blanca tras la que anunci\u00f3 una triplicaci\u00f3n de su producci\u00f3n en Venezuela: \u201cEl objetivo claro de la agresi\u00f3n era hacerse con el bot\u00edn. Nos parece una verg\u00fcenza que Repsol participe en esa reuni\u00f3n de piratas y corsarios para repartirse el bot\u00edn. Creemos que el Gobierno algo deber\u00eda decir\u201d.\n    <\/p>\n<p>    <a href=\"https:\/\/www.eldiario.es\/politica\/feijoo-reune-edmundo-gonzalez-tacha-ilegitima-presidencia-delcy-rodriguez-avala-trump_1_12909216.html\" data-mrf-recirculation=\"saber-mas-abajo\" data-dl-event=\"saber-mas-abajo\" rel=\"nofollow noopener\" target=\"_blank\"><\/p>\n<p class=\"know-more__title\">Feij\u00f3o se re\u00fane con Edmundo Gonz\u00e1lez y tacha de \u201cileg\u00edtima\u201d la presidencia de Delcy Rodr\u00edguez que avala Trump<\/p>\n<p>            <img decoding=\"async\" class=\"lazy\" loading=\"lazy\" data-src=\"https:\/\/static.eldiario.es\/clip\/8e71e861-2f5a-485f-92b5-42aac3571829_16-9-aspect-ratio_default_0.jpg\" src=\"data:image\/svg+xml,%3Csvg xmlns=\" http:=\"\" viewbox=\"0 0 880 495\" alt=\"Feij\u00f3o se re\u00fane con Edmundo Gonz\u00e1lez y tacha de &quot;ileg\u00edtima&quot; la presidencia de Delcy Rodr\u00edguez que avala Trump\"\/><\/p>\n<p>                        <\/a><\/p>\n<p class=\"article-text\">\n        La l\u00edder de Podemos, Ione Belarra, ha advertido de que \u201cEEUU y Trump est\u00e1n imponiendo un r\u00e9gimen fascista, tanto dentro como fuera de nuestras fronteras\u201d y ha exigido al Gobierno que cierre las bases norteamericanas, que ha dicho que sirven como \u201cservidumbres de paso en la UE\u201d, para que EEUU desarrolle su capacidad militar. \u201cReconozca que la OTAN ha muerto, est\u00e1 rota, ya no existe. En el momento en el que el jefe de la OTAN amenaza a uno de los socios, la OTAN est\u00e1 rota\u201d, ha dicho Belarra. Tambi\u00e9n el BNG ha defendido que se cierren las bases y que, si es necesario, Pedro S\u00e1nchez convoque un refer\u00e9ndum al respecto.\n    <\/p>\n","protected":false},"excerpt":{"rendered":"A PP y Vox se les ven las costuras con Venezuela. Sus contradicciones han quedado en evidencia durante&hellip;\n","protected":false},"author":2,"featured_media":342542,"comment_status":"","ping_status":"","sticky":false,"template":"","format":"standard","meta":{"footnotes":""},"categories":[8],"tags":[31364,17,18,11866,77885,11559,25,24,8733,13,14,11,19,20,9,10,15,16,956,23,12,936,21,22,1192,624],"class_list":{"0":"post-342541","1":"post","2":"type-post","3":"status-publish","4":"format-standard","5":"has-post-thumbnail","7":"category-espana","8":"tag-aplauso","9":"tag-breaking-news","10":"tag-breakingnews","11":"tag-congreso","12":"tag-contradicciones","13":"tag-debate","14":"tag-es","15":"tag-espana","16":"tag-evidencia","17":"tag-featured-news","18":"tag-featurednews","19":"tag-headlines","20":"tag-latest-news","21":"tag-latestnews","22":"tag-news","23":"tag-noticias","24":"tag-noticias-destacadas","25":"tag-noticiasdestacadas","26":"tag-pp","27":"tag-spain","28":"tag-titulares","29":"tag-trump","30":"tag-ultimas-noticias","31":"tag-ultimasnoticias","32":"tag-venezuela","33":"tag-vox"},"share_on_mastodon":{"url":"https:\/\/pubeurope.com\/@es\/115900420138814124","error":""},"_links":{"self":[{"href":"https:\/\/www.europesays.com\/es\/wp-json\/wp\/v2\/posts\/342541","targetHints":{"allow":["GET"]}}],"collection":[{"href":"https:\/\/www.europesays.com\/es\/wp-json\/wp\/v2\/posts"}],"about":[{"href":"https:\/\/www.europesays.com\/es\/wp-json\/wp\/v2\/types\/post"}],"author":[{"embeddable":true,"href":"https:\/\/www.europesays.com\/es\/wp-json\/wp\/v2\/users\/2"}],"replies":[{"embeddable":true,"href":"https:\/\/www.europesays.com\/es\/wp-json\/wp\/v2\/comments?post=342541"}],"version-history":[{"count":0,"href":"https:\/\/www.europesays.com\/es\/wp-json\/wp\/v2\/posts\/342541\/revisions"}],"wp:featuredmedia":[{"embeddable":true,"href":"https:\/\/www.europesays.com\/es\/wp-json\/wp\/v2\/media\/342542"}],"wp:attachment":[{"href":"https:\/\/www.europesays.com\/es\/wp-json\/wp\/v2\/media?parent=342541"}],"wp:term":[{"taxonomy":"category","embeddable":true,"href":"https:\/\/www.europesays.com\/es\/wp-json\/wp\/v2\/categories?post=342541"},{"taxonomy":"post_tag","embeddable":true,"href":"https:\/\/www.europesays.com\/es\/wp-json\/wp\/v2\/tags?post=342541"}],"curies":[{"name":"wp","href":"https:\/\/api.w.org\/{rel}","templated":true}]}}