{"id":342577,"date":"2026-01-15T18:23:04","date_gmt":"2026-01-15T18:23:04","guid":{"rendered":"https:\/\/www.europesays.com\/es\/342577\/"},"modified":"2026-01-15T18:23:04","modified_gmt":"2026-01-15T18:23:04","slug":"1-356-trasplantes-de-organos-en-cataluna-en-2025","status":"publish","type":"post","link":"https:\/\/www.europesays.com\/es\/342577\/","title":{"rendered":"1.356 trasplantes de \u00f3rganos en Catalu\u00f1a en 2025"},"content":{"rendered":"<p>Los 370 donantes cad\u00e1ver reales de 2025 obtenidos en Catalunya, 11 menos que en 2024 (-2,9%), representan el cuarto mejor a\u00f1o de la historia.<\/p>\n<p>Sin embargo, el porcentaje de negativas familiares a la donaci\u00f3n ha aumentado hasta el 27,6% en 2025, un porcentaje muy alto en nuestro entorno. La negativa previa del posible donante o de su familia, sin otra raz\u00f3n, ha sido el motivo esgrimido por las familias en la gran mayor\u00eda de los casos.<\/p>\n<p>La donaci\u00f3n de muerte encef\u00e1lica (cerebral) sigue con una clara tendencia a la baja (-10,3%), mientras que los donantes de muerte en asistolia (card\u00edaca) aumentan (1,7%).<\/p>\n","protected":false},"excerpt":{"rendered":"Los 370 donantes cad\u00e1ver reales de 2025 obtenidos en Catalunya, 11 menos que en 2024 (-2,9%), representan el&hellip;\n","protected":false},"author":2,"featured_media":342578,"comment_status":"","ping_status":"","sticky":false,"template":"","format":"standard","meta":{"footnotes":""},"categories":[5],"tags":[17,18,25,24,13,14,11,19,20,9,10,15,16,51299,23,12,21,22],"class_list":{"0":"post-342577","1":"post","2":"type-post","3":"status-publish","4":"format-standard","5":"has-post-thumbnail","7":"category-titulares","8":"tag-breaking-news","9":"tag-breakingnews","10":"tag-es","11":"tag-espana","12":"tag-featured-news","13":"tag-featurednews","14":"tag-headlines","15":"tag-latest-news","16":"tag-latestnews","17":"tag-news","18":"tag-noticias","19":"tag-noticias-destacadas","20":"tag-noticiasdestacadas","21":"tag-salut","22":"tag-spain","23":"tag-titulares","24":"tag-ultimas-noticias","25":"tag-ultimasnoticias"},"share_on_mastodon":{"url":"https:\/\/pubeurope.com\/@es\/115900514457849231","error":""},"_links":{"self":[{"href":"https:\/\/www.europesays.com\/es\/wp-json\/wp\/v2\/posts\/342577","targetHints":{"allow":["GET"]}}],"collection":[{"href":"https:\/\/www.europesays.com\/es\/wp-json\/wp\/v2\/posts"}],"about":[{"href":"https:\/\/www.europesays.com\/es\/wp-json\/wp\/v2\/types\/post"}],"author":[{"embeddable":true,"href":"https:\/\/www.europesays.com\/es\/wp-json\/wp\/v2\/users\/2"}],"replies":[{"embeddable":true,"href":"https:\/\/www.europesays.com\/es\/wp-json\/wp\/v2\/comments?post=342577"}],"version-history":[{"count":0,"href":"https:\/\/www.europesays.com\/es\/wp-json\/wp\/v2\/posts\/342577\/revisions"}],"wp:featuredmedia":[{"embeddable":true,"href":"https:\/\/www.europesays.com\/es\/wp-json\/wp\/v2\/media\/342578"}],"wp:attachment":[{"href":"https:\/\/www.europesays.com\/es\/wp-json\/wp\/v2\/media?parent=342577"}],"wp:term":[{"taxonomy":"category","embeddable":true,"href":"https:\/\/www.europesays.com\/es\/wp-json\/wp\/v2\/categories?post=342577"},{"taxonomy":"post_tag","embeddable":true,"href":"https:\/\/www.europesays.com\/es\/wp-json\/wp\/v2\/tags?post=342577"}],"curies":[{"name":"wp","href":"https:\/\/api.w.org\/{rel}","templated":true}]}}