{"id":342605,"date":"2026-01-15T18:43:08","date_gmt":"2026-01-15T18:43:08","guid":{"rendered":"https:\/\/www.europesays.com\/es\/342605\/"},"modified":"2026-01-15T18:43:08","modified_gmt":"2026-01-15T18:43:08","slug":"zara-preve-cerrar-en-a-coruna-la-primera-tienda-abierta-por-su-fundador-amancio-ortega-el-mundo","status":"publish","type":"post","link":"https:\/\/www.europesays.com\/es\/342605\/","title":{"rendered":"Zara prev\u00e9 cerrar en A Coru\u00f1a la primera tienda abierta por su fundador, Amancio Ortega &#8211; El Mundo"},"content":{"rendered":"<ol>\n<li><a href=\"https:\/\/news.google.com\/rss\/articles\/CBMifEFVX3lxTFBkN0xCUzdxZk0xbVNINWVFNDN3d192X0xCal9ROGJvYzhYV19QSjNWSEpXX0NXd1RPQnBWMnVsVjBqUFVfcXl1TUJVQXpMSUtuZGRxVXUxcHN1X1NLOVVkY2Y1N3NGaUdGYzc4SHJoSUM0ZFV1dUtudzlZbl8?oc=5\" target=\"_blank\" rel=\"nofollow noopener\">Zara prev\u00e9 cerrar en A Coru\u00f1a la primera tienda abierta por su fundador, Amancio Ortega<\/a>&nbsp;&nbsp;El Mundo<\/li>\n<li><a href=\"https:\/\/news.google.com\/rss\/articles\/CBMi3AFBVV95cUxQTENGN0tYbVR0RlVtOVB2NXFVT09FSV9waW1BMW9uY0M2UTBDMjB0ZWFpbGhOdkhtMTRzWi1ORUxoZTFPaE1aa2pCdmVWRE1vbEpqanJrbk1vZVhNNVpBdlpVaUFNWDlIOGhPQkNZby14WExqVElEN01hR3VoSFkxRnRaSWpUeDEwU2l5MVcyQzdYY003R2NaaE9ObVVUMWVTWGJ2ZEN3S2hxcVoxRWFCNzM0VmlHbmxpSF9nQzZBMTB1dHExc2pKTkM4OFU4YUo3U1pGcmkwMGM4NV9B?oc=5\" target=\"_blank\" rel=\"nofollow noopener\">Zara cierra su emblem\u00e1tica tienda de Juan Fl\u00f3rez en A Coru\u00f1a, la n\u00famero 1<\/a>&nbsp;&nbsp;La Voz de Galicia<\/li>\n<li><a href=\"https:\/\/news.google.com\/rss\/articles\/CBMi5AFBVV95cUxNV1JQUVE4LVpQdGhzdTd3VDk5RUgxM3dwZ1RMUDdzZ0ppZzFrNGd2THNtTVFQWVF5TDhMV1ZtZlhZeVBPc0d3TzRwaHF5ZDc3cU56bV9sYWI0emhHZGIwbEZ4cklQUFRsdXJ3MFVfSmd1dTVtOWdFQUFnMjNVTkdSOUo1a0FrZFd3eHlyd2pPcjB6MjBfQ2RxQVY2RkdXd2RhZlU3VFNWakU0N0tETVdRSEMxd2hRSWU0cmNpNHdsUTM1SDVDck84TFB6MURVYzZ0aDZzci1Fb0V2Z28xTDZ5ZTl1dC0?oc=5\" target=\"_blank\" rel=\"nofollow noopener\">Adi\u00f3s al primer Zara de la historia: Inditex cerrar\u00e1 la tienda de la calle Juan Fl\u00f3rez de A Coru\u00f1a<\/a>&nbsp;&nbsp;Cinco D\u00edas<\/li>\n<li><a href=\"https:\/\/news.google.com\/rss\/articles\/CBMiqAFBVV95cUxPbHNicUlLbUZWdVhlVXVLcy15SlR6c0Uzek1aVUp3VF96MFFONzFybVhLNC1pRmpReXkzM3k2c2N6UVIyVzIxTVBxUUREamNpU0hxd1VieU42VDdUMWpfUm1VOVZvaVFzNHNaMVJMLXh4VUJBNDJ0SDU0NEphekFPZjRONmN6WkJIc1JIeVkzYTAyc0VMOXdQRV9CdURxWWhVRzI5dTY4LWk?oc=5\" target=\"_blank\" rel=\"nofollow noopener\">La hist\u00f3rica tienda inaugural de Zara en A Coru\u00f1a antes de su cierre<\/a>&nbsp;&nbsp;Faro de Vigo<\/li>\n<li><a href=\"https:\/\/news.google.com\/rss\/articles\/CBMiqgFBVV95cUxQSzB2SEpXMlRsSEIzRm5SazZPX2ljN3otSGdMTGR3R3IxMjJXYlUwbm90ak5VTGdQYXh5Ym9vbEVpNHhITTNXaFpoOE1aUVJoYkcxYm0xZTlOTTBOUC1jcTNEeFVFRW5sYmpHQzFac2pZVTV3U0h5NHowME5ZbVdTRF9QS01SLTljNlF5aU84a2VaZWlBLVJRSDlvVms3LWFQakVxUUtXMU5Ddw?oc=5\" target=\"_blank\" rel=\"nofollow noopener\">Zara cierra la primera tienda de su historia en el centro de La Coru\u00f1a<\/a>&nbsp;&nbsp;ABC<\/li>\n<\/ol>\n","protected":false},"excerpt":{"rendered":"Zara prev\u00e9 cerrar en A Coru\u00f1a la primera tienda abierta por su fundador, Amancio Ortega&nbsp;&nbsp;El Mundo Zara cierra&hellip;\n","protected":false},"author":2,"featured_media":342606,"comment_status":"","ping_status":"","sticky":false,"template":"","format":"standard","meta":{"footnotes":""},"categories":[80],"tags":[82,95,94,25,24,23],"class_list":{"0":"post-342605","1":"post","2":"type-post","3":"status-publish","4":"format-standard","5":"has-post-thumbnail","7":"category-economia","8":"tag-business","9":"tag-economia","10":"tag-economy","11":"tag-es","12":"tag-espana","13":"tag-spain"},"share_on_mastodon":{"url":"","error":""},"_links":{"self":[{"href":"https:\/\/www.europesays.com\/es\/wp-json\/wp\/v2\/posts\/342605","targetHints":{"allow":["GET"]}}],"collection":[{"href":"https:\/\/www.europesays.com\/es\/wp-json\/wp\/v2\/posts"}],"about":[{"href":"https:\/\/www.europesays.com\/es\/wp-json\/wp\/v2\/types\/post"}],"author":[{"embeddable":true,"href":"https:\/\/www.europesays.com\/es\/wp-json\/wp\/v2\/users\/2"}],"replies":[{"embeddable":true,"href":"https:\/\/www.europesays.com\/es\/wp-json\/wp\/v2\/comments?post=342605"}],"version-history":[{"count":0,"href":"https:\/\/www.europesays.com\/es\/wp-json\/wp\/v2\/posts\/342605\/revisions"}],"wp:featuredmedia":[{"embeddable":true,"href":"https:\/\/www.europesays.com\/es\/wp-json\/wp\/v2\/media\/342606"}],"wp:attachment":[{"href":"https:\/\/www.europesays.com\/es\/wp-json\/wp\/v2\/media?parent=342605"}],"wp:term":[{"taxonomy":"category","embeddable":true,"href":"https:\/\/www.europesays.com\/es\/wp-json\/wp\/v2\/categories?post=342605"},{"taxonomy":"post_tag","embeddable":true,"href":"https:\/\/www.europesays.com\/es\/wp-json\/wp\/v2\/tags?post=342605"}],"curies":[{"name":"wp","href":"https:\/\/api.w.org\/{rel}","templated":true}]}}