{"id":342609,"date":"2026-01-15T18:45:22","date_gmt":"2026-01-15T18:45:22","guid":{"rendered":"https:\/\/www.europesays.com\/es\/342609\/"},"modified":"2026-01-15T18:45:22","modified_gmt":"2026-01-15T18:45:22","slug":"la-subida-del-smi-incrementara-el-numero-de-beneficiarios-del-subsidio-para-mayores-de-52-anos","status":"publish","type":"post","link":"https:\/\/www.europesays.com\/es\/342609\/","title":{"rendered":"la subida del SMI incrementar\u00e1 el n\u00famero de beneficiarios del subsidio para mayores de 52 a\u00f1os"},"content":{"rendered":"<p>El Servicio P\u00fablico de Empleo Estatal (SEPE) gestiona una serie de subsidios destinados a proteger a los ciudadanos que se encuentran en situaci\u00f3n de desempleo y que no cuentan con recursos suficientes para cubrir sus necesidades b\u00e1sicas. Entre estas ayudas se encuentra el subsidio para mayores de 52 a\u00f1os, dirigido a personas que han agotado la prestaci\u00f3n contributiva por desempleo, que no tienen derecho a jubilaci\u00f3n anticipada y que cumplen ciertos requisitos de renta y cotizaci\u00f3n. La finalidad de este subsidio es garantizar un <b>ingreso m\u00ednimo mientras los beneficiarios se acercan a la edad ordinaria de jubilaci\u00f3n<\/b>.<\/p>\n<p>Para poder acceder al subsidio, los solicitantes deben acreditar una situaci\u00f3n legal de desempleo, estar inscritos como demandantes de empleo y haber cotizado un m\u00ednimo de seis a\u00f1os a lo largo de su vida laboral. Adem\u00e1s, sus rentas propias no pueden superar el 75% del salario m\u00ednimo interprofesional excluyendo pagas extraordinarias y deben comprometerse a cumplir el compromiso de actividad que exige el SEPE. La cuant\u00eda de la ayuda equivale al 80% del IPREM, <b>lo que en 2025 representa 480 euros mensuales<\/b>, y se puede percibir hasta alcanzar la edad ordinaria de jubilaci\u00f3n establecida por la Seguridad Social.<\/p>\n<p>En septiembre de 2025, el SEPE <b>contabilizaba 453.534 perceptores del subsidio de desempleo para mayores de 52 a\u00f1os<\/b>, lo que supone el 59% de los beneficiarios totales de ayudas asistenciales del Gobierno a parados sin recursos. Esto significa que casi seis de cada diez subsidios se destinaban a este colectivo, lo que refleja la importancia de esta prestaci\u00f3n dentro del sistema de protecci\u00f3n social y la dependencia de un amplio grupo de personas de este tipo de ayudas para mantener un nivel m\u00ednimo de ingresos.<\/p>\n<p>Los perceptores del subsidio deben declarar sus ingresos<\/p>\n<p>A finales de 2025, el Gobierno decidi\u00f3 anular la obligaci\u00f3n de presentar la declaraci\u00f3n del IRPF ante Hacienda para los perceptores de alguna de sus prestaciones al considerar que este tr\u00e1mite pod\u00eda perjudicar a los beneficiarios. Aunque la medida tambi\u00e9n se aplica al colectivo que recibe el subsidio para mayores de 52 a\u00f1os, los perceptores deben <b>rendir cuentas ante el SEPE mediante la Declaraci\u00f3n Anual de Rentas<\/b> (DAR) con el objetivo de establecer un mayor control sobre este grupo y verificar que siguen cumpliendo los requisitos de ingresos exigidos.<\/p>\n<p>Estos son los requisitos para acceder al subsidio<\/p>\n<p>La subida del salario m\u00ednimo interprofesional implica un ajuste en los l\u00edmites de ingresos y, por tanto, puede <b>incrementar el n\u00famero de beneficiarios del subsidio para mayores de 52 a\u00f1os<\/b>. Con la nueva propuesta de incremento, a\u00fan no aprobada, se recalcular\u00e1n las cantidades m\u00e1ximas de renta que permiten acceder a la ayuda. Los requisitos para percibir el subsidio incluyen tener la edad mencionada o superior, acreditar cotizaciones suficientes, carecer de rentas superiores al l\u00edmite establecido y cumplir con la inscripci\u00f3n como demandante de empleo y el compromiso de actividad.<\/p>\n<p>La cuant\u00eda de la ayuda permanece vinculada al IPREM y se percibe hasta la edad ordinaria de jubilaci\u00f3n, que en 2026 es de 65 a\u00f1os si se han cotizado 38 a\u00f1os y 3 meses o de<b> 66 a\u00f1os y 10 meses si no se cumplen esos a\u00f1os de cotizaci\u00f3n<\/b>. El subsidio asegura un ingreso m\u00ednimo durante el periodo de transici\u00f3n entre el desempleo prolongado y la jubilaci\u00f3n, siendo un elemento clave del sistema de seguridad social para este grupo de poblaci\u00f3n.<\/p>\n<p>\u00bfCu\u00e1l ser\u00e1 el l\u00edmite de ingresos m\u00ednimo para percibirlo?<\/p>\n<p>El Gobierno ha planteado una propuesta de subida del salario m\u00ednimo del 3,1% para 2026, hasta 1.221 euros brutos al mes en catorce pagas, lo que supone 37 euros m\u00e1s respecto a los 1.184 euros actuales. Aunque el incremento pueda parecer menor que en ejercicios anteriores, incluye la particularidad de que el salario quede exento de IRPF. Tomando como referencia los 1.221 euros, el l\u00edmite de ingresos para el subsidio, actualmente en el 75% del SMI equivalente a 888 euros, <b>pasar\u00eda a 915,75 euros mensuales, es decir, 27,75 euros m\u00e1s<\/b>. Esta propuesta coincide con una de las opciones recomendadas por el Comit\u00e9 de Expertos que asesora sobre el SMI y todav\u00eda requiere aprobaci\u00f3n oficial.<\/p>\n","protected":false},"excerpt":{"rendered":"El Servicio P\u00fablico de Empleo Estatal (SEPE) gestiona una serie de subsidios destinados a proteger a los ciudadanos&hellip;\n","protected":false},"author":2,"featured_media":342610,"comment_status":"","ping_status":"","sticky":false,"template":"","format":"standard","meta":{"footnotes":""},"categories":[8],"tags":[17,18,25,24,13,14,11,19,20,9,10,15,16,23,12,21,22],"class_list":{"0":"post-342609","1":"post","2":"type-post","3":"status-publish","4":"format-standard","5":"has-post-thumbnail","7":"category-espana","8":"tag-breaking-news","9":"tag-breakingnews","10":"tag-es","11":"tag-espana","12":"tag-featured-news","13":"tag-featurednews","14":"tag-headlines","15":"tag-latest-news","16":"tag-latestnews","17":"tag-news","18":"tag-noticias","19":"tag-noticias-destacadas","20":"tag-noticiasdestacadas","21":"tag-spain","22":"tag-titulares","23":"tag-ultimas-noticias","24":"tag-ultimasnoticias"},"share_on_mastodon":{"url":"https:\/\/pubeurope.com\/@es\/115900601038615514","error":""},"_links":{"self":[{"href":"https:\/\/www.europesays.com\/es\/wp-json\/wp\/v2\/posts\/342609","targetHints":{"allow":["GET"]}}],"collection":[{"href":"https:\/\/www.europesays.com\/es\/wp-json\/wp\/v2\/posts"}],"about":[{"href":"https:\/\/www.europesays.com\/es\/wp-json\/wp\/v2\/types\/post"}],"author":[{"embeddable":true,"href":"https:\/\/www.europesays.com\/es\/wp-json\/wp\/v2\/users\/2"}],"replies":[{"embeddable":true,"href":"https:\/\/www.europesays.com\/es\/wp-json\/wp\/v2\/comments?post=342609"}],"version-history":[{"count":0,"href":"https:\/\/www.europesays.com\/es\/wp-json\/wp\/v2\/posts\/342609\/revisions"}],"wp:featuredmedia":[{"embeddable":true,"href":"https:\/\/www.europesays.com\/es\/wp-json\/wp\/v2\/media\/342610"}],"wp:attachment":[{"href":"https:\/\/www.europesays.com\/es\/wp-json\/wp\/v2\/media?parent=342609"}],"wp:term":[{"taxonomy":"category","embeddable":true,"href":"https:\/\/www.europesays.com\/es\/wp-json\/wp\/v2\/categories?post=342609"},{"taxonomy":"post_tag","embeddable":true,"href":"https:\/\/www.europesays.com\/es\/wp-json\/wp\/v2\/tags?post=342609"}],"curies":[{"name":"wp","href":"https:\/\/api.w.org\/{rel}","templated":true}]}}