{"id":342627,"date":"2026-01-15T18:59:07","date_gmt":"2026-01-15T18:59:07","guid":{"rendered":"https:\/\/www.europesays.com\/es\/342627\/"},"modified":"2026-01-15T18:59:07","modified_gmt":"2026-01-15T18:59:07","slug":"tamara-falco-acudira-esta-noche-a-el-hormiguero-pese-al-escandalo-del-caso-de-julio-iglesias","status":"publish","type":"post","link":"https:\/\/www.europesays.com\/es\/342627\/","title":{"rendered":"Tamara Falc\u00f3 acudir\u00e1 esta noche a \u2018El Hormiguero\u2019 pese al esc\u00e1ndalo del caso de Julio Iglesias"},"content":{"rendered":"\n<p> Fin a las especulaciones. Tras ponerse en contacto con el grupo Atresmedia y la productora \u20187yacci\u00f3n\u2019, responsables de la realizaci\u00f3n y emisi\u00f3n de \u2018El Hormiguero\u2019, Vanitatis confirma que<strong> Tamara Falc\u00f3 formar\u00e1 parte esta noche, como cada jueves<\/strong>, de la mesa del debate de actualidad presentado por Pablo Motos; al que hoy acudir\u00e1 <a href=\"https:\/\/www.vanitatis.elconfidencial.com\/estilo\/ocio\/2026-01-15\/can-yaman-sex-symbol-el-turco-lo-mejor-lo-peor_4283874\/\" target=\"_self\" rel=\"nofollow noopener\">Can Yaman como estrella invitada<\/a>. <\/p>\n<p> <strong>S\u00ed, pese al esc\u00e1ndalo del<a href=\"https:\/\/www.vanitatis.elconfidencial.com\/famosos\/2026-01-13\/julio-iglesias-agresion-sexual-extrabajadoras-ivestigacion_4282692\/\" target=\"_self\" rel=\"nofollow noopener\"> caso de Julio Iglesias<\/a><\/strong>, ex marido de su madre, Isabel Preysler, y padre de tres de sus hermanos, Ch\u00e1beli, Enrique y Julio Jr, a quien ella apoda cari\u00f1osamente \u2018Tito Julio\u2019, la marquesa de Gri\u00f1\u00f3n no ha querido eludir su cita televisiva semanal, tal y como se hab\u00eda rumoreado que pod\u00eda suceder. Eso s\u00ed, ninguna de las fuentes consultadas puede garantizarnos al 100% si se pronunciar\u00e1 o no sobre las acusaciones vertidas hacia el cantante. <\/p>\n<p>               Tamara Falc\u00f3 en &#8216;El hormiguero&#8217;. (Instagram)             <\/p>\n<p> Por lo tanto,<strong> la expectaci\u00f3n es m\u00e1xima. <\/strong>Por un lado, resultar\u00eda l\u00f3gico que no lo hiciese, debido a que el entorno del artista ha guardado un f\u00e9rreo silencio respecto al tema. Por otro, Tamara Falc\u00f3 siempre ha utilizado su participaci\u00f3n en \u2018El Hormiguero\u2019 como un altavoz seguro en el que pronunciarse sin cortapisas sobre todas sus pol\u00e9micas; entre ellas<a href=\"https:\/\/www.vanitatis.elconfidencial.com\/famosos\/2023-01-13\/tamara-falco-reconciliacion-inigo-onieva_3556873\/\" target=\"_self\" rel=\"nofollow noopener\"> la interrupci\u00f3n de su relaci\u00f3n con su actual marido \u00cd\u00f1igo Onieva<\/a>. Adem\u00e1s, el programa de Antena 3 ya ha abordado este asunto d\u00edas atr\u00e1s. <\/p>\n<p> Sin embargo,<strong> estas \u00faltimas 72 horas ha optado por una cautela absoluta.<\/strong> La marquesa de Gri\u00f1\u00f3n no ha sido interceptada por ning\u00fan tipo de equipo de reporteros, midiendo al m\u00e1ximo sus salidas y movimientos, y tampoco ha hecho referencia alguna en sus perfiles de redes sociales. <\/p>\n<p>               Tamara Falc\u00f3 e Isabel Preysler, en &#8216;El hormiguero&#8217;. (Antena 3)             <\/p>\n<p> Si diera el paso,<strong> se convertir\u00eda en la tercera persona del c\u00edrculo m\u00e1s cercano<\/strong> de Julio Iglesias en mostrar su opini\u00f3n de manera p\u00fablica. Antes de ella ya lo habr\u00edan hecho Miguel \u00c1ngel Past\u00f3, jefe de prensa del artista durante a\u00f1os, y su \u00edntimo amigo Ram\u00f3n Arcusa, los cuales insisten en destacar el aspecto m\u00e1s positivo del cantante y asegurar que el informe period\u00edstico les ha resultado sorprendente. En el caso de su madre, Isabel Preysler, solo hemos podido conocer que<a href=\"https:\/\/www.vanitatis.elconfidencial.com\/famosos\/2026-01-13\/reaccion-isabel-preysler-shock-denuncia-julio-iglesias-agresion-sexual_4283179\/\" target=\"_self\" rel=\"nofollow noopener\"> permanece \u201cen shock\u201d<\/a>. <\/p>\n<p>            La base de caso           <\/p>\n<p> Fue el pasado lunes 12 de enero, cuando despu\u00e9s de tres a\u00f1os de investigaci\u00f3n period\u00edstica, &#8216;eldiario.es&#8217;, en colaboraci\u00f3n con Univisi\u00f3n, publicaba el testimonio de dos ex empleadas del artista, quienes<strong> le acusan de haber cometido los presuntos delitos de abusos sexuales<\/strong>, acoso laboral y trata de seres humanos. Adem\u00e1s, ambas, respaldadas por la organizaci\u00f3n \u2018Women&#8217;s link worldwide\u2019, han presentado una denuncia por la que se han abierto diligencias en la Audiencia Nacional. <\/p>\n<p>            La reacci\u00f3n del propio Julio Iglesias           <\/p>\n<p> Vanitatis pudo saber en exclusiva <strong><a href=\"https:\/\/www.vanitatis.elconfidencial.com\/famosos\/2026-01-14\/julio-iglesias-preocupado-pide-ayuda-a-sus-amigos-reaccion-cantante-demanda_4283791\/\" target=\"_self\" rel=\"nofollow noopener\">cu\u00e1l fue la reacci\u00f3n de Julio Iglesias a este esc\u00e1ndalo<\/a><\/strong> interplanetario. Tal y como su entorno nos asegur\u00f3, el cantante a\u00fan no entiende nada y horas despu\u00e9s de saltar la noticia, concretamente a las 8am de Bahamas -2 de la tarde en Espa\u00f1a-, ya estaba levantado y realizando llamadas continuas a muchas de sus personas de confianza que a\u00fan viven en nuestro pa\u00eds.A trav\u00e9s de estas pidi\u00f3 expresamente que le fueran informando de lo que se estaba diciendo en los medios de comunicaci\u00f3n y cu\u00e1l era el pulso de la opini\u00f3n p\u00fablica. <\/p>\n<p>                   Julio Iglesias, en una imagen de archivo. (Gtres)             <\/p>\n<p> Siguiendo lo narrado a nuestro medio, m\u00e1s all\u00e1 del terreno legal,<strong> Julio Iglesias guarda una especial preocupaci\u00f3n<\/strong>: c\u00f3mo el caso podr\u00eda destruir por completo la reputaci\u00f3n de una excelsa trayectoria profesional de m\u00e1s de medio siglo. Adem\u00e1s, estas graves acusaciones coinciden en tiempo y espacio con la serie que una conocida plataforma internacional se encuentra realizando para resaltar su mito. S\u00ed, tiene miedo de que el proyecto sea cancelado. Este pensamiento es un vaticinio para \u00e9l y su entorno. <\/p>\n<p> Una postura similar guardan sus personas de confianza.<strong> \u201cNo es el Julio que conocemos\u201d, repiten una y otra vez. <\/strong>En nuestra llamada telef\u00f3nica con sus amigos en Espa\u00f1a dicha frase tambi\u00e9n se pronunci\u00f3 en numerosas ocasiones. Solo el tiempo y la Justicia ser\u00e1n capaces de resolver este complejo entramado. <\/p>\n<p> Fin a las especulaciones. Tras ponerse en contacto con el grupo Atresmedia y la productora \u20187yacci\u00f3n\u2019, responsables de la realizaci\u00f3n y emisi\u00f3n de \u2018El Hormiguero\u2019, Vanitatis confirma que<strong> Tamara Falc\u00f3 formar\u00e1 parte esta noche, como cada jueves<\/strong>, de la mesa del debate de actualidad presentado por Pablo Motos; al que hoy acudir\u00e1 <a href=\"https:\/\/www.vanitatis.elconfidencial.com\/estilo\/ocio\/2026-01-15\/can-yaman-sex-symbol-el-turco-lo-mejor-lo-peor_4283874\/\" target=\"_self\" rel=\"nofollow noopener\">Can Yaman como estrella invitada<\/a>. <\/p>\n","protected":false},"excerpt":{"rendered":"Fin a las especulaciones. Tras ponerse en contacto con el grupo Atresmedia y la productora \u20187yacci\u00f3n\u2019, responsables de&hellip;\n","protected":false},"author":2,"featured_media":342628,"comment_status":"","ping_status":"","sticky":false,"template":"","format":"standard","meta":{"footnotes":""},"categories":[171],"tags":[146,147,25,24,23,214],"class_list":{"0":"post-342627","1":"post","2":"type-post","3":"status-publish","4":"format-standard","5":"has-post-thumbnail","7":"category-tv","8":"tag-entertainment","9":"tag-entretenimiento","10":"tag-es","11":"tag-espana","12":"tag-spain","13":"tag-tv"},"share_on_mastodon":{"url":"https:\/\/pubeurope.com\/@es\/115900656172680027","error":""},"_links":{"self":[{"href":"https:\/\/www.europesays.com\/es\/wp-json\/wp\/v2\/posts\/342627","targetHints":{"allow":["GET"]}}],"collection":[{"href":"https:\/\/www.europesays.com\/es\/wp-json\/wp\/v2\/posts"}],"about":[{"href":"https:\/\/www.europesays.com\/es\/wp-json\/wp\/v2\/types\/post"}],"author":[{"embeddable":true,"href":"https:\/\/www.europesays.com\/es\/wp-json\/wp\/v2\/users\/2"}],"replies":[{"embeddable":true,"href":"https:\/\/www.europesays.com\/es\/wp-json\/wp\/v2\/comments?post=342627"}],"version-history":[{"count":0,"href":"https:\/\/www.europesays.com\/es\/wp-json\/wp\/v2\/posts\/342627\/revisions"}],"wp:featuredmedia":[{"embeddable":true,"href":"https:\/\/www.europesays.com\/es\/wp-json\/wp\/v2\/media\/342628"}],"wp:attachment":[{"href":"https:\/\/www.europesays.com\/es\/wp-json\/wp\/v2\/media?parent=342627"}],"wp:term":[{"taxonomy":"category","embeddable":true,"href":"https:\/\/www.europesays.com\/es\/wp-json\/wp\/v2\/categories?post=342627"},{"taxonomy":"post_tag","embeddable":true,"href":"https:\/\/www.europesays.com\/es\/wp-json\/wp\/v2\/tags?post=342627"}],"curies":[{"name":"wp","href":"https:\/\/api.w.org\/{rel}","templated":true}]}}