{"id":342629,"date":"2026-01-15T19:00:07","date_gmt":"2026-01-15T19:00:07","guid":{"rendered":"https:\/\/www.europesays.com\/es\/342629\/"},"modified":"2026-01-15T19:00:07","modified_gmt":"2026-01-15T19:00:07","slug":"harry-styles-anuncia-disco-kiss-all-the-time-disco-occasionally-jenesaispop-com","status":"publish","type":"post","link":"https:\/\/www.europesays.com\/es\/342629\/","title":{"rendered":"Harry Styles anuncia disco, &#8216;Kiss All The Time. Disco, Occasionally&#8217; \u2013 jenesaispop.com"},"content":{"rendered":"<p>La espera ha terminado. Harry Styles acaba de revelar que su cuarto \u00e1lbum, titulado \u2018Kiss All The Time. Disco, Occasionally\u2019, estar\u00e1 disponible el pr\u00f3ximo 6 de marzo. <\/p>\n<p>Tras la aparici\u00f3n de unos misteriosos carteles en diferentes ciudades alrededor del mundo, con mensajes como <a href=\"https:\/\/jenesaispop.com\/2026\/01\/12\/514399\/harry-styles-regreso\/\" rel=\"noopener nofollow\" target=\"_blank\">\u00abwe belong together\u00bb<\/a> o \u00absee you very soon\u00bb, el exmiembro de One Direction ha anunciado la llegada del sucesor de <a href=\"https:\/\/jenesaispop.com\/2022\/05\/23\/434391\/harry-styles-harrys-house\/\" rel=\"noopener nofollow\" target=\"_blank\">\u2018Harry\u2019s House\u2019<\/a>. <\/p>\n<p>Se sabe que este tendr\u00e1 12 canciones y que estar\u00e1 coproducido por Kid Harpoon, que ya estuvo ampliamente involucrado en  los tres discos anteriores del artista brit\u00e1nico y tambi\u00e9n fue una parte clave de otros macrohits, como \u2018Flowers\u2019 de Miley Cyrus. De momento, no hay informaci\u00f3n sobre el primer single del proyecto.<\/p>\n<p>\u2018Harry\u2019s House\u2019 fue el segundo disco m\u00e1s escuchado de 2022 y todo indica que \u2018Kiss All The Time. Disco, Occasionally\u2019, pese a su misterioso t\u00edtulo, tambi\u00e9n ser\u00e1 uno de los grandes lanzamientos de 2026.<\/p>\n<blockquote class=\"instagram-media\" data-instgrm-captioned=\"\" data-instgrm-permalink=\"https:\/\/www.instagram.com\/p\/DTifcA4j7a5\/?utm_source=ig_embed&amp;utm_campaign=loading\" data-instgrm-version=\"14\" style=\" background:#FFF; border:0; border-radius:3px; box-shadow:0 0 1px 0 rgba(0,0,0,0.5),0 1px 10px 0 rgba(0,0,0,0.15); margin: 1px; max-width:540px; min-width:326px; padding:0; width:99.375%; width:-webkit-calc(100% - 2px); width:calc(100% - 2px);\">\n<\/blockquote>\n<blockquote class=\"twitter-tweet\">\n<p lang=\"en\" dir=\"ltr\">Physical editions of Harry Styles\u2019 new album, \u2018Kiss All The Time. Disco, Occasionally.\u2019 <a href=\"https:\/\/t.co\/y3eQDCvypE\" rel=\"nofollow\">pic.twitter.com\/y3eQDCvypE<\/a><\/p>\n<p>\u2014 Pop Crave (@PopCrave) <a href=\"https:\/\/twitter.com\/PopCrave\/status\/2011847786405196223?ref_src=twsrc%5Etfw\" rel=\"nofollow noopener\" target=\"_blank\">January 15, 2026<\/a><\/p>\n<\/blockquote>\n<p><script async src=\"https:\/\/platform.twitter.com\/widgets.js\" charset=\"utf-8\"><\/script><script async src=\"\/\/www.instagram.com\/embed.js\"><\/script><\/p>\n","protected":false},"excerpt":{"rendered":"La espera ha terminado. Harry Styles acaba de revelar que su cuarto \u00e1lbum, titulado \u2018Kiss All The Time.&hellip;\n","protected":false},"author":2,"featured_media":342630,"comment_status":"","ping_status":"","sticky":false,"template":"","format":"standard","meta":{"footnotes":""},"categories":[170],"tags":[146,147,25,24,16495,184,185,23],"class_list":{"0":"post-342629","1":"post","2":"type-post","3":"status-publish","4":"format-standard","5":"has-post-thumbnail","7":"category-musica","8":"tag-entertainment","9":"tag-entretenimiento","10":"tag-es","11":"tag-espana","12":"tag-harry-styles","13":"tag-music","14":"tag-musica","15":"tag-spain"},"share_on_mastodon":{"url":"https:\/\/pubeurope.com\/@es\/115900660757131298","error":""},"_links":{"self":[{"href":"https:\/\/www.europesays.com\/es\/wp-json\/wp\/v2\/posts\/342629","targetHints":{"allow":["GET"]}}],"collection":[{"href":"https:\/\/www.europesays.com\/es\/wp-json\/wp\/v2\/posts"}],"about":[{"href":"https:\/\/www.europesays.com\/es\/wp-json\/wp\/v2\/types\/post"}],"author":[{"embeddable":true,"href":"https:\/\/www.europesays.com\/es\/wp-json\/wp\/v2\/users\/2"}],"replies":[{"embeddable":true,"href":"https:\/\/www.europesays.com\/es\/wp-json\/wp\/v2\/comments?post=342629"}],"version-history":[{"count":0,"href":"https:\/\/www.europesays.com\/es\/wp-json\/wp\/v2\/posts\/342629\/revisions"}],"wp:featuredmedia":[{"embeddable":true,"href":"https:\/\/www.europesays.com\/es\/wp-json\/wp\/v2\/media\/342630"}],"wp:attachment":[{"href":"https:\/\/www.europesays.com\/es\/wp-json\/wp\/v2\/media?parent=342629"}],"wp:term":[{"taxonomy":"category","embeddable":true,"href":"https:\/\/www.europesays.com\/es\/wp-json\/wp\/v2\/categories?post=342629"},{"taxonomy":"post_tag","embeddable":true,"href":"https:\/\/www.europesays.com\/es\/wp-json\/wp\/v2\/tags?post=342629"}],"curies":[{"name":"wp","href":"https:\/\/api.w.org\/{rel}","templated":true}]}}