{"id":342631,"date":"2026-01-15T19:01:15","date_gmt":"2026-01-15T19:01:15","guid":{"rendered":"https:\/\/www.europesays.com\/es\/342631\/"},"modified":"2026-01-15T19:01:15","modified_gmt":"2026-01-15T19:01:15","slug":"boletin-marvel-314-zona-negativa","status":"publish","type":"post","link":"https:\/\/www.europesays.com\/es\/342631\/","title":{"rendered":"Bolet\u00edn Marvel #314 &#8211; Zona Negativa"},"content":{"rendered":"<p>        <a href=\"https:\/\/www.milcomics.com\/\" target=\"_blank\" onclick=\"gtag(&#039;event&#039;, &#039;Banner-MilComics&#039;, { &#039;event_category&#039;: &#039;Banner-MilComics&#039;, &#039;event_action&#039;:&#039;Banner-MilComics&#039;,&#039;event_label&#039;:&#039;Banner-MilComics&#039; });\" rel=\"nofollow noopener\"><img decoding=\"async\" src=\"https:\/\/www.europesays.com\/es\/wp-content\/uploads\/2025\/09\/banner-milcomics-header.jpg\"\/><\/a><\/p>\n<p>\u00a1Bienvenidos una vez m\u00e1s a un nuevo y reluciente Bolet\u00edn Marvel! <strong>Marvel Comics<\/strong> ha presentado una gran serie de noticias con las que no dejar\u00e1 indiferente a nadie, aunque hay un protagonista muy claro: el esperado cruce entre Spiderman y Superman. Este one-shot supone un acontecimiento hist\u00f3rico que unir\u00e1 nuevamente a dos iconos absolutos del c\u00f3mic y que ya apunta a convertirse en uno de los lanzamientos m\u00e1s comentados del a\u00f1o, junto con el especial por parte de <strong>DC<\/strong>. <\/p>\n<p>Adem\u00e1s de este bombazo, <strong>Marvel Comics<\/strong> sigue revelando detalles clave del desenlace del Universo Ultimate y tambi\u00e9n tenemos noticias de un one-shot que supondr\u00e1 el choque de dos grandes villanos que son aut\u00e9nticos titanes.<\/p>\n<p>\u00a1Pasen y lean!<\/p>\n<li><a href=\"#Indice1\">Marvel detalla los \u00faltimos n\u00fameros del Universo Ultimate<\/a><\/li>\n<li><a href=\"#Indice2\">Muerte 2099 luchar\u00e1 contra Ultr\u00f3n<\/a><\/li>\n<li><a href=\"#Indice3\">Anunciado el one-shot Spider-Man\/Superman<\/a><\/li>\n<li><a href=\"#Indice99\">Resto de noticias<\/a><\/li>\n<p>Marvel detalla los \u00faltimos n\u00fameros del Universo Ultimate<\/p>\n<p>Este abril llegar\u00e1 el final del Universo Ultimate de <strong>Marvel Comics<\/strong> con Ultimate Universe Finale #1, junto con los \u00faltimos n\u00fameros de Ultimate Wolverine, The Ultimates y Ultimate Endgame.<\/p>\n<p>Ultimate Endgame #1 marc\u00f3 el comienzo del fin del Universo Ultimate con un evento de cinco partes realizado por <strong>Deniz Camp<\/strong>, <strong>Jonas Scharf<\/strong> y <strong>Terry Dodson<\/strong>. Sin embargo, tras la conclusi\u00f3n de Ultimate Endgame #5 en abril, llegar\u00e1 un especial autoconclusivo titulado Ultimate Universe Finale #1, el cual reunir\u00e1 a todos los creadores de las series Ultimate para una despedida final.<\/p>\n<p>Ahora, pasemos a conocer los \u00faltimos cuatro n\u00fameros de este universo y que podremos leer en abril:<\/p>\n<p>\u2013 The Ultimates #24:<br \/>Hulka y los compa\u00f1eros que a\u00fan le quedan se enfrentan al villano Hulk en una batalla brutal, de todo o nada, en la Isla Gamma. A la venta el 1 de abril de 2026.<\/p>\n<p>\u2013 Ultimate Wolverine #16:<br \/>Lobezno y F\u00e9nix siguen el rastro de Magik hasta la dimensi\u00f3n demon\u00edaca del Limbo para un enfrentamiento \u00e9pico y devastador. Para escapar del reino de magia oscura de Illyana, deber\u00e1 hacerse un sacrificio final, uno que conducir\u00e1 directamente a Ultimate Endgame #5. Disponible el 15 de abril de 2026.<\/p>\n<p>\t\t\t\t<a href=\"https:\/\/www.zonanegativa.com\/boletin-marvel-314\/the-ultimates-24-boletin-marvel-314\/\" rel=\"nofollow noopener\" target=\"_blank\"><img fetchpriority=\"high\" decoding=\"async\" width=\"300\" height=\"226\" src=\"https:\/\/www.europesays.com\/es\/wp-content\/uploads\/2026\/01\/The-Ultimates-24-Boletin-Marvel-314--300x226.jpg\" class=\"attachment-medium size-medium\" alt=\"The Ultimates 24 -Bolet\u00edn Marvel 314-\"  \/><\/a><\/p>\n<p>\t\t\t\t<a href=\"https:\/\/www.zonanegativa.com\/boletin-marvel-314\/ultimate-wolverine-16-boletin-marvel-314\/\" rel=\"nofollow noopener\" target=\"_blank\"><img loading=\"lazy\" decoding=\"async\" width=\"300\" height=\"226\" src=\"https:\/\/www.europesays.com\/es\/wp-content\/uploads\/2026\/01\/Ultimate-Wolverine-16-Boletin-Marvel-314--300x226.jpg\" class=\"attachment-medium size-medium\" alt=\"Ultimate Wolverine 16 -Bolet\u00edn Marvel 314-\"  \/><\/a><\/p>\n<p>\u2013 Ultimate Endgame #5:<br \/>El universo pende de un hilo mientras nuestros exhaustos h\u00e9roes afrontan su desaf\u00edo final y aplastante: el enfrentamiento definitivo y catacl\u00edsmico contra el Hacedor. Todo por lo que han luchado, todo en lo que creen, ser\u00e1 puesto a prueba en este electrizante n\u00famero final en formato Giant-Size. No hay m\u00e1s retiradas, no hay segundas oportunidades. Disponible el 22 de abril de 2026.<\/p>\n<p>\u2013 Ultimate Universe Finale #1:<br \/>\u00a1La despedida definitiva! Tras los acontecimientos de Ultimate Endgame #5, los equipos creativos de todos los t\u00edtulos Ultimate se re\u00fanen por \u00faltima vez para decir adi\u00f3s\u2026 En tiendas el 29 de abril de 2026.<\/p>\n<p>Puedes ver las portadas, sinopsis y m\u00e1s informaci\u00f3n <a href=\"https:\/\/www.marvel.com\/articles\/comics\/ultimate-universe-finale-1-cover-april-2026-roundup\" rel=\"noopener nofollow\" target=\"_blank\">aqu\u00ed<\/a>.<\/p>\n<p>\t\t\t\t<a href=\"https:\/\/www.zonanegativa.com\/boletin-marvel-314\/ultimate-endgame-5-boletin-marvel-314\/\" rel=\"nofollow noopener\" target=\"_blank\"><img loading=\"lazy\" decoding=\"async\" width=\"300\" height=\"226\" src=\"https:\/\/www.europesays.com\/es\/wp-content\/uploads\/2026\/01\/Ultimate-Endgame-5-Boletin-Marvel-314--300x226.jpg\" class=\"attachment-medium size-medium\" alt=\"Ultimate Endgame 5 -Bolet\u00edn Marvel 314-\"  \/><\/a><\/p>\n<p>\t\t\t\t<a href=\"https:\/\/www.zonanegativa.com\/boletin-marvel-314\/ultimate-universe-finale-1-boletin-marvel-314\/\" rel=\"nofollow noopener\" target=\"_blank\"><img loading=\"lazy\" decoding=\"async\" width=\"300\" height=\"226\" src=\"https:\/\/www.europesays.com\/es\/wp-content\/uploads\/2026\/01\/Ultimate-Universe-Finale-1-Boletin-Marvel-314--300x226.jpg\" class=\"attachment-medium size-medium\" alt=\"Ultimate Universe Finale 1 -Bolet\u00edn Marvel 314-\"  \/><\/a><\/p>\n<p>Muerte 2099 luchar\u00e1 contra Ultr\u00f3n<\/p>\n<p>Este abril, <strong>Frank Tieri<\/strong> continuar\u00e1 su saga de Doom 2099 y se unir\u00e1 al dibujante <strong>Von Randal<\/strong> para el one-shot Doom 2099: Rage of Doom #1.<\/p>\n<p>Este especial retomar\u00e1 los hilos que quedaron sueltos tras Doomed 2099 del a\u00f1o pasado. La historia mostrar\u00e1 a Muerte lidiando con las consecuencias catastr\u00f3ficas de su propio hechizo, el cual acab\u00f3 con toda la vida en la Tierra. Desesperado por deshacer el da\u00f1o, descubre la cabeza de Ultr\u00f3n y lo arriesga todo para reparar su m\u00e1quina del tiempo\u2026 s\u00f3lo para darse cuenta de que revivir a una IA despiadada podr\u00eda desatar una rebeli\u00f3n que ni siquiera \u00e9l podr\u00e1 controlar.<\/p>\n<p><strong>Frank Tieri<\/strong> a\u00f1adi\u00f3 que ahora contemplaremos la batalla entre dos de los mayores villanos de todos los tiempos del c\u00f3mic. Tras el impactante final del \u00faltimo especial, se revel\u00f3 que Muerte 2099 era responsable de borrar su propia l\u00ednea temporal y toda la vida en la Tierra, y ahora los fans podremos saber c\u00f3mo lleg\u00f3 a ese punto.<\/p>\n<p>Doom 2099: Rage of Doom #1 llegar\u00e1 a las tiendas el 29 de abril de 2026.<\/p>\n<p>Puedes ver la portada principal, las alternativas y m\u00e1s informaci\u00f3n <a href=\"https:\/\/aiptcomics.com\/2026\/01\/13\/doom-2099-rage-of-doom-1-announcement\/\" rel=\"noopener nofollow\" target=\"_blank\">aqu\u00ed<\/a>.<\/p>\n<p><img loading=\"lazy\" decoding=\"async\" src=\"https:\/\/www.europesays.com\/es\/wp-content\/uploads\/2026\/01\/Doom-2099-Rage-of-Doom-Boletin-Marvel-314-.jpg\" alt=\"Doom 2099 Rage of Doom -Bolet\u00edn Marvel 314-\" width=\"532\" height=\"400\" class=\"aligncenter size-full wp-image-272923\"  \/><\/p>\n<p>Anunciado el one-shot Spider-Man\/Superman<\/p>\n<p>Justo ayer, <strong>Marvel Comics<\/strong> anunci\u00f3 el nuevo especial autoconclusivo entre <strong>Marvel<\/strong> y <strong>DC<\/strong> que se lanzar\u00e1 en abril bajo el t\u00edtulo Spider-Man\/Superman.<\/p>\n<p>Tras el enorme \u00e9xito de Deadpool\/Batman #1 del a\u00f1o pasado y celebrando el 50 aniversario de Superman vs. The Amazing Spider-Man \u2014el primer crossover entre ambas compa\u00f1\u00edas\u2014, <strong>Marvel<\/strong> y <strong>DC<\/strong> volver\u00e1n a reunirse este abril. Al igual que el crossover del a\u00f1o pasado, los fans podr\u00e1n disfrutar de una doble dosis de historias hist\u00f3ricas, ya que <strong>DC<\/strong> publicar\u00e1 en marzo un especial independiente titulado Superman\/Spider-Man.<\/p>\n<p>En cuanto a la historia principal, en la que Spiderman y Superman unen fuerzas, estar\u00e1 escrita por <strong>Brad Meltzer<\/strong> y dibujada por <strong>Pepe Larraz<\/strong>. Luego, tendremos diversas historias extra a cargo de un elenco monumental de talentos de la industria, todas ellas coprotagonizadas por personajes de <strong>Marvel<\/strong> y <strong>DC<\/strong>, incluyendo algunas sorpresas de las que los lectores estar\u00e1n hablando durante los pr\u00f3ximos cincuenta a\u00f1os.<\/p>\n<p><img loading=\"lazy\" decoding=\"async\" src=\"https:\/\/www.europesays.com\/es\/wp-content\/uploads\/2026\/01\/Spider-Man-Superman-Imagen-destacada-600x388.jpg\" alt=\"Spider-Man Superman Imagen destacada\" width=\"600\" height=\"388\" class=\"aligncenter size-large wp-image-272916\"  \/><\/p>\n<p>Podremos esperar las siguientes historias:<\/p>\n<p>\u2013 <strong>Brad Meltzer<\/strong> y <strong>Pepe Larraz<\/strong> enfrentan a Spiderman y Superman contra Lex Luthor y Norman Osborn.<\/p>\n<p>\u2013 <strong>Dan Slott<\/strong> y <strong>Marcos Martin<\/strong> nos trasladan a los sombr\u00edos a\u00f1os 30 con Spiderman Noir y el Superman de la Edad de Oro.<\/p>\n<p>\u2013 <strong>Geoff Johns<\/strong> y <strong>Gary Frank<\/strong> enfrentan a las familias de Superman y Spiderman.<\/p>\n<p>\u2013 <strong>Jason Aaron<\/strong> y <strong>Russell Dauterman<\/strong> llevan una horda de simbiontes a Metr\u00f3polis con Jane Foster como la Poderosa Thor, Wonder Woman y m\u00e1s.<\/p>\n<p>\u2013 <strong>Louise Simonson<\/strong> y <strong>Todd Nauck<\/strong> forjan la historia del enfrentamiento de John Henry Irons con El Duende.<\/p>\n<p>\u2013 <strong>Joe Kelly<\/strong> y <strong>Humberto Ramos<\/strong> presentan un crossover universitario entre Gwen Stacy y Lana Lang.<\/p>\n<p>\u2013 <strong>Brian Michael Bendis<\/strong> y <strong>Sara Pichelli<\/strong> re\u00fanen a Spiderman (Miles Morales) y Superman.<\/p>\n<p>Marvel\/DC: Spider-Man\/Superman #1 estar\u00e1 a la venta el 15 de abril de 2026.<\/p>\n<p>Puedes ver la portada principal, las alternativas y m\u00e1s informaci\u00f3n <a href=\"https:\/\/www.marvel.com\/articles\/comics\/spider-man-superman-marvel-dc-new-crossover-variant-covers-april-2026\" rel=\"noopener nofollow\" target=\"_blank\">aqu\u00ed<\/a>.<\/p>\n<p><img loading=\"lazy\" decoding=\"async\" src=\"https:\/\/www.europesays.com\/es\/wp-content\/uploads\/2026\/01\/Spider-Man-Superman-1-Pichelli.jpg\" alt=\"Spider-Man Superman 1 Pichelli\" width=\"532\" height=\"400\" class=\"aligncenter size-full wp-image-272917\"  \/><\/p>\n<p>Resto de noticias<\/p>\n<li> <strong>Marvel Comics<\/strong> ha entrevistado a la guionista <strong>Stephanie Phillips<\/strong> para conocer m\u00e1s detalles de Daredevil #1. Durante la entrevista podemos ver preguntas y respuestas como el motivo de convertir a Matt en profesor de Derecho y los desaf\u00edos que enfrenta el aula, qu\u00e9 nos puede adelantar del villano Omen, qu\u00e9 hace que este c\u00f3mic sea un buen punto de partida, c\u00f3mo intercambia ideas con <strong>Lee Garbett<\/strong>, entre otras. Puedes leer la entrevista completa <a href=\"https:\/\/www.marvel.com\/articles\/comics\/daredevil-1-preview-stephanie-phillips-interview-omen-new-villain-matt-murdock\" rel=\"noopener nofollow\" target=\"_blank\">aqu\u00ed<\/a>. <\/li>\n<li> <strong>ComicBook<\/strong> ha entrevistado a <strong>Stephanie Phillips<\/strong> con motivo del pr\u00f3ximo lanzamiento de Daredevil #1. Durante la entrevista podemos ver preguntas y respuestas como pueden ser c\u00f3mo ha sido para ella enfrentarse a Matt Murdock, qu\u00e9 deben esperar los lectores de esta serie, si nos puede adelantar algo sobre el villano Omen, qu\u00e9 es lo que m\u00e1s le entusiasma de escribir Daredevil y qu\u00e9 deber\u00eda entusiasmar m\u00e1s a los lectores sobre esta serie y cu\u00e1l es su historia favorita de Daredevil, entre otras. Puedes leer la entrevista completa <a href=\"https:\/\/comicbook.com\/comics\/news\/daredevil-is-entering-a-new-era-with-a-chilling-new-villain-and-we-have-a-first-look-exclusive\/\" rel=\"noopener nofollow\" target=\"_blank\">aqu\u00ed<\/a>. <\/li>\n<li> <strong>AIPT<\/strong> ha realizado una entrevista al editor <strong>Tom Brevoort<\/strong> para saber m\u00e1s de la etapa Shadows of Tomorrow de los mutantes. Durante la entrevista, podemos ver preguntas y respuestas como en qu\u00e9 aspectos se diferenciar\u00e1 esta etapa de la anterior, si la anterior etapa produjo alg\u00fan aprendizaje que hayan aplicado en Shadows of Tomorrow, d\u00f3nde encaja la nueva serie de C\u00edclope y qu\u00e9 consecuencias podr\u00eda tener para el personaje y la Patrulla-X, qu\u00e9 motiv\u00f3 a la X-Office a continuar el arco de Bestia de Krakoa en esta nueva era, qu\u00e9 le depara a F\u00e9nix en 2026 m\u00e1s all\u00e1 del pr\u00f3ximo Annual, entre otras. Puedes leer la entrevista completa <a href=\"https:\/\/aiptcomics.com\/2026\/01\/12\/x-men-monday-brevoort-shadows-tomorrow\/\" rel=\"noopener nofollow\" target=\"_blank\">aqu\u00ed<\/a>. <\/li>\n<li> <strong>Marvel<\/strong> ha compartido las portadas y sinopsis de los c\u00f3mics mutantes que se lanzar\u00e1n en abril de 2026. Entre ellos, podemos contar con The Uncanny X-Men Annual #1, Cyclops #3 (de 5), Generation X-23 #3, Inglorious X-Force #4, Magik &amp; Colossus #3 (de 5), Moonstar #2 (de 5), Rogue #4 (de 5), Storm: Earth\u2019s Mightiest Mutant #3 (de 5), The Uncanny X-Men #26-27, Wade Wilson: Deadpool #3, Wolverine #18-19, X-Men #28, X-Men United #2. Puedes ver las portadas, sinopsis y m\u00e1s informaci\u00f3n <a href=\"https:\/\/aiptcomics.com\/2026\/01\/14\/april-2026-x-men-solicits\/\" rel=\"noopener nofollow\" target=\"_blank\">aqu\u00ed<\/a>. <\/li>\n<li> <strong>Marvel<\/strong> ha publicado una lista de todas las portadas alternativas de Daredevil #1 que formar\u00e1n parte de la iniciativa True Believers Blind Bags. Puedes ver la lista, las portadas alternativas y m\u00e1s informaci\u00f3n <a href=\"https:\/\/www.marvel.com\/articles\/comics\/daredevil-1-true-believer-blind-bag-more-variant-covers-revealed\" rel=\"noopener nofollow\" target=\"_blank\">aqu\u00ed<\/a>. <\/li>\n<p>ESC\u00daCHANOS EN NUESTRO PODCAST&#13;<br \/>\n&#13;<\/p>\n","protected":false},"excerpt":{"rendered":"\u00a1Bienvenidos una vez m\u00e1s a un nuevo y reluciente Bolet\u00edn Marvel! Marvel Comics ha presentado una gran serie&hellip;\n","protected":false},"author":2,"featured_media":342632,"comment_status":"","ping_status":"","sticky":false,"template":"","format":"standard","meta":{"footnotes":""},"categories":[169],"tags":[177,146,147,25,24,176,175,23],"class_list":{"0":"post-342631","1":"post","2":"type-post","3":"status-publish","4":"format-standard","5":"has-post-thumbnail","7":"category-cine","8":"tag-cine","9":"tag-entertainment","10":"tag-entretenimiento","11":"tag-es","12":"tag-espana","13":"tag-film","14":"tag-movies","15":"tag-spain"},"share_on_mastodon":{"url":"https:\/\/pubeurope.com\/@es\/115900664166051043","error":""},"_links":{"self":[{"href":"https:\/\/www.europesays.com\/es\/wp-json\/wp\/v2\/posts\/342631","targetHints":{"allow":["GET"]}}],"collection":[{"href":"https:\/\/www.europesays.com\/es\/wp-json\/wp\/v2\/posts"}],"about":[{"href":"https:\/\/www.europesays.com\/es\/wp-json\/wp\/v2\/types\/post"}],"author":[{"embeddable":true,"href":"https:\/\/www.europesays.com\/es\/wp-json\/wp\/v2\/users\/2"}],"replies":[{"embeddable":true,"href":"https:\/\/www.europesays.com\/es\/wp-json\/wp\/v2\/comments?post=342631"}],"version-history":[{"count":0,"href":"https:\/\/www.europesays.com\/es\/wp-json\/wp\/v2\/posts\/342631\/revisions"}],"wp:featuredmedia":[{"embeddable":true,"href":"https:\/\/www.europesays.com\/es\/wp-json\/wp\/v2\/media\/342632"}],"wp:attachment":[{"href":"https:\/\/www.europesays.com\/es\/wp-json\/wp\/v2\/media?parent=342631"}],"wp:term":[{"taxonomy":"category","embeddable":true,"href":"https:\/\/www.europesays.com\/es\/wp-json\/wp\/v2\/categories?post=342631"},{"taxonomy":"post_tag","embeddable":true,"href":"https:\/\/www.europesays.com\/es\/wp-json\/wp\/v2\/tags?post=342631"}],"curies":[{"name":"wp","href":"https:\/\/api.w.org\/{rel}","templated":true}]}}