{"id":342635,"date":"2026-01-15T19:03:07","date_gmt":"2026-01-15T19:03:07","guid":{"rendered":"https:\/\/www.europesays.com\/es\/342635\/"},"modified":"2026-01-15T19:03:07","modified_gmt":"2026-01-15T19:03:07","slug":"repunte-de-las-infecciones-respiratorias-que-superan-los-600-casos-por-100-000-habitantes","status":"publish","type":"post","link":"https:\/\/www.europesays.com\/es\/342635\/","title":{"rendered":"Repunte de las infecciones respiratorias, que superan los 600 casos por 100.000 habitantes"},"content":{"rendered":"<p><strong>Redacci\u00f3n<br \/><\/strong>La segunda semana de enero (del 5 al 11) ha registrado un aumento de la tasa de <strong>infecciones respiratorias agudas<\/strong> (<strong>IRAs<\/strong>), que ha escalado hasta los 606,7 casos por cada 100.000 habitantes, lo que implica un repunte del 9,6% con respecto a las 553,6 infecciones previas. Es un cambio de tendencia tras dos semanas de descenso.<\/p>\n<p>Sin embargo, la gripe no est\u00e1 detr\u00e1s de este auge de infecciones respiratorias agudas. Al contrario, la tasa de s\u00edndrome gripal ha seguido descendiendo hasta los 75,3 casos, <a href=\"https:\/\/docsivira.isciii.es\/Informe_semanal_SiVIRA_202602.html\" target=\"_blank\" rel=\"noopener nofollow\">seg\u00fan se desprende del informe del <strong>Sistema de Vigilancia de Infecci\u00f3n Respiratoria Aguda<\/strong><\/a> (<strong>Sivira<\/strong>), publicado este jueves por el <strong>Instituto de Salud Carlos III<\/strong> (<strong>ISCIII<\/strong>). Es la cuarta semana que cae el n\u00famero de casos; un 10,3% respecto a la primera semana de enero (83,9 por 100.000). Por grupos de edad, los casos tan solo han registrado una subida en los menores de un a\u00f1o, con 558,8 infecciones por cada 100.000 habitantes.<\/p>\n<p>La intensidad de circulaci\u00f3n de gripe, covid y bronquitis y bronquiolitis (estas \u00faltimas en menores de cinco a\u00f1os) es \u201cbaja\u201d, aunque el n\u00famero de casos est\u00e1 por encima del umbral epid\u00e9mico<\/p>\n<p>Mientras tanto, la tasa de covid se ha situado en 2,3 casos por cada 100.000 habitantes, lo que supone un 9,5% m\u00e1s que los 2,1 casos de la semana anterior; y la de bronquitis y bronquiolitis en menores de cinco a\u00f1os ha disminuido un 6,5%, hasta los 280,4 casos por 100.000 habitantes.<\/p>\n<p>El porcentaje de positividad es de 28,8% para gripe (34,9% en la semana previa), 1,2% para SARS-CoV-2 (0,4% en la semana previa) y 14,2% para virus respiratorio sincitial (11,2% en la semana previa).<\/p>\n<p>La intensidad de circulaci\u00f3n de gripe, covid y bronquitis y bronquiolitis (estas \u00faltimas en menores de cinco a\u00f1os) es \u201cbaja\u201d, aunque el n\u00famero de casos est\u00e1 por encima del umbral epid\u00e9mico.<\/p>\n<p><strong>Se reducen las hospitalizaciones<\/strong><\/p>\n<p>Respecto a la situaci\u00f3n registrada en hospitales, el informe recoge que la tasa de hospitalizaci\u00f3n por infecci\u00f3n respiratoria aguda grave (IRAG) se ha situado en 22,5 casos por 100.000 habitantes, por lo que se ha reducido en un 14,1% frente a los 26,2 casos por 100.000 habitantes de la semana previa.<\/p>\n<p>El porcentaje de positividad es de 35,9% para gripe (42,8% en la semana previa), 1,1% para SARS-CoV-2 (1,3% en la semana previa) y 15,6% para virus respiratorio sincitial (18,5% en la semana previa).<\/p>\n<p>La tasa de hospitalizaci\u00f3n por gripe ha descendido hasta los 8,1 casos por 100.000 habitantes, en comparaci\u00f3n con los 11,2 casos de la semana anterior. En t\u00e9rminos de gravedad, desde el inicio de temporada, los casos hospitalizados por gripe presentan un 20,7% de neumon\u00eda, un 4,7% de admisi\u00f3n en Unidad de Cuidados Intensivos (UCI) y un 4,5% de letalidad.<\/p>\n<p>Por su parte, la tasa de hospitalizaci\u00f3n por covid ha sido de 0,2 casos por 100.000 habitantes, algo menos que los 0,3 casos de la semana previa. En t\u00e9rminos de gravedad, desde el inicio de temporada, los casos hospitalizados por Covid-19 presentan un 24,1% de neumon\u00eda, un 4,7% de admisi\u00f3n en UCI y un 10,1% de letalidad.<\/p>\n<p>En lo relativo a virus respiratorio sincitial (VRS), la tasa de hospitalizaci\u00f3n ha bajado hasta los 3,5 casos por 100.000 habitantes, frente a los 4,8 casos de la semana previa). Respecto a la gravedad, desde el inicio de temporada, los casos hospitalizados por VRS presentan un 11,4% de neumon\u00eda, un 9,2% de admisi\u00f3n en UCI y un 1,4% de letalidad.<\/p>\n<p>Por \u00faltimo, el informe apunta, seg\u00fan las estimaciones del modelo de monitorizaci\u00f3n de la mortalidad diaria (MoMo), que en la semana 2 del 2026 se observaron 10.092 fallecimientos en Espa\u00f1a, mientras que se esperaban 9.694.<\/p>\n","protected":false},"excerpt":{"rendered":"Redacci\u00f3nLa segunda semana de enero (del 5 al 11) ha registrado un aumento de la tasa de infecciones&hellip;\n","protected":false},"author":2,"featured_media":342636,"comment_status":"","ping_status":"","sticky":false,"template":"","format":"standard","meta":{"footnotes":""},"categories":[92],"tags":[35809,2270,10862,25,24,7749,165,26154,166,23,30987],"class_list":{"0":"post-342635","1":"post","2":"type-post","3":"status-publish","4":"format-standard","5":"has-post-thumbnail","7":"category-salud","8":"tag-c1","9":"tag-covid","10":"tag-enfermedades-respiratorias","11":"tag-es","12":"tag-espana","13":"tag-gripe","14":"tag-health","15":"tag-isciii","16":"tag-salud","17":"tag-spain","18":"tag-vrs"},"share_on_mastodon":{"url":"https:\/\/pubeurope.com\/@es\/115900671865622674","error":""},"_links":{"self":[{"href":"https:\/\/www.europesays.com\/es\/wp-json\/wp\/v2\/posts\/342635","targetHints":{"allow":["GET"]}}],"collection":[{"href":"https:\/\/www.europesays.com\/es\/wp-json\/wp\/v2\/posts"}],"about":[{"href":"https:\/\/www.europesays.com\/es\/wp-json\/wp\/v2\/types\/post"}],"author":[{"embeddable":true,"href":"https:\/\/www.europesays.com\/es\/wp-json\/wp\/v2\/users\/2"}],"replies":[{"embeddable":true,"href":"https:\/\/www.europesays.com\/es\/wp-json\/wp\/v2\/comments?post=342635"}],"version-history":[{"count":0,"href":"https:\/\/www.europesays.com\/es\/wp-json\/wp\/v2\/posts\/342635\/revisions"}],"wp:featuredmedia":[{"embeddable":true,"href":"https:\/\/www.europesays.com\/es\/wp-json\/wp\/v2\/media\/342636"}],"wp:attachment":[{"href":"https:\/\/www.europesays.com\/es\/wp-json\/wp\/v2\/media?parent=342635"}],"wp:term":[{"taxonomy":"category","embeddable":true,"href":"https:\/\/www.europesays.com\/es\/wp-json\/wp\/v2\/categories?post=342635"},{"taxonomy":"post_tag","embeddable":true,"href":"https:\/\/www.europesays.com\/es\/wp-json\/wp\/v2\/tags?post=342635"}],"curies":[{"name":"wp","href":"https:\/\/api.w.org\/{rel}","templated":true}]}}