{"id":342637,"date":"2026-01-15T19:04:09","date_gmt":"2026-01-15T19:04:09","guid":{"rendered":"https:\/\/www.europesays.com\/es\/342637\/"},"modified":"2026-01-15T19:04:09","modified_gmt":"2026-01-15T19:04:09","slug":"el-gobierno-responde-a-la-viral-reflexion-de-antonio-banderas-sobre-pedro-sanchez","status":"publish","type":"post","link":"https:\/\/www.europesays.com\/es\/342637\/","title":{"rendered":"El Gobierno responde a la viral reflexi\u00f3n de Antonio Banderas sobre Pedro S\u00e1nchez"},"content":{"rendered":"<p style=\"\"><strong>Antonio Banderas<\/strong> ha hablado sobre pol\u00edtica y lo ha hecho alto y claro. Y es que, el actor no titube\u00f3 durante su visita a &#8216;El Hormiguero&#8217; (Antena 3) en realizar una contundente <a href=\"https:\/\/www.abc.es\/play\/television\/noticias\/preguntan-antonio-banderas-mayor-oposicion-pedro-sanchez-20260115104119-nt.html\" target=\"_self\" data-voc-vtm-id=\"in-text-traffic\" title=\"reflexi\u00f3n\" data-mrf-link=\"www.abc.es\" rel=\"nofollow noopener\">reflexi\u00f3n<\/a> sobre el presidente del <strong>Gobierno<\/strong>, Pedro S\u00e1nchez, motivada a  &#8230; la pregunta de cu\u00e1l era la mayor oposici\u00f3n del jefe del Ejecutivo. Unas declaraciones que se han hecho virales y por las que en &#8216;Espejo P\u00fablico&#8217; han preguntado a Isabel Rodr\u00edguez, ministra de Vivienda, que ha respondido al actor.<\/p>\n<p class=\"voc-p\" style=\"\">&#8216;<a href=\"https:\/\/www.abc.es\/play\/television\/noticias\/joven-progresista-senala-filtros-sacara-pedro-sanchez-20260114123700-nt.html\" target=\"_self\" data-voc-vtm-id=\"in-text-traffic\" title=\"Espejo P\u00fablico\" data-mrf-link=\"www.abc.es\" rel=\"nofollow noopener\">Espejo P\u00fablico<\/a>&#8216; se encontraba en su secci\u00f3n pol\u00edtica, cuando Susanna Griso daba la bienvenida a <strong>Isabel Rodr\u00edguez<\/strong> que la atend\u00eda a trav\u00e9s de videollamada. La ministra de Vivienda respond\u00eda a las preguntas de la actualidad que le formulaba la presentadora del <a href=\"https:\/\/www.abc.es\/play\/television\/noticias\/albert-rivera-senala-filtros-motivos-espana-papel-20260109122240-nt.html\" target=\"_self\" data-voc-vtm-id=\"in-text-traffic\" title=\"matinal\" data-mrf-link=\"www.abc.es\" rel=\"nofollow noopener\">matinal<\/a> de Antena 3, pero al final la pol\u00edtica tuvo que enfrentarse a una cr\u00edtica, concretamente, la de <strong>Antonio Banderas<\/strong>, ya que la comunicadora le cuestionaba acerca de las declaraciones que el actor hab\u00eda dejado en &#8216;El Hormiguero&#8217; sobre Pedro S\u00e1nchez. \u00abCriticaba los cambios continuos de opini\u00f3n por parte de su Gobierno y la par\u00e1lisis, \u00bfqu\u00e9 responde a eso?\u00bb, se interesaba Susanna Griso.<\/p>\n<p class=\"voc-p\" style=\"\">\u00abBueno, yo respeto, por supuesto, todas las opiniones pol\u00edticas y valoro y aprecio y admiro a una persona tal universal como <strong>Antonio Banderas<\/strong>, a uno de los mejores actores de nuestro pa\u00eds, pero sin duda no comparto su opini\u00f3n\u00bb, contestaba<strong> Isabel Rodr\u00edguez<\/strong> en &#8216;<a href=\"https:\/\/www.abc.es\/play\/television\/noticias\/susana-diaz-dice-alto-claro-fecha-celebraran-20260113105925-nt.html\" target=\"_self\" data-voc-vtm-id=\"in-text-traffic\" title=\"Espejo P\u00fablico\" data-mrf-link=\"www.abc.es\" rel=\"nofollow noopener\">Espejo P\u00fablico<\/a>&#8216; que respond\u00eda al int\u00e9rprete.<\/p>\n<p class=\"voc-p\" style=\"\">\u00abYo creo que en momentos como estos, la pol\u00edtica, la pol\u00edtica que cree en los derechos humanos, la pol\u00edtica que cree en derechos tan importantes como el derecho de acceso a la vivienda o a la pol\u00edtica que combate a dirigentes que en estos momentos est\u00e1n pisoteando los derechos humanos, que est\u00e1n abogando por la paz en lugar de por la guerra o que est\u00e1n sosteniendo que agresiones sexuales o explotaciones sexuales sean un hecho por el que podamos conformarnos, creo que merece la pena dar la batalla de la implicaci\u00f3n pol\u00edtica desde las posiciones, en mi caso que yo defiendo con ideolog\u00eda que son las posiciones de izquierdas, la socialdemocracia que defendemos los socialistas de respeto, de los derechos humanos de la paz, de los derechos de las mujeres. Y yo creo que en estos momentos es m\u00e1s necesario que nunca dar esa batalla para volver a una sociedad de mayor entendimiento, de mayor convivencia y de mayor paz\u00bb, manifestaba la pol\u00edtica desde <strong>&#8216;Espejo P\u00fablico&#8217;<\/strong> en r\u00e9plica a <strong>Antonio Banderas<\/strong>.<\/p>\n","protected":false},"excerpt":{"rendered":"Antonio Banderas ha hablado sobre pol\u00edtica y lo ha hecho alto y claro. Y es que, el actor&hellip;\n","protected":false},"author":2,"featured_media":342638,"comment_status":"","ping_status":"","sticky":false,"template":"","format":"standard","meta":{"footnotes":""},"categories":[91],"tags":[1247,15601,146,147,25,24,582,5012,1822,1259,199,5877,57,23,4619],"class_list":{"0":"post-342637","1":"post","2":"type-post","3":"status-publish","4":"format-standard","5":"has-post-thumbnail","7":"category-entretenimiento","8":"tag-antonio","9":"tag-banderas","10":"tag-entertainment","11":"tag-entretenimiento","12":"tag-es","13":"tag-espana","14":"tag-gobierno","15":"tag-llega","16":"tag-pedro","17":"tag-responde","18":"tag-sanchez","19":"tag-sentencia","20":"tag-sobre","21":"tag-spain","22":"tag-viral"},"share_on_mastodon":{"url":"https:\/\/pubeurope.com\/@es\/115900675826771953","error":""},"_links":{"self":[{"href":"https:\/\/www.europesays.com\/es\/wp-json\/wp\/v2\/posts\/342637","targetHints":{"allow":["GET"]}}],"collection":[{"href":"https:\/\/www.europesays.com\/es\/wp-json\/wp\/v2\/posts"}],"about":[{"href":"https:\/\/www.europesays.com\/es\/wp-json\/wp\/v2\/types\/post"}],"author":[{"embeddable":true,"href":"https:\/\/www.europesays.com\/es\/wp-json\/wp\/v2\/users\/2"}],"replies":[{"embeddable":true,"href":"https:\/\/www.europesays.com\/es\/wp-json\/wp\/v2\/comments?post=342637"}],"version-history":[{"count":0,"href":"https:\/\/www.europesays.com\/es\/wp-json\/wp\/v2\/posts\/342637\/revisions"}],"wp:featuredmedia":[{"embeddable":true,"href":"https:\/\/www.europesays.com\/es\/wp-json\/wp\/v2\/media\/342638"}],"wp:attachment":[{"href":"https:\/\/www.europesays.com\/es\/wp-json\/wp\/v2\/media?parent=342637"}],"wp:term":[{"taxonomy":"category","embeddable":true,"href":"https:\/\/www.europesays.com\/es\/wp-json\/wp\/v2\/categories?post=342637"},{"taxonomy":"post_tag","embeddable":true,"href":"https:\/\/www.europesays.com\/es\/wp-json\/wp\/v2\/tags?post=342637"}],"curies":[{"name":"wp","href":"https:\/\/api.w.org\/{rel}","templated":true}]}}