{"id":342643,"date":"2026-01-15T19:07:07","date_gmt":"2026-01-15T19:07:07","guid":{"rendered":"https:\/\/www.europesays.com\/es\/342643\/"},"modified":"2026-01-15T19:07:07","modified_gmt":"2026-01-15T19:07:07","slug":"estados-unidos-sanciona-a-funcionarios-de-iran-por-represion","status":"publish","type":"post","link":"https:\/\/www.europesays.com\/es\/342643\/","title":{"rendered":"Estados Unidos sanciona a funcionarios de Ir\u00e1n por represi\u00f3n"},"content":{"rendered":"<p><a class=\"internal-link\" href=\"https:\/\/www.dw.com\/es\/estados-unidos\/t-17411942\" rel=\"nofollow noopener\" target=\"_blank\">Estados Unidos<\/a> sancion\u00f3 este jueves (15.01.2025) a miembros de las fuerzas de seguridad y de redes bancarias iran\u00edes, al acusarlos de orquestar una violenta represi\u00f3n contra protestas pac\u00edficas y blanquear miles de millones de d\u00f3lares provenientes de los ingresos petroleros.<\/p>\n<p>El secretario del Departamento del Tesoro, Scott Bessent, anunci\u00f3 las medidas tras las mayores protestas antigubernamentales en la historia de la rep\u00fablica isl\u00e1mica, aunque <a class=\"internal-link\" href=\"https:\/\/www.dw.com\/es\/trump-matanza-en-ir\u00e1n-ha-cesado-pero-se-mantiene-ambiguo-sobre-una-intervenci\u00f3n\/a-75516575\" rel=\"nofollow noopener\" target=\"_blank\">parecen haber disminuido en los \u00faltimos d\u00edas ante la represi\u00f3n<\/a> y un bloqueo de internet que ya lleva casi una semana.<\/p>\n<p>\u00abEstados Unidos apoya firmemente al pueblo iran\u00ed en su reclamo de libertad y justicia\u00bb, declar\u00f3 Bessent en un comunicado. Su oficina \u00abusar\u00e1 todos los medios a su alcance contra quienes est\u00e1n detr\u00e1s de la opresi\u00f3n tir\u00e1nica de los derechos humanos por parte del r\u00e9gimen\u00bb, agreg\u00f3.<\/p>\n<p>Entre los sancionados est\u00e1n Ali Larijani, secretario del Consejo Supremo de Seguridad Nacional de <a class=\"internal-link\" href=\"https:\/\/www.dw.com\/es\/ir\u00e1n\/t-63346395\" rel=\"nofollow noopener\" target=\"_blank\">Ir\u00e1n<\/a>, a quien Washington acus\u00f3 de ordenar el uso de la fuerza contra los manifestantes.<\/p>\n<p><strong>Manifestantes asesinados y hospitales \u00absaturados\u00bb<\/strong><\/p>\n<p>Cuatro comandantes regionales de las Fuerzas del Orden y de la Guardia Revolucionaria de Ir\u00e1n tambi\u00e9n fueron sancionados por su <a class=\"internal-link\" href=\"https:\/\/www.dw.com\/es\/cifra-de-muertos-en-protestas-de-ir\u00e1n-superar\u00eda-los-2000\/a-75497394\" rel=\"nofollow noopener\" target=\"_blank\">participaci\u00f3n en la represi\u00f3n<\/a> en las provincias de Lorest\u00e1n y Fars.<\/p>\n<p>Las fuerzas de seguridad en Fars \u00abhan asesinado a innumerables manifestantes pac\u00edficos\u00bb y los hospitales est\u00e1n \u00abtan saturados de pacientes con heridas de bala que no pueden admitir a otro tipo de pacientes\u00bb, precisa el texto.<\/p>\n<p>El Departamento del Tesoro tambi\u00e9n identific\u00f3 igualmente a 18 personas y entidades acusadas de operar redes que lavan miles de millones de d\u00f3lares de las ventas de petr\u00f3leo iran\u00ed a trav\u00e9s de empresas fachada en Emiratos \u00c1rabes Unidos, Singapur y Reino Unido.<\/p>\n<p>Las sanciones congelan cualquier activo estadounidense de las personas y entidades designadas y proh\u00edben a los estadounidenses realizar transacciones comerciales con ellas. Las instituciones financieras extranjeras se exponen a sanciones secundarias por realizar transacciones con las entidades sancionadas.<\/p>\n<p>rr afp\/reuters<\/p>\n","protected":false},"excerpt":{"rendered":"Estados Unidos sancion\u00f3 este jueves (15.01.2025) a miembros de las fuerzas de seguridad y de redes bancarias iran\u00edes,&hellip;\n","protected":false},"author":2,"featured_media":342644,"comment_status":"","ping_status":"","sticky":false,"template":"","format":"standard","meta":{"footnotes":""},"categories":[42],"tags":[17,18,13,14,11,61,62,63,64,19,20,9,10,15,16,12,21,22,65,66,67],"class_list":{"0":"post-342643","1":"post","2":"type-post","3":"status-publish","4":"format-standard","5":"has-post-thumbnail","7":"category-internacional","8":"tag-breaking-news","9":"tag-breakingnews","10":"tag-featured-news","11":"tag-featurednews","12":"tag-headlines","13":"tag-internacional","14":"tag-international","15":"tag-international-news","16":"tag-internationalnews","17":"tag-latest-news","18":"tag-latestnews","19":"tag-news","20":"tag-noticias","21":"tag-noticias-destacadas","22":"tag-noticiasdestacadas","23":"tag-titulares","24":"tag-ultimas-noticias","25":"tag-ultimasnoticias","26":"tag-world","27":"tag-world-news","28":"tag-worldnews"},"share_on_mastodon":{"url":"https:\/\/pubeurope.com\/@es\/115900687593909324","error":""},"_links":{"self":[{"href":"https:\/\/www.europesays.com\/es\/wp-json\/wp\/v2\/posts\/342643","targetHints":{"allow":["GET"]}}],"collection":[{"href":"https:\/\/www.europesays.com\/es\/wp-json\/wp\/v2\/posts"}],"about":[{"href":"https:\/\/www.europesays.com\/es\/wp-json\/wp\/v2\/types\/post"}],"author":[{"embeddable":true,"href":"https:\/\/www.europesays.com\/es\/wp-json\/wp\/v2\/users\/2"}],"replies":[{"embeddable":true,"href":"https:\/\/www.europesays.com\/es\/wp-json\/wp\/v2\/comments?post=342643"}],"version-history":[{"count":0,"href":"https:\/\/www.europesays.com\/es\/wp-json\/wp\/v2\/posts\/342643\/revisions"}],"wp:featuredmedia":[{"embeddable":true,"href":"https:\/\/www.europesays.com\/es\/wp-json\/wp\/v2\/media\/342644"}],"wp:attachment":[{"href":"https:\/\/www.europesays.com\/es\/wp-json\/wp\/v2\/media?parent=342643"}],"wp:term":[{"taxonomy":"category","embeddable":true,"href":"https:\/\/www.europesays.com\/es\/wp-json\/wp\/v2\/categories?post=342643"},{"taxonomy":"post_tag","embeddable":true,"href":"https:\/\/www.europesays.com\/es\/wp-json\/wp\/v2\/tags?post=342643"}],"curies":[{"name":"wp","href":"https:\/\/api.w.org\/{rel}","templated":true}]}}