{"id":342657,"date":"2026-01-15T19:19:08","date_gmt":"2026-01-15T19:19:08","guid":{"rendered":"https:\/\/www.europesays.com\/es\/342657\/"},"modified":"2026-01-15T19:19:08","modified_gmt":"2026-01-15T19:19:08","slug":"el-dardo-de-antonio-banderas-a-pedro-sanchez-se-puede-cambiar-de-opinion-pero","status":"publish","type":"post","link":"https:\/\/www.europesays.com\/es\/342657\/","title":{"rendered":"El dardo de Antonio Banderas a Pedro S\u00e1nchez: \u00abSe puede cambiar de opini\u00f3n, pero\u2026\u00bb"},"content":{"rendered":"<p class=\"articleParagraph\"><b>Antonio Banderas<\/b> visit\u00f3 ayer <b>El Hormiguero<\/b> con motivo del lanzamiento de su pr\u00f3ximo musical: <b>Godspell<\/b>. Pablo Motos estuvo charlando con el malague\u00f1o sobre diversos temas y entre ellos, la situaci\u00f3n actual de la pol\u00edtica espa\u00f1ola. Banderas declar\u00f3 que, en su vida, \u00abla pol\u00edtica ha pasado a ser un tema muy bajo\u00bb al estar \u00abmuy ligada a la violencia\u00bb. <b>\u00abEstoy teniendo unas reacciones con la violencia cuando la veo en televisi\u00f3n que me est\u00e1 causando n\u00e1useas\u00bb<\/b>, confesaba.<\/p>\n<p class=\"articleParagraph\">El actor de grandes pel\u00edculas como Dolor y Gloria, La M\u00e1scara del Zorro o La piel que habito tambi\u00e9n reflexion\u00f3 acerca de la pol\u00edtica global, resoplando cuando apareci\u00f3 el nombre del presidente de Estados Unidos, Donald Trump. <b>\u00abNo veo a ning\u00fan l\u00edder mundial que me satisfaga. No siento que nadie me represente\u00bb<\/b>, revelaba el actor. Adem\u00e1s, recalcaba la importancia que tienen los j\u00f3venes hoy en d\u00eda, manteniendo que \u00abresulta muy dif\u00edcil manipularte cuando posees cultura, es necesario que se lo inculquemos a la gente joven, que est\u00e1 perdiendo tiempo\u00bb.<\/p>\n<blockquote class=\"articleQuote\"><p>Resulta muy dif\u00edcil manipularte cuando posees cultura <\/p><\/blockquote>\n<p class=\"articleParagraph\">Es entonces cuando el presentador le pregunt\u00f3 por el presidente del Gobierno, <b>Pedro S\u00e1nchez<\/b>, a lo que respondi\u00f3 que <b>\u00abla mayor oposici\u00f3n de S\u00e1nchez ser\u00eda el Gobierno de S\u00e1nchez de hace cuatro a\u00f1os\u00bb<\/b>. \u00abSi t\u00fa colocas a ese Gobierno de hace cuatro a\u00f1os en la bancada que ocupa el Partido Popular, esa ser\u00eda la mayor oposici\u00f3n del Gobierno actual\u00bb, sentenciaba Banderas. Para concluir, el actor explicaba que entiende que \u00abse pueda cambiar de opini\u00f3n, todos lo hacemos, pero <b>una cosa es cambiar de opini\u00f3n y otra cambiar de principios<\/b>, y eso ha sido muy doloroso para muchos\u00bb.<\/p>\n","protected":false},"excerpt":{"rendered":"Antonio Banderas visit\u00f3 ayer El Hormiguero con motivo del lanzamiento de su pr\u00f3ximo musical: Godspell. Pablo Motos estuvo&hellip;\n","protected":false},"author":2,"featured_media":341224,"comment_status":"","ping_status":"","sticky":false,"template":"","format":"standard","meta":{"footnotes":""},"categories":[174],"tags":[255,146,147,25,24,256,23],"class_list":{"0":"post-342657","1":"post","2":"type-post","3":"status-publish","4":"format-standard","5":"has-post-thumbnail","7":"category-famosos","8":"tag-celebrities","9":"tag-entertainment","10":"tag-entretenimiento","11":"tag-es","12":"tag-espana","13":"tag-famosos","14":"tag-spain"},"share_on_mastodon":{"url":"https:\/\/pubeurope.com\/@es\/115900734836238398","error":""},"_links":{"self":[{"href":"https:\/\/www.europesays.com\/es\/wp-json\/wp\/v2\/posts\/342657","targetHints":{"allow":["GET"]}}],"collection":[{"href":"https:\/\/www.europesays.com\/es\/wp-json\/wp\/v2\/posts"}],"about":[{"href":"https:\/\/www.europesays.com\/es\/wp-json\/wp\/v2\/types\/post"}],"author":[{"embeddable":true,"href":"https:\/\/www.europesays.com\/es\/wp-json\/wp\/v2\/users\/2"}],"replies":[{"embeddable":true,"href":"https:\/\/www.europesays.com\/es\/wp-json\/wp\/v2\/comments?post=342657"}],"version-history":[{"count":0,"href":"https:\/\/www.europesays.com\/es\/wp-json\/wp\/v2\/posts\/342657\/revisions"}],"wp:featuredmedia":[{"embeddable":true,"href":"https:\/\/www.europesays.com\/es\/wp-json\/wp\/v2\/media\/341224"}],"wp:attachment":[{"href":"https:\/\/www.europesays.com\/es\/wp-json\/wp\/v2\/media?parent=342657"}],"wp:term":[{"taxonomy":"category","embeddable":true,"href":"https:\/\/www.europesays.com\/es\/wp-json\/wp\/v2\/categories?post=342657"},{"taxonomy":"post_tag","embeddable":true,"href":"https:\/\/www.europesays.com\/es\/wp-json\/wp\/v2\/tags?post=342657"}],"curies":[{"name":"wp","href":"https:\/\/api.w.org\/{rel}","templated":true}]}}