{"id":342658,"date":"2026-01-15T19:20:15","date_gmt":"2026-01-15T19:20:15","guid":{"rendered":"https:\/\/www.europesays.com\/es\/342658\/"},"modified":"2026-01-15T19:20:15","modified_gmt":"2026-01-15T19:20:15","slug":"la-exposicion-fotografica-que-convierte-a-burgos-en-un-escaparate-mundial-de-la-naturaleza","status":"publish","type":"post","link":"https:\/\/www.europesays.com\/es\/342658\/","title":{"rendered":"La exposici\u00f3n fotogr\u00e1fica que convierte a Burgos en un escaparate mundial de la naturaleza"},"content":{"rendered":"<p><a class=\"v-mdl-ath__fig-a\" href=\"https:\/\/www.burgosconecta.es\/autor\/burgosconecta-2120.html\" title=\"BURGOSconecta\" rel=\"nofollow noopener\" target=\"_blank\"><br \/>\n<img decoding=\"async\" class=\"v-mdl-ath__img\" src=\"https:\/\/www.europesays.com\/es\/wp-content\/uploads\/2025\/08\/autor-2120-foto-2.jpeg\" alt=\"BURGOSconecta\"\/><br \/>\n<\/a><\/p>\n<p class=\"v-mdl-ath__p v-mdl-ath__p--6\">\nJueves, 15 de enero 2026, 11:42<\/p>\n<p class=\"v-p\">Con motivo de la celebraci\u00f3n en Burgos del prestigioso Foro de la UICN (Uni\u00f3n Internacional para la Conservaci\u00f3n de la Naturaleza), la Sala de Exposiciones C\u00edrculo Solidario (Plaza de Espa\u00f1a n\u00ba 3) acoge hasta el 31 de enero, una exposici\u00f3n fotogr\u00e1fica excepcional que invita a la reflexi\u00f3n sobre la belleza y la fragilidad del planeta. <\/p>\n<p><img decoding=\"async\" loading=\"lazy\" src=\"https:\/\/www.europesays.com\/es\/wp-content\/uploads\/2026\/01\/expo1-k4VC--1200x841@Burgosconecta.jpg\" class=\"v-mdl__img-z\" width=\"1200\" height=\"841\" alt=\"Imagen principal - La exposici\u00f3n fotogr\u00e1fica que convierte a Burgos en un escaparate mundial de la naturaleza\"\/><\/p>\n<p><img decoding=\"async\" loading=\"lazy\" src=\"https:\/\/s2.ppllstatics.com\/burgosconecta\/www\/multimedia\/2026\/01\/15\/expo2-k4VC--1200x851@Burgosconecta.jpg\" class=\"v-mdl__img-z\" width=\"1200\" height=\"851\" alt=\"Imagen secundaria 1 - La exposici\u00f3n fotogr\u00e1fica que convierte a Burgos en un escaparate mundial de la naturaleza\"\/><\/p>\n<p><img decoding=\"async\" loading=\"lazy\" src=\"https:\/\/www.europesays.com\/es\/wp-content\/uploads\/2026\/01\/expo3-k4VC--711x841@Burgosconecta.jpg\" class=\"v-mdl__img-z\" width=\"711\" height=\"841\" alt=\"Imagen secundaria 2 - La exposici\u00f3n fotogr\u00e1fica que convierte a Burgos en un escaparate mundial de la naturaleza\"\/><\/p>\n<p class=\"v-p\">La muestra se estructura en dos secciones diferenciadas que dialogan entre s\u00ed. Por una parte, una vertiente internacional, con la que los asistentes podr\u00e1n disfrutar de una selecci\u00f3n de las obras m\u00e1s impactantes del Certamen Internacional de Fotograf\u00eda de Monta\u00f1a, Naturaleza y Aventura &#8216;Memorial Mar\u00eda Luisa&#8217;. Este concurso, uno de los m\u00e1s veteranos y respetados del mundo, aporta im\u00e1genes de una calidad t\u00e9cnica y art\u00edstica inigualable, mostrando paisajes remotos, fauna en estado puro y momentos \u00e9picos de aventura en los rincones m\u00e1s salvajes del globo. Y, en segundo lugar una vertiente local, &#8216;Burgos en mi mirada&#8217; del fot\u00f3grafo burgal\u00e9s Juan Jos\u00e9 Asensio que ofrece una perspectiva \u00edntima y cercana. Esta muestra pone el foco en la riqueza natural de la propia burgalesa, recordando que la biodiversidad que la UICN busca proteger tambi\u00e9n reside en nuestros bosques, r\u00edos y paisajes cotidianos. Es un homenaje a la mirada del fot\u00f3grafo local que sabe hallar la belleza extraordinaria en lo cercano.<\/p>\n<p>Foro UICN<\/p>\n<p class=\"v-p\">La elecci\u00f3n de Burgos como sede para el Foro de la UICN no es casual. Este encuentro re\u00fane a expertos, organizaciones, administraciones y empresas para definir las estrategias de conservaci\u00f3n que marcar\u00e1n el futuro del medio ambiente. <\/p>\n<p><img decoding=\"async\" loading=\"lazy\" src=\"https:\/\/www.europesays.com\/es\/wp-content\/uploads\/2026\/01\/expo4-k4VC--1200x841@Burgosconecta.jpg\" class=\"v-mdl__img-z\" width=\"1200\" height=\"841\" alt=\"Imagen principal - La exposici\u00f3n fotogr\u00e1fica que convierte a Burgos en un escaparate mundial de la naturaleza\"\/><\/p>\n<p><img decoding=\"async\" loading=\"lazy\" src=\"https:\/\/www.europesays.com\/es\/wp-content\/uploads\/2026\/01\/expo-k4VC--1200x851@Burgosconecta.jpg\" class=\"v-mdl__img-z\" width=\"1200\" height=\"851\" alt=\"Imagen secundaria 1 - La exposici\u00f3n fotogr\u00e1fica que convierte a Burgos en un escaparate mundial de la naturaleza\"\/><\/p>\n<p><img decoding=\"async\" loading=\"lazy\" src=\"https:\/\/www.europesays.com\/es\/wp-content\/uploads\/2026\/01\/expo6-k4VC--711x841@Burgosconecta.jpg\" class=\"v-mdl__img-z\" width=\"711\" height=\"841\" alt=\"Imagen secundaria 2 - La exposici\u00f3n fotogr\u00e1fica que convierte a Burgos en un escaparate mundial de la naturaleza\"\/><\/p>\n<p class=\"v-p\">En este contexto de alto nivel cient\u00edfico y pol\u00edtico, la exposici\u00f3n fotogr\u00e1fica surge como la herramienta necesaria para conectar las decisiones institucionales con la sensibilidad del ciudadano, utilizando el arte como lenguaje universal. \u00abEsta exposici\u00f3n no solo celebra la t\u00e9cnica fotogr\u00e1fica, sino que act\u00faa como un recordatorio visual de por qu\u00e9 es tan urgente el trabajo que realiza la UICN. Queremos que el espectador viaje desde las cumbres m\u00e1s altas del mundo hasta la serenidad de nuestros paisajes burgaleses, entendiendo que todo forma parte de un mismo equilibrio que debemos preservar\u00bb, se\u00f1alan los organizadores.<\/p>\n<p>Reporta un error<\/p>\n","protected":false},"excerpt":{"rendered":"Jueves, 15 de enero 2026, 11:42 Con motivo de la celebraci\u00f3n en Burgos del prestigioso Foro de la&hellip;\n","protected":false},"author":2,"featured_media":342659,"comment_status":"","ping_status":"","sticky":false,"template":"","format":"standard","meta":{"footnotes":""},"categories":[173],"tags":[229,233,231,230,623,1438,232,234,146,147,25,73509,24,2003,18712,1070,1409,23],"class_list":{"0":"post-342658","1":"post","2":"type-post","3":"status-publish","4":"format-standard","5":"has-post-thumbnail","7":"category-arte-y-diseno","8":"tag-arte","9":"tag-arte-y-diseno","10":"tag-arts","11":"tag-arts-and-design","12":"tag-burgos","13":"tag-convierte","14":"tag-design","15":"tag-diseno","16":"tag-entertainment","17":"tag-entretenimiento","18":"tag-es","19":"tag-escaparate","20":"tag-espana","21":"tag-exposicion","22":"tag-fotografica","23":"tag-mundial","24":"tag-naturaleza","25":"tag-spain"},"share_on_mastodon":{"url":"https:\/\/pubeurope.com\/@es\/115900738766882296","error":""},"_links":{"self":[{"href":"https:\/\/www.europesays.com\/es\/wp-json\/wp\/v2\/posts\/342658","targetHints":{"allow":["GET"]}}],"collection":[{"href":"https:\/\/www.europesays.com\/es\/wp-json\/wp\/v2\/posts"}],"about":[{"href":"https:\/\/www.europesays.com\/es\/wp-json\/wp\/v2\/types\/post"}],"author":[{"embeddable":true,"href":"https:\/\/www.europesays.com\/es\/wp-json\/wp\/v2\/users\/2"}],"replies":[{"embeddable":true,"href":"https:\/\/www.europesays.com\/es\/wp-json\/wp\/v2\/comments?post=342658"}],"version-history":[{"count":0,"href":"https:\/\/www.europesays.com\/es\/wp-json\/wp\/v2\/posts\/342658\/revisions"}],"wp:featuredmedia":[{"embeddable":true,"href":"https:\/\/www.europesays.com\/es\/wp-json\/wp\/v2\/media\/342659"}],"wp:attachment":[{"href":"https:\/\/www.europesays.com\/es\/wp-json\/wp\/v2\/media?parent=342658"}],"wp:term":[{"taxonomy":"category","embeddable":true,"href":"https:\/\/www.europesays.com\/es\/wp-json\/wp\/v2\/categories?post=342658"},{"taxonomy":"post_tag","embeddable":true,"href":"https:\/\/www.europesays.com\/es\/wp-json\/wp\/v2\/tags?post=342658"}],"curies":[{"name":"wp","href":"https:\/\/api.w.org\/{rel}","templated":true}]}}