{"id":342660,"date":"2026-01-15T19:22:09","date_gmt":"2026-01-15T19:22:09","guid":{"rendered":"https:\/\/www.europesays.com\/es\/342660\/"},"modified":"2026-01-15T19:22:09","modified_gmt":"2026-01-15T19:22:09","slug":"asi-es-ahora-carlota-boza-24-anos-mitica-actriz-infantil-de-la-que-se-avecina","status":"publish","type":"post","link":"https:\/\/www.europesays.com\/es\/342660\/","title":{"rendered":"As\u00ed es ahora Carlota Boza (24 a\u00f1os), m\u00edtica actriz infantil de &#8216;La que se avecina&#8217;"},"content":{"rendered":"<p>                    <img loading=\"lazy\" decoding=\"async\" src=\"https:\/\/www.mundodeportivo.com\/files\/image_449_465\/uploads\/2026\/01\/15\/696929d01cd91.jpeg\" data-full-src=\"https:\/\/www.europesays.com\/es\/wp-content\/uploads\/2026\/01\/696929d01cd91.jpeg\" class=\"nolazy\" width=\"449\" height=\"465\"\/><\/p>\n<p>Empez\u00f3 interpretando a Carlota Rivas en la famosa serie de Telecinco\n<\/p>\n<p data-gtm-element-container=\"modulo-texto-link\" class=\"paragraph\"><strong>Carlota Boza<\/strong> comenz\u00f3 su carrera profesional en 2007 interpretando a Carlota Rivas, sin saber que en ese trabajo vivir\u00eda su infancia, adolescencia y juventud. La actriz contin\u00faa en la serie desde sus inicios y es uno de los rostros m\u00e1s conocidos de la ficci\u00f3n espa\u00f1ola. En los \u00faltimos a\u00f1os, tambi\u00e9n ha destacado como &#8216;influencer&#8217;.<\/p>\n<p>    Lee tambi\u00e9n<\/p>\n<p data-gtm-element-container=\"modulo-texto-link\" class=\"paragraph\">La actriz, que alterna su carrera en la ficci\u00f3n con campa\u00f1as publicitarias y su presencia en eventos, tambi\u00e9n se ha aventurado en formatos televisivos como &#8216;<strong>Bailando con las estrellas&#8217;<\/strong>, el &#8216;talent show&#8217; de baile de Telecinco.<\/p>\n<p>\n        Mostrar comentarios\n    <\/p>\n<p>{\u00aballowComment\u00bb:\u00bballowed\u00bb,\u00bbarticleId\u00bb:\u00bbarticle-1002602091&#8243;,\u00bburl\u00bb:\u00bbhttps:\\\/\\\/www.mundodeportivo.com\\\/elotromundo\\\/television\\\/20260115\\\/1002602091\\\/asi-carlota-boza-24-anos-mitica-actriz-infantil-avecina-galeria-dct.html\u00bb,\u00bblivefyre-url\u00bb:\u00bbarticle-1002602091&#8243;}<\/p>\n<p>Cargando siguiente contenido&#8230;\n                <\/p>\n","protected":false},"excerpt":{"rendered":"Empez\u00f3 interpretando a Carlota Rivas en la famosa serie de Telecinco Carlota Boza comenz\u00f3 su carrera profesional en&hellip;\n","protected":false},"author":2,"featured_media":342661,"comment_status":"","ping_status":"","sticky":false,"template":"","format":"standard","meta":{"footnotes":""},"categories":[171],"tags":[146,147,25,24,23,214],"class_list":{"0":"post-342660","1":"post","2":"type-post","3":"status-publish","4":"format-standard","5":"has-post-thumbnail","7":"category-tv","8":"tag-entertainment","9":"tag-entretenimiento","10":"tag-es","11":"tag-espana","12":"tag-spain","13":"tag-tv"},"share_on_mastodon":{"url":"https:\/\/pubeurope.com\/@es\/115900746699477353","error":""},"_links":{"self":[{"href":"https:\/\/www.europesays.com\/es\/wp-json\/wp\/v2\/posts\/342660","targetHints":{"allow":["GET"]}}],"collection":[{"href":"https:\/\/www.europesays.com\/es\/wp-json\/wp\/v2\/posts"}],"about":[{"href":"https:\/\/www.europesays.com\/es\/wp-json\/wp\/v2\/types\/post"}],"author":[{"embeddable":true,"href":"https:\/\/www.europesays.com\/es\/wp-json\/wp\/v2\/users\/2"}],"replies":[{"embeddable":true,"href":"https:\/\/www.europesays.com\/es\/wp-json\/wp\/v2\/comments?post=342660"}],"version-history":[{"count":0,"href":"https:\/\/www.europesays.com\/es\/wp-json\/wp\/v2\/posts\/342660\/revisions"}],"wp:featuredmedia":[{"embeddable":true,"href":"https:\/\/www.europesays.com\/es\/wp-json\/wp\/v2\/media\/342661"}],"wp:attachment":[{"href":"https:\/\/www.europesays.com\/es\/wp-json\/wp\/v2\/media?parent=342660"}],"wp:term":[{"taxonomy":"category","embeddable":true,"href":"https:\/\/www.europesays.com\/es\/wp-json\/wp\/v2\/categories?post=342660"},{"taxonomy":"post_tag","embeddable":true,"href":"https:\/\/www.europesays.com\/es\/wp-json\/wp\/v2\/tags?post=342660"}],"curies":[{"name":"wp","href":"https:\/\/api.w.org\/{rel}","templated":true}]}}