{"id":342670,"date":"2026-01-15T19:27:13","date_gmt":"2026-01-15T19:27:13","guid":{"rendered":"https:\/\/www.europesays.com\/es\/342670\/"},"modified":"2026-01-15T19:27:13","modified_gmt":"2026-01-15T19:27:13","slug":"imanol-arias-se-casa-con-nelida-grajales-la-cuarta-boda-para-el-actor-vamos-a-estar-juntos-lo-que-nos-queda-gente","status":"publish","type":"post","link":"https:\/\/www.europesays.com\/es\/342670\/","title":{"rendered":"Imanol Arias se casa con N\u00e9lida Grajales, la cuarta boda para el actor: \u201cVamos a estar juntos lo que nos queda\u201d | Gente"},"content":{"rendered":"<p class=\"\"><a href=\"https:\/\/elpais.com\/espana\/madrid\/2021-10-21\/imanol-arias-en-teatro-hay-que-dejar-los-lucimientos-personales-a-un-lado.html\" target=\"_blank\" rel=\"noreferrer nofollow noopener\" title=\"https:\/\/elpais.com\/espana\/madrid\/2021-10-21\/imanol-arias-en-teatro-hay-que-dejar-los-lucimientos-personales-a-un-lado.html\">Imanol Arias<\/a> (Ria\u00f1o, 69 a\u00f1os) est\u00e1 viviendo un momento de plenitud personal. Si la pasada semana se hizo p\u00fablico que iba a convertirse en abuelo por primera vez, este mi\u00e9rcoles 14 de enero se ha conocido que el actor se ha casado por cuarta vez. Ha sido \u00e9l mismo quien se ha encargado de confirmar la noticia en una entrevista <a href=\"https:\/\/www.elcorreo.com\/culturas\/imanol-arias-casa-cuarta-vez-anos-20260114144313-nt.html\" target=\"_blank\" rel=\"noreferrer nofollow noopener\" title=\"https:\/\/www.elcorreo.com\/culturas\/imanol-arias-casa-cuarta-vez-anos-20260114144313-nt.html\">con El Correo Vasco<\/a>, pese a la discreci\u00f3n que siempre le ha caracterizado a la hora de hablar de su vida privada. <\/p>\n<p class=\"\">Fue en octubre de 2024 cuando se supo que Arias estaba de nuevo enamorado de una mujer argentina llamada N\u00e9lida Grajales, tal y como inform\u00f3 la revista Lecturas en aquel momento. Aunque su relaci\u00f3n comenz\u00f3 unos meses antes de hacerse p\u00fablica, el ahora matrimonio se conoci\u00f3 hace a\u00f1os. Fue durante las representaciones de Mejor no decirlo, una comedia teatral protagonizada por <a href=\"https:\/\/elpais.com\/television\/2023-11-29\/cuentame-cierra-el-circulo-de-la-emocion.html\" target=\"_blank\" rel=\"noreferrer nofollow noopener\" title=\"https:\/\/elpais.com\/television\/2023-11-29\/cuentame-cierra-el-circulo-de-la-emocion.html\">el int\u00e9rprete de Cu\u00e9ntame<\/a> en Buenos Aires, cuando se reencontraron en 2023. \u201cNos encontramos un d\u00eda nada m\u00e1s, 15 minutos, en un festival de Punta del Este (Uruguay). Y me la volv\u00ed a encontrar en la calle porque \u00e9ramos vecinos en Buenos Aires\u201d, explica el int\u00e9rprete en la citada entrevista. Y a\u00f1ade: \u201cAl final, hemos decidido que vamos a cuidarnos y a estar juntos lo que nos queda\u201d. <\/p>\n<p>M\u00e1s informaci\u00f3n<\/p>\n<p class=\"\">Tal y como revela el citado medio, la boda tuvo lugar \u201chace pocos d\u00edas\u201d, aunque no dan m\u00e1s detalles de la fecha exacta, el lugar en el que se celebr\u00f3 o qui\u00e9nes fueron los invitados. Arias revela tambi\u00e9n que Grajales, de la que no se conocen muchos detalles, se dedica a la \u201cgen\u00e9tica de los angus. La carne argentina que queda perfecta\u201d, aunque es abogada, experta en derechos humanos: \u201cSu anterior marido era un gran ganadero. No sabes la carne que tengo en casa&#8230; Ahora est\u00e1 analizando la diferencia entre la chuleta nuestra y la carne argentina\u201d, explica el actor. <\/p>\n<p class=\"\">Este jueves 15 de enero, a primera hora, la pareja ha sido captada saliendo de la casa del int\u00e9rprete en Madrid y dirigi\u00e9ndose al aeropuerto. \u201cNo quiero contar nada m\u00e1s. Cuando uno no vende algo privado tiene derecho a estar callado\u201d, se ha limitado a decir Arias ante los micr\u00f3fonos, haciendo gala una vez m\u00e1s de la discreci\u00f3n que siempre le ha caracterizado pero que \u00e9l mismo ha roto esta semana desvelando su nuevo estado civil. <\/p>\n<p><img alt=\"Imanol Arias se casa con N\u00e9lida Grajales\" decoding=\"auto\" class=\"_re lazyload a_m-h\" height=\"276\"  width=\"414\"  src=\"https:\/\/www.europesays.com\/es\/wp-content\/uploads\/2026\/01\/XRJ4IMZI5ZHWPCRNUFMOFVGRPM.jpg\" loading=\"lazy\"\/>Imanol Arias en el estreno de &#8216;El Molino&#8217;, el 13 de enero de 2026, en Madrid.<br \/>\nJuan Naharro Gimenez (Getty Images)<\/p>\n<p class=\"\">Antes de darse el \u201cs\u00ed, quiero\u201d con Grajales, Arias pas\u00f3 por el altar en tres ocasiones. Su primera esposa fue la tambi\u00e9n actriz Socorro Anad\u00f3n, con quien estuvo casado entre 1980 y 1983. Su segundo matrimonio fue con <a href=\"https:\/\/elpais.com\/cultura\/2025-12-07\/pastora-vega-por-primera-vez-estoy-disfrutando-de-vivir-soltera.html\" target=\"_blank\" rel=\"noreferrer nofollow noopener\" title=\"https:\/\/elpais.com\/cultura\/2025-12-07\/pastora-vega-por-primera-vez-estoy-disfrutando-de-vivir-soltera.html\">Pastora Vega,<\/a> con quien tiene dos hijos, Jon y Daniel, que han seguido los pasos de sus padres en el mundo de la interpretaci\u00f3n. Con la actriz y presentadora comparti\u00f3 25 a\u00f1os de s\u00f3lida relaci\u00f3n, consolid\u00e1ndose como una de las parejas m\u00e1s estables de la escena espa\u00f1ola. <a href=\"https:\/\/elpais.com\/elpais\/2009\/11\/17\/actualidad\/1258444129_850215.html\" target=\"_blank\" rel=\"noreferrer nofollow noopener\" title=\"https:\/\/elpais.com\/elpais\/2009\/11\/17\/actualidad\/1258444129_850215.html\">Fue en 2009 cuando decidieron separarse<\/a> de \u201cforma amistosa y de mutuo acuerdo\u201d. Un a\u00f1o despu\u00e9s, en 2010, el int\u00e9rprete inici\u00f3 una nueva relaci\u00f3n con Irene Meritxell, quien se convertir\u00eda en su esposa en 2017. <a href=\"https:\/\/elpais.com\/gente\/2021-05-05\/imanol-arias-e-irene-meritxell-se-divorcian-despues-de-11-anos-de-relacion.html\" target=\"_blank\" rel=\"noreferrer nofollow noopener\" title=\"https:\/\/elpais.com\/gente\/2021-05-05\/imanol-arias-e-irene-meritxell-se-divorcian-despues-de-11-anos-de-relacion.html\">Cuatro a\u00f1os m\u00e1s tarde, en 2021, se divorciaban<\/a>. La \u00faltima pareja conocida de Arias, con quien no lleg\u00f3 a pasar por el altar, fue Nuria Guti\u00e9rrez, una profesora de yoga. <\/p>\n<p class=\"\">En los pr\u00f3ximos meses, el int\u00e9rprete se convertir\u00e1 tambi\u00e9n en abuelo. Su hijo Jon ser\u00e1 padre junto a su novia, la tambi\u00e9n actriz Alba Ribas. \u201cA esta edad, ya no tienes tiempo de perderlo. Lo de ser aitite me mata de ilusi\u00f3n\u201d, afirma en El Correo Vasco sobre el nacimiento de su nieto. <\/p>\n","protected":false},"excerpt":{"rendered":"Imanol Arias (Ria\u00f1o, 69 a\u00f1os) est\u00e1 viviendo un momento de plenitud personal. Si la pasada semana se hizo&hellip;\n","protected":false},"author":2,"featured_media":342671,"comment_status":"","ping_status":"","sticky":false,"template":"","format":"standard","meta":{"footnotes":""},"categories":[91],"tags":[1014,3164,146,147,25,24,256,260,45776,6019,23],"class_list":{"0":"post-342670","1":"post","2":"type-post","3":"status-publish","4":"format-standard","5":"has-post-thumbnail","7":"category-entretenimiento","8":"tag-actores","9":"tag-bodas","10":"tag-entertainment","11":"tag-entretenimiento","12":"tag-es","13":"tag-espana","14":"tag-famosos","15":"tag-gente","16":"tag-imanol-arias","17":"tag-matrimonio","18":"tag-spain"},"share_on_mastodon":{"url":"https:\/\/pubeurope.com\/@es\/115900766448542011","error":""},"_links":{"self":[{"href":"https:\/\/www.europesays.com\/es\/wp-json\/wp\/v2\/posts\/342670","targetHints":{"allow":["GET"]}}],"collection":[{"href":"https:\/\/www.europesays.com\/es\/wp-json\/wp\/v2\/posts"}],"about":[{"href":"https:\/\/www.europesays.com\/es\/wp-json\/wp\/v2\/types\/post"}],"author":[{"embeddable":true,"href":"https:\/\/www.europesays.com\/es\/wp-json\/wp\/v2\/users\/2"}],"replies":[{"embeddable":true,"href":"https:\/\/www.europesays.com\/es\/wp-json\/wp\/v2\/comments?post=342670"}],"version-history":[{"count":0,"href":"https:\/\/www.europesays.com\/es\/wp-json\/wp\/v2\/posts\/342670\/revisions"}],"wp:featuredmedia":[{"embeddable":true,"href":"https:\/\/www.europesays.com\/es\/wp-json\/wp\/v2\/media\/342671"}],"wp:attachment":[{"href":"https:\/\/www.europesays.com\/es\/wp-json\/wp\/v2\/media?parent=342670"}],"wp:term":[{"taxonomy":"category","embeddable":true,"href":"https:\/\/www.europesays.com\/es\/wp-json\/wp\/v2\/categories?post=342670"},{"taxonomy":"post_tag","embeddable":true,"href":"https:\/\/www.europesays.com\/es\/wp-json\/wp\/v2\/tags?post=342670"}],"curies":[{"name":"wp","href":"https:\/\/api.w.org\/{rel}","templated":true}]}}