{"id":342690,"date":"2026-01-15T19:42:08","date_gmt":"2026-01-15T19:42:08","guid":{"rendered":"https:\/\/www.europesays.com\/es\/342690\/"},"modified":"2026-01-15T19:42:08","modified_gmt":"2026-01-15T19:42:08","slug":"primeras-imagenes-de-imanol-arias-tras-su-boda-con-la-argentina-nelida-grajales","status":"publish","type":"post","link":"https:\/\/www.europesays.com\/es\/342690\/","title":{"rendered":"Primeras im\u00e1genes de Imanol Arias tras su boda con la argentina N\u00e9lida Grajales"},"content":{"rendered":"<p>El actor Imanol Arias revel\u00f3 este mi\u00e9rcoles a EL CORREO que hab\u00eda contra\u00eddo matrimonio hace unos d\u00edas con la abogada argentina N\u00e9lida Grajales. Tras la  &#8230; publicaci\u00f3n de esta informaci\u00f3n, hoy se han podido ver las primeras im\u00e1genes de la pareja como marido y mujer en el aeropuerto de Madrid. Ambos han cogido un vuelo a Bilbao donde el actor representa la obra &#8216;Mejor no decirlo&#8217; en el Teatro Campos. <\/p>\n<p class=\"v-p\">Imanol Arias (Ria\u00f1o, Le\u00f3n, 1956) cumplir\u00e1 este 2026 los 70 a\u00f1os y su hijo mayor, el tambi\u00e9n actor Jon Arias, le har\u00e1 abuelo por primera vez. Vive un momento de tranquilidad despu\u00e9s de un largo y convulso periodo en el que se despidi\u00f3 del personaje de Antonio Alc\u00e1ntara en la serie &#8216;Cu\u00e9ntame&#8217;, que interpret\u00f3 durante 23 a\u00f1os, y en el que fue protagonista del llamado Caso Nummaria, una trama de fraude fiscal que afect\u00f3 al actor y a su compa\u00f1era en &#8216;Cu\u00e9ntame&#8217;, la actriz Ana Duato.<\/p>\n<p class=\"v-p\">Arias alcanz\u00f3 un acuerdo en 2024 con Anticorrupci\u00f3n para eludir la pena inicial de 27 a\u00f1os de c\u00e1rcel por seis delitos contra la Hacienda p\u00fablica. Reconoci\u00f3 un fraude fiscal de 2,7 millones de euros que reintegr\u00f3 y se puso a trabajar como un descosido para saldar las deudas. Triunfa en Netflix con la serie &#8216;Innato&#8217;, en la que borda a un bombero asesino en serie que utilizaba gasolina en sus cr\u00edmenes y que ya ha purgado sus cr\u00edmenes en la c\u00e1rcel, estrena este viernes la pel\u00edcula &#8216;El molino&#8217; y representa hasta el domingo en el Teatro Campos bilba\u00edno la obra &#8216;Mejor no decirlo&#8217;, junto a Mar\u00eda Barranco y bajo la direcci\u00f3n de Claudio Tolcachir.<\/p>\n<p class=\"v-p\">\u00abA esta edad, ya no tienes tiempo de perderlo. Lo de ser aitite me mata de ilusi\u00f3n\u00bb, reconoc\u00eda a EL CORREO. Su nueva mujer es la abogada argentina N\u00e9lida Grajales, a la que conoci\u00f3 brevemente hace muchos a\u00f1os y con la que se ha reencontrado en Buenos Aires durante las representaciones de s\u00fa \u00faltima obra que estos d\u00edas presenta en la capital vizca\u00edna Licenciada en Derecho por la Universidad Nacional de la Plata, su carrera ha estado ligada a la pol\u00edtica de su pa\u00eds. Comenz\u00f3 como administrativa en la C\u00e1mara de Diputados de la naci\u00f3n argentina. A\u00f1os despu\u00e9s, fue asesora en el Senado entre 2013 y 2021. Tambi\u00e9n ha ejercido como gestora de recursos humanos en un hotel de Mar de Plata.<\/p>\n<p>Estaremos en Bilbao y San Sebasti\u00e1n recorriendo restaurantes<\/p>\n<p class=\"v-p\">\u00abNos encontramos un d\u00eda nada m\u00e1s, quince minutos, en un festival de Punta del Este (Uruguay)\u00bb, rememora Imanol Arias. \u00abY me la volv\u00ed a encontrar en la calle porque \u00e9ramos vecinos en Buenos Aires. Al final, hemos decidido que vamos a cuidarnos y a estar juntos lo que nos queda\u00bb. El actor a\u00f1ade que Grajales se dedica \u00aba la gen\u00e9tica de los angus (raza bovina), esa carne argentina que queda perfecta\u00bb. \u00abSu anterior marido era un gran ganadero. No sabes la carne que tengo en casa&#8230; Ahora est\u00e1 analizando la diferencia entre la chuleta nuestra y la carne argentina. Estaremos en Bilbao y San Sebasti\u00e1n recorriendo restaurantes\u00bb.<\/p>\n<p class=\"v-p\">Arias se ha divorciado tres veces. Su primera pareja fue la tambi\u00e9n actriz Socorro Anad\u00f3n, con quien estuvo casado entre 1980 y 1983. Su segundo matrimonio fue con Pastora Vega, con quien tiene dos hijos, Jon y Daniel, ambos actores. Compartieron 25 a\u00f1os, convirti\u00e9ndose en una de las parejas m\u00e1s s\u00f3lidas de la escena espa\u00f1ola. Sin embargo, en 2009 decidieron tomar caminos separados. Un a\u00f1o despu\u00e9s, en 2010, Imanol Arias empez\u00f3 un romance junto a quien se convertir\u00eda en su tercera esposa en 2017, Irene Meritxell. La pareja se divorci\u00f3 en 2021. El \u00faltimo idilio conocido fue con Nuria Guti\u00e9rrez de Cos, profesora de yoga con la que fue fotografiado en octubre de 2023.<\/p>\n","protected":false},"excerpt":{"rendered":"El actor Imanol Arias revel\u00f3 este mi\u00e9rcoles a EL CORREO que hab\u00eda contra\u00eddo matrimonio hace unos d\u00edas con&hellip;\n","protected":false},"author":2,"featured_media":342691,"comment_status":"","ping_status":"","sticky":false,"template":"","format":"standard","meta":{"footnotes":""},"categories":[174],"tags":[22295,283,37667,3158,255,146,147,25,24,256,1641,33650,1640,23,575],"class_list":{"0":"post-342690","1":"post","2":"type-post","3":"status-publish","4":"format-standard","5":"has-post-thumbnail","7":"category-famosos","8":"tag-abogada","9":"tag-argentina","10":"tag-arias","11":"tag-boda","12":"tag-celebrities","13":"tag-entertainment","14":"tag-entretenimiento","15":"tag-es","16":"tag-espana","17":"tag-famosos","18":"tag-imagenes","19":"tag-imanol","20":"tag-primeras","21":"tag-spain","22":"tag-tras"},"share_on_mastodon":{"url":"https:\/\/pubeurope.com\/@es\/115900825191702494","error":""},"_links":{"self":[{"href":"https:\/\/www.europesays.com\/es\/wp-json\/wp\/v2\/posts\/342690","targetHints":{"allow":["GET"]}}],"collection":[{"href":"https:\/\/www.europesays.com\/es\/wp-json\/wp\/v2\/posts"}],"about":[{"href":"https:\/\/www.europesays.com\/es\/wp-json\/wp\/v2\/types\/post"}],"author":[{"embeddable":true,"href":"https:\/\/www.europesays.com\/es\/wp-json\/wp\/v2\/users\/2"}],"replies":[{"embeddable":true,"href":"https:\/\/www.europesays.com\/es\/wp-json\/wp\/v2\/comments?post=342690"}],"version-history":[{"count":0,"href":"https:\/\/www.europesays.com\/es\/wp-json\/wp\/v2\/posts\/342690\/revisions"}],"wp:featuredmedia":[{"embeddable":true,"href":"https:\/\/www.europesays.com\/es\/wp-json\/wp\/v2\/media\/342691"}],"wp:attachment":[{"href":"https:\/\/www.europesays.com\/es\/wp-json\/wp\/v2\/media?parent=342690"}],"wp:term":[{"taxonomy":"category","embeddable":true,"href":"https:\/\/www.europesays.com\/es\/wp-json\/wp\/v2\/categories?post=342690"},{"taxonomy":"post_tag","embeddable":true,"href":"https:\/\/www.europesays.com\/es\/wp-json\/wp\/v2\/tags?post=342690"}],"curies":[{"name":"wp","href":"https:\/\/api.w.org\/{rel}","templated":true}]}}