{"id":342692,"date":"2026-01-15T19:43:12","date_gmt":"2026-01-15T19:43:12","guid":{"rendered":"https:\/\/www.europesays.com\/es\/342692\/"},"modified":"2026-01-15T19:43:12","modified_gmt":"2026-01-15T19:43:12","slug":"el-bellas-artes-de-sevilla-logra-su-cuarta-mejor-cifra-historica-y-supera-en-visitas-en-2025-a-los-museos-de-valencia-y-bilbao","status":"publish","type":"post","link":"https:\/\/www.europesays.com\/es\/342692\/","title":{"rendered":"El Bellas Artes de Sevilla logra su cuarta mejor cifra hist\u00f3rica y supera en visitas en 2025 a los museos de Valencia y Bilbao"},"content":{"rendered":"<p style=\"\">El <strong>Museo de Bellas Artes de Sevilla<\/strong>, uno de los puntales de la cultura andaluza, cerr\u00f3 2025 con un total de<strong> 357.515 visitantes<\/strong>, lo que supone el cuarto mejor dato de la serie hist\u00f3rica desde que se tienen registros de visitas  &#8230; a partir a\u00f1o 1991. Esta buena cifra ha supuesto un<strong> crecimiento de un 10% con respecto al a\u00f1o anterior<\/strong>, donde unas 325.000 personas fueron a ver las distintas exposiciones albergadas en el antiguo convento de la Merced. Pero no s\u00f3lo ah\u00ed quedan las buenas noticias, ya que<strong> el museo sevillano ha superado tambi\u00e9n en visitas a otros grandes museos espa\u00f1oles<\/strong> como el Bellas Artes de Valencia, el de Bilbao, el Nacional de Escultura de Valladolid o el de Arte Romano de M\u00e9rida, que no han logrado superar en 2025 a su hom\u00f3logo hispalense. <\/p>\n<p class=\"voc-p\" style=\"\">Por comparativa con otros centros similares que tienen por lo general un presupuesto m\u00e1s elevado que el museo sevillano, el Bellas Artes ha superado holgadamente en cifras el n\u00famero de personas que se han acercado en 2025 a estos otros espacios. De este modo, el <strong>Museo de Bellas Artes de Valencia recibi\u00f3 el pasado a\u00f1o un total de 250.949<\/strong>. Tambi\u00e9n el antiguo convento de la Merced ha logrado tener m\u00e1s visitantes que el Museo de Bellas Artes de Bilbao,<strong> cuyas exposiciones fueron vistas en 2025 por un total de 211.848 personas<\/strong>. Igualmente, la pinacoteca hispalense<strong> est\u00e1 por delante del Museo Nacional de Escultura <\/strong>de Valladolid<strong>, que el a\u00f1o pasado fue visitado por 180.226 personas<\/strong>. Las cifras son asimismo superiores a las alcanzadas por el <strong>Museo Nacional de Arte Romano<\/strong> de M\u00e9rida, que en 2025 tuvo un total de 224.890. <\/p>\n<p class=\"voc-title\">El Museo de Bellas Artes ha sido el m\u00e1s visitado de los que gestiona la Junta en Sevilla y el segundo en Andaluc\u00eda despu\u00e9s del de la Alhambra<\/p>\n<p class=\"voc-p\" style=\"\">Por otro lado, el Bellas Artes ha sido el museo m\u00e1s visto en Sevilla de los que gestiona la Junta de Andaluc\u00eda, ya que el <strong>Centro Andaluz de Arte Contempor\u00e1neo<\/strong> (CAAC) alcanz\u00f3 en 2025 un total de <strong>210.220 visitas<\/strong>, un 4,5% m\u00e1s que el a\u00f1o anterior, y el <strong>Museo de Artes y Costumbres Populares de Sevilla <\/strong>lleg\u00f3 a las<strong>89.314 personas<\/strong>. Hay que recordar que, un a\u00f1o m\u00e1s,<strong> el Museo Arqueol\u00f3gico de Sevilla sigue cerrado a la espera de su reapertura<\/strong>. En lo que se refiere a la comparativa con los otros museos del resto de Andaluc\u00eda que tutela la Consejer\u00eda de Cultura y Deporte, la pinacoteca sevillana <strong>es el<\/strong>\u00a0<strong>segundo m\u00e1s visto en 2025 despu\u00e9s del de la Alhambra<\/strong>, que alcanz\u00f3 un total de <strong>574.298 accesos<\/strong>. Por detr\u00e1s del Bellas Artes de Sevilla se sit\u00faan el Museo de Bellas Artes de Granada, con 248.711 visitas y el Museo de M\u00e1laga, con 244.631. El Museo de C\u00e1diz obtuvo 126.574 registros, mientras que el Bellas Artes de C\u00f3rdoba lleg\u00f3 a las 63.225 visitas el a\u00f1o pasado. <\/p>\n<p>\nCuarta mejor cifra hist\u00f3rica\n<\/p>\n<p class=\"voc-p\" style=\"\">Las cifras de visitas del Bellas Artes alcanzadas el pasado 2025 <strong>suponen un repunte dentro de la serie hist\u00f3rica que posee este museo desde 1991<\/strong>, que es el primer a\u00f1o en el que comenzaron a contabilizarse los registros. En ese sentido, el r\u00e9cord de visitantes de la pinacoteca est\u00e1 en 451.882 en el a\u00f1o 2017, seguidas de las 431.647 de 2018. Hay que tener que cuenta que en esos a\u00f1os <strong>se celebraron dos grandes exposiciones para conmemorar el A\u00f1o Murillo y que fueron multitudinarias<\/strong>: <strong>&#8216;Murillo y los capuchinos de Sevilla&#8217;<\/strong>, que tuvo 268.000 visitantes, y<strong> &#8216;Murillo. IV centenario&#8217;<\/strong>, que fue vista por un total de 175.073 personas. El tercer mejor dato del Bellas Artes dentro de esta serie hist\u00f3rica se logr\u00f3 en 2008, con un total de 362.951 visitas. Ese a\u00f1o, el museo hispalense organiz\u00f3 tres grandes exposiciones que tuvieron una buena respuesta de p\u00fablico. La primera fue <strong>&#8216;El Greco. Toledo, 1900<\/strong>&#8216;, que cont\u00f3 con 93.000 visitas. La segunda programada en 2008 fue <strong>&#8216;Visiones de Espa\u00f1a&#8217;<\/strong> \u2014dedicada a la serie de la Hispanic Society de Sorolla\u2014, a la que acudieron 132.000 personas. Ese a\u00f1o se cerr\u00f3 con la muestra dedicada a<strong> Juan de Roelas<\/strong>, que dur\u00f3 hasta febrero de 2009. De esta \u00faltima no hay datos, pero el Bellas Artes super\u00f3 los 100.000 visitantes en el primer semestre de 2009.<\/p>\n<p class=\"voc-p\" style=\"\">La \u00fanica exposici\u00f3n celebrada \u00edntegramente en 2025 en el Museo de Bellas Artes de Sevilla ha sido<strong> &#8216;Leygonier, el primero de los fot\u00f3grafos sevillanos&#8217;<\/strong>, que se pudo ver entre el 8 de abril y el 8 de junio y que lleg\u00f3 a casi las 60.000 visitas. Por su parte, la muestra <strong>&#8216;Del Greco a Zuloaga. Obras maestras del arte espa\u00f1ol en el Museo de Bellas Artes de Bilbao&#8217;<\/strong>, que se celebr\u00f3 del 2 de diciembre de 2024 y el 16 de marzo de 2025, alcanz\u00f3 el n\u00famero de 115.808 personas. En cuanto a la muestra<strong> &#8216;Arte y Misericordia. La Santa Caridad de Sevilla&#8217;<\/strong>, que se inaugur\u00f3 el pasado 1 de julio de 2025 y que se podr\u00e1 disfrutar hasta el pr\u00f3ximo 7 de julio, la muestra ha alcanzado en su ecuador \u2014el pasado mes de diciembre\u2014 las <strong>146.377 visitas<\/strong>. El pasado 2 de diciembre el museo inaugur\u00f3 la \u00faltima gran exposici\u00f3n del a\u00f1o, <strong>&#8216;Los B\u00e9cquer, un linaje de artistas&#8217;<\/strong>, de la que a\u00fan no se han ofrecido datos porque lleva algo m\u00e1s de un mes y durar\u00e1 hasta el pr\u00f3ximo 15 de marzo. <\/p>\n<p class=\"voc-p\" style=\"\">Estas buenas cifras las ha logrado el Museo de Bellas Artes de Sevilla<strong> a pesar de que el Gobierno central no haya destinado ni un solo euro a la adquisici\u00f3n de obras de arte<\/strong> en los \u00faltimos a\u00f1os, algo que no ocurre con otros espacios como el Museo de Bellas Artes de Valencia, que es tambi\u00e9n de titularidad estatal y que, como el de Sevilla, tiene una transferencia auton\u00f3mica. De hecho,<strong> la \u00faltima inversi\u00f3n que realiz\u00f3 el Estado en la pinacoteca hispalense para adquisici\u00f3n de obras fue por un valor de 40.000 euros<\/strong> en el a\u00f1o 2022. En concreto, con esos fondos el Bellas artes pudo comprar el lienzo<strong> &#8216;La procesi\u00f3n del Corpus por el interior de la Catedral de Sevilla&#8217;<\/strong>, de <strong>Joaqu\u00edn<\/strong><strong>Dom\u00ednguez B\u00e9cquer<\/strong>, por 30.000 euros. Tambi\u00e9n ese a\u00f1o el Ministerio de Cultura compr\u00f3 el cuadro<strong> &#8216;Las tres edades del hombre&#8217;<\/strong>, atribuida al pintor genov\u00e9s <strong>Giovanni Bernardo Carbone<\/strong>, por un valor de 10.000 euros. Este mi\u00e9rcoles precisamente, la consejera de Cultura, Patricia del Pozo, se lament\u00f3 de que el Gobierno no haya destinado a Andaluc\u00eda y a sus espacios muse\u00edsticos ninguna de las 450 obras que ha adquirido en 2023 y 2024. <\/p>\n<p class=\"voc-p\" style=\"\">El pasado mes de julio el ministro de Cultura, se comprometi\u00f3 a que departamento licitar\u00e1 en los pr\u00f3ximos meses el proyecto de ampliaci\u00f3n del museo. Eso permitir\u00eda al Bellas Artes ganar 13.500 metros cuadrados, algo que r<strong>edundar\u00e1 sin duda en el aumento de las visitas<\/strong>, ya que se mostrar\u00e1n m\u00e1s fondos y se podr\u00e1n hacer m\u00e1s exposiciones temporales.<\/p>\n","protected":false},"excerpt":{"rendered":"El Museo de Bellas Artes de Sevilla, uno de los puntales de la cultura andaluza, cerr\u00f3 2025 con&hellip;\n","protected":false},"author":2,"featured_media":342693,"comment_status":"","ping_status":"","sticky":false,"template":"","format":"standard","meta":{"footnotes":""},"categories":[173],"tags":[45,229,233,1968,231,230,1967,2601,232,234,146,147,25,24,4645,3873,1171,23,21436,235,5015],"class_list":{"0":"post-342692","1":"post","2":"type-post","3":"status-publish","4":"format-standard","5":"has-post-thumbnail","7":"category-arte-y-diseno","8":"tag-45","9":"tag-arte","10":"tag-arte-y-diseno","11":"tag-artes","12":"tag-arts","13":"tag-arts-and-design","14":"tag-bellas","15":"tag-bilbao","16":"tag-design","17":"tag-diseno","18":"tag-entertainment","19":"tag-entretenimiento","20":"tag-es","21":"tag-espana","22":"tag-grandes","23":"tag-museos","24":"tag-sevilla","25":"tag-spain","26":"tag-supero","27":"tag-valencia","28":"tag-visitas"},"share_on_mastodon":{"url":"https:\/\/pubeurope.com\/@es\/115900829016611440","error":""},"_links":{"self":[{"href":"https:\/\/www.europesays.com\/es\/wp-json\/wp\/v2\/posts\/342692","targetHints":{"allow":["GET"]}}],"collection":[{"href":"https:\/\/www.europesays.com\/es\/wp-json\/wp\/v2\/posts"}],"about":[{"href":"https:\/\/www.europesays.com\/es\/wp-json\/wp\/v2\/types\/post"}],"author":[{"embeddable":true,"href":"https:\/\/www.europesays.com\/es\/wp-json\/wp\/v2\/users\/2"}],"replies":[{"embeddable":true,"href":"https:\/\/www.europesays.com\/es\/wp-json\/wp\/v2\/comments?post=342692"}],"version-history":[{"count":0,"href":"https:\/\/www.europesays.com\/es\/wp-json\/wp\/v2\/posts\/342692\/revisions"}],"wp:featuredmedia":[{"embeddable":true,"href":"https:\/\/www.europesays.com\/es\/wp-json\/wp\/v2\/media\/342693"}],"wp:attachment":[{"href":"https:\/\/www.europesays.com\/es\/wp-json\/wp\/v2\/media?parent=342692"}],"wp:term":[{"taxonomy":"category","embeddable":true,"href":"https:\/\/www.europesays.com\/es\/wp-json\/wp\/v2\/categories?post=342692"},{"taxonomy":"post_tag","embeddable":true,"href":"https:\/\/www.europesays.com\/es\/wp-json\/wp\/v2\/tags?post=342692"}],"curies":[{"name":"wp","href":"https:\/\/api.w.org\/{rel}","templated":true}]}}