{"id":342694,"date":"2026-01-15T19:45:09","date_gmt":"2026-01-15T19:45:09","guid":{"rendered":"https:\/\/www.europesays.com\/es\/342694\/"},"modified":"2026-01-15T19:45:09","modified_gmt":"2026-01-15T19:45:09","slug":"mananeros-vincula-el-escandalo-de-julio-iglesias-con-el-pp-y-pregunta-a-ayuso-si-se-pondria-del-lado-de-un-violador","status":"publish","type":"post","link":"https:\/\/www.europesays.com\/es\/342694\/","title":{"rendered":"&#8216;Ma\u00f1aneros&#8217; vincula el esc\u00e1ndalo de Julio Iglesias con el PP y pregunta a Ayuso si se pondr\u00eda del lado de un violador"},"content":{"rendered":"<p>Ma\u00f1aneros 360, el programa que <strong>Javier Ruiz<\/strong> presenta en TVE, ha encontrado en la exclusiva de eldiaio.es sobre <a href=\"https:\/\/www.libertaddigital.com\/personajes\/julio-iglesias\/\" rel=\"nofollow noopener\" target=\"_blank\"><strong>Julio Iglesias<\/strong><\/a> un fil\u00f3n pues le permite durante unos d\u00edas centrar la atenci\u00f3n en otra cosa que no sean los esc\u00e1ndalos que acechan al Gobierno de Pedro S\u00e1nchez, el m\u00e1s reciente el nuevo acuerdo de financiaci\u00f3n asim\u00e9trico y a la carta para Catalu\u00f1a que ha puesto en pie de guerra a todas las comunidades aut\u00f3nomas sin excepci\u00f3n, tambi\u00e9n a las gobernadas por el PSOE.<\/p>\n<p>Los esfuerzos del pol\u00e9mico programa \u2013 <a href=\"https:\/\/www.libertaddigital.com\/espana\/2026-01-13\/demoledor-informe-contra-los-programas-de-cintora-y-ruiz-incumplen-las-normas-de-rtve-7342883\/\" rel=\"nofollow noopener\" target=\"_blank\">censurado internamente por el Consejo de Informativos de la cadena por difundir a sabiendas el bulo de la bomba lapa de la UCO<\/a> \u2013 se centran en vincular la figura del cantante espa\u00f1ol m\u00e1s universal con el Partido Popular.<\/p>\n<p>\u00ab<strong>Julio Iglesias, mito de la derecha espa\u00f1ola<\/strong>. Amigo, apoyo p\u00fablico y s\u00edmbolo de la derecha espa\u00f1ola. <strong>Esta es la historia de amor de Julio Iglesias con el Partido Popular<\/strong>\u00ab. De esta forma anunciaban desde Ma\u00f1aneros este mi\u00e9rcoles una de las piezas que se emiti\u00f3 durante el programa y que recordaba el mitin de la campa\u00f1a de <strong>Jos\u00e9 Mar\u00eda Aznar<\/strong> de 1996 al que fue invitado as\u00ed como su buena sinton\u00eda aquellos a\u00f1os con los populares valencianos. Todo ello intercalando de forma constante im\u00e1genes de Isabel D\u00edaz Ayuso y Jos\u00e9 Luis Mart\u00ednez Almeida. \u00ab<strong>Ha cantado al amor, al desamor y, durante d\u00e9cadas, al Partido Popular<\/strong>\u00ab, sostiene TVE.<\/p>\n<p>Un d\u00eda despu\u00e9s un reportero de este programa se acerc\u00f3 hasta la rueda de prensa que ofreci\u00f3 la presidenta de la Comunidad de Madrid &#8211; la primera tras el par\u00f3n navide\u00f1o \u2013 antes de visitar la la exposici\u00f3n Des-caradas. Mujeres hist\u00f3ricas vistas con los ojos de hoy, que estar\u00e1 en el Real Jard\u00edn Bot\u00e1nico hasta el 26 de abril.<\/p>\n<p>D\u00edaz Ayuso hab\u00eda estado envuelta en pol\u00e9mica por este asunto a ra\u00edz del <a href=\"https:\/\/www.libertaddigital.com\/madrid\/2026-01-13\/ayuso-sale-en-defensa-de-julio-iglesias-y-afea-el-silencio-complice-de-la-ultraizquierda-sobre-las-mujeres-en-iran-7342910\/\" rel=\"nofollow noopener\" target=\"_blank\">comentario que escribi\u00f3 en la red social X, antes Twitter<\/a>: \u00abLas mujeres violadas y atacadas est\u00e1n en Ir\u00e1n, con el silencio c\u00f3mplice de la ultraizquierda. La Comunidad de Madrid jam\u00e1s contribuir\u00e1 al desprestigio de los artistas y menos, al del cantante m\u00e1s universal de todos: Julio Iglesias\u00bb. Este jueves la presidenta se reafirm\u00f3 en sus palabras. \u00ab<strong>Mis palabras est\u00e1n fijadas y las tienen ah\u00ed escritas, escritas quedan<\/strong>\u00ab.<\/p>\n<p>En este sentido la presidenta incidi\u00f3 en que su posici\u00f3n en relaci\u00f3n a este asunto est\u00e1 \u00abfijada\u00bb y consiste en no <strong>\u00abcontribuir al descr\u00e9dito de las personas que no est\u00e1n en pol\u00edtica\u00bb<\/strong>. \u00abNo vamos a prestarnos al linchamiento de un artista, al desprestigio de una persona que no es pol\u00edtico por parte de los pol\u00edticos\u00bb.<\/p>\n<p>Fueron varios los periodistas que se interesaron por ahondar en ello, pero desde el programa de Javier Ruiz fueron m\u00e1s all\u00e1 y lanzaron estas dos preguntas: \u00abHay una investigaci\u00f3n period\u00edstica de hace m\u00e1s de tres a\u00f1os, hay ya denuncias presentadas\u2026 le quer\u00eda preguntar <strong>qu\u00e9 m\u00e1s necesita la Comunidad de Madrid para condenar una agresi\u00f3n sexual<\/strong> como la que relatan esos testimonios; \u00bfla postura oficial de la Comunidad de Madrid es que si hoy una mujer madrile\u00f1a denunciara una agresi\u00f3n sexual, <strong>la Comunidad de Madrid estar\u00eda del lado del presunto agresor y no del lado de la v\u00edctima<\/strong>?\u00bb. Ayuso contest\u00f3: \u00abNosotros estamos con el Estado de derecho\u00bb.<\/p>\n","protected":false},"excerpt":{"rendered":"Ma\u00f1aneros 360, el programa que Javier Ruiz presenta en TVE, ha encontrado en la exclusiva de eldiaio.es sobre&hellip;\n","protected":false},"author":2,"featured_media":342695,"comment_status":"","ping_status":"","sticky":false,"template":"","format":"standard","meta":{"footnotes":""},"categories":[171],"tags":[146,147,25,24,3515,14695,8216,29492,7499,518,23,214,3156],"class_list":{"0":"post-342694","1":"post","2":"type-post","3":"status-publish","4":"format-standard","5":"has-post-thumbnail","7":"category-tv","8":"tag-entertainment","9":"tag-entretenimiento","10":"tag-es","11":"tag-espana","12":"tag-isabel-diaz-ayuso","13":"tag-javier-ruiz","14":"tag-julio-iglesias","15":"tag-mananeros-360","16":"tag-partido-popular","17":"tag-rtve","18":"tag-spain","19":"tag-tv","20":"tag-tve"},"share_on_mastodon":{"url":"https:\/\/pubeurope.com\/@es\/115900837058570945","error":""},"_links":{"self":[{"href":"https:\/\/www.europesays.com\/es\/wp-json\/wp\/v2\/posts\/342694","targetHints":{"allow":["GET"]}}],"collection":[{"href":"https:\/\/www.europesays.com\/es\/wp-json\/wp\/v2\/posts"}],"about":[{"href":"https:\/\/www.europesays.com\/es\/wp-json\/wp\/v2\/types\/post"}],"author":[{"embeddable":true,"href":"https:\/\/www.europesays.com\/es\/wp-json\/wp\/v2\/users\/2"}],"replies":[{"embeddable":true,"href":"https:\/\/www.europesays.com\/es\/wp-json\/wp\/v2\/comments?post=342694"}],"version-history":[{"count":0,"href":"https:\/\/www.europesays.com\/es\/wp-json\/wp\/v2\/posts\/342694\/revisions"}],"wp:featuredmedia":[{"embeddable":true,"href":"https:\/\/www.europesays.com\/es\/wp-json\/wp\/v2\/media\/342695"}],"wp:attachment":[{"href":"https:\/\/www.europesays.com\/es\/wp-json\/wp\/v2\/media?parent=342694"}],"wp:term":[{"taxonomy":"category","embeddable":true,"href":"https:\/\/www.europesays.com\/es\/wp-json\/wp\/v2\/categories?post=342694"},{"taxonomy":"post_tag","embeddable":true,"href":"https:\/\/www.europesays.com\/es\/wp-json\/wp\/v2\/tags?post=342694"}],"curies":[{"name":"wp","href":"https:\/\/api.w.org\/{rel}","templated":true}]}}