{"id":342704,"date":"2026-01-15T19:50:14","date_gmt":"2026-01-15T19:50:14","guid":{"rendered":"https:\/\/www.europesays.com\/es\/342704\/"},"modified":"2026-01-15T19:50:14","modified_gmt":"2026-01-15T19:50:14","slug":"sophie-turner-impresiona-como-lara-croft-en-la-primera-imagen-del-reboot-de-tomb-raider","status":"publish","type":"post","link":"https:\/\/www.europesays.com\/es\/342704\/","title":{"rendered":"Sophie Turner impresiona como Lara Croft en la primera imagen del &#8216;reboot&#8217; de &#8216;Tomb Raider&#8217;"},"content":{"rendered":"<p id=\"exEWFZZGS0\" data-wc=\"163\">Amazon Prime Video ha desvelado la primera imagen oficial de <strong>Sophie Turner<\/strong> como <strong>Lara Croft<\/strong>, marcando el inicio de una nueva etapa para uno de los personajes m\u00e1s ic\u00f3nicos del videojuego. La actriz brit\u00e1nica, de 29 a\u00f1os, protagoniza la serie Tomb Raider, una de las grandes apuestas de Amazon MGM Studios para los pr\u00f3ximos a\u00f1os, y cuyo rodaje acaba de comenzar, seg\u00fan avanzan medios especializados. En la primera fotograf\u00eda difundida por el estudio, <strong>Turner recuerda la est\u00e9tica que luc\u00eda Angelina Jolie,\u00a0<\/strong>la primera actriz en meterse en la piel de esta hero\u00edna. Sin duda, Turner aparece caracterizada con un look que recupera la est\u00e9tica cl\u00e1sica del personaje: camiseta sin mangas, shorts, mochila de cuero y las inconfundibles gafas de sol rojas, un gui\u00f1o directo a la Lara Croft de los videojuegos originales. El parecido f\u00edsico y la fidelidad al dise\u00f1o han sorprendido a los fans, que ya celebran el fichaje de la actriz como una de las elecciones m\u00e1s acertadas para el papel.<\/p>\n<p> <img src=\"https:\/\/www.europesays.com\/es\/wp-content\/uploads\/2026\/01\/84c46c3727c0-saveclipapp617108602185538260320637226908186111448735123n.jpg\"   width=\"819\" height=\"1024\" loading=\"lazy\" decoding=\"async\" alt=\"Sophie Turnes es la nueva Lara Croft\" fetchpriority=\"auto\" class=\"image ho-image\"\/>\u00a9 primevideoSophie Turnes es la nueva Lara Croft<\/p>\n<p id=\"eTDFp-ZqTrN\" data-wc=\"46\">Junto a la fotograf\u00eda, la productora acompa\u00f1\u00f3 el lanzamiento con un mensaje que aviva a\u00fan m\u00e1s la expectaci\u00f3n entre los fans: <strong>\u201cPreparad vuestros artefactos. Lara est\u00e1 de camino\u2026\u201d,\u00a0<\/strong>una declaraci\u00f3n de intenciones que confirma que la nueva etapa de Tomb Raider ya est\u00e1 oficialmente en marcha.<\/p>\n<p id=\"eqdnqVrd19q\" data-wc=\"102\">La serie, creada y escrita por <strong>Phoebe Waller-Bridge<\/strong> (Fleabag), se presenta como un reboot televisivo de la saga Tomb Raider, es decir, una nueva versi\u00f3n de la historia, con un enfoque renovado pero respetuoso con la esencia del personaje. El proyecto cuenta con un reparto de alto nivel, en el que figuran nombres como <strong>Sigourney Weaver,<\/strong> <strong>Jason Isaacs o \u00a0Martin Bobb-Semple.\u00a0<\/strong>Weaver encarna a un nuevo personaje, que no aparece en los videojuegos originales, pero que ser\u00e1 crucial en el desarrollo de la protagonista. Desde la productora la describen como una \u00abmujer misteriosa y ambiciosa, deseosa de explotar el talento de Lara\u00bb.<\/p>\n<p> <img src=\"https:\/\/www.europesays.com\/es\/wp-content\/uploads\/2026\/01\/84c8992f578d-gettyimages-2249611.jpg\"   width=\"711\" height=\"1024\" loading=\"lazy\" decoding=\"async\" alt=\"Angelina Jolie en la premiere de  'Lara Croft: Tomb Raider' en Los \u00c1ngeles en 2001\" fetchpriority=\"auto\" class=\"image ho-image\"\/>\u00a9 Getty ImagesAngelina Jolie en la premiere de  &#8216;Lara Croft: Tomb Raider&#8217; en Los \u00c1ngeles en 2001<\/p>\n<p> <img src=\"https:\/\/www.europesays.com\/es\/wp-content\/uploads\/2026\/01\/d92646bb935f-gettyimages-607386772.jpg\"   width=\"1024\" height=\"821\" loading=\"lazy\" decoding=\"async\" alt=\"Angelina Jolie fue la primera actriz que encarn\u00f3 a Lara Croft\" fetchpriority=\"auto\" class=\"image ho-image\"\/>\u00a9 Corbis via Getty ImagesAngelina Jolie fue la primera actriz que encarn\u00f3 a Lara Croft<\/p>\n<p id=\"ewCI4g22vF\" data-wc=\"82\">Sophie Turner es la tercera actriz que se mete en la piel de la famosa hero\u00edna, tomando as\u00ed el testigo de dos compa\u00f1eras que marcaron la historia del personaje en el cine: <strong>Angelina Jolie<\/strong>, quien lo populariz\u00f3 mundialmente con las pel\u00edculas de 2001 y 2003. Y <strong>Alicia Vikander<\/strong>, quien interpret\u00f3 a una versi\u00f3n m\u00e1s realista y contempor\u00e1nea en 2018. Ahora, la responsabilidad recae en Turner, que encarna a una Lara Croft m\u00e1s joven, atl\u00e9tica y cercana al esp\u00edritu aventurero de los videojuegos.<\/p>\n<p> <img src=\"https:\/\/www.europesays.com\/es\/wp-content\/uploads\/2026\/01\/802bfe468425-alicia-vikander-warner-z.jpg\"   width=\"1024\" height=\"830\" loading=\"lazy\" decoding=\"async\" alt=\"alicia vikander warner\" fetchpriority=\"auto\" class=\"image ho-image\"\/>Alicia Vikander caracterizada como Lara Croft<\/p>\n<p> <img src=\"https:\/\/www.europesays.com\/es\/wp-content\/uploads\/2026\/01\/f045d28863b7-gettyimages-925278518.jpg\"   width=\"1024\" height=\"682\" loading=\"lazy\" decoding=\"async\" alt=\"Alicia Vikander en la presentaci\u00f3n madrile\u00f1a de 'Tomb Raider' en febrero de 2018\" fetchpriority=\"auto\" class=\"image ho-image\"\/>\u00a9 Getty ImagesAlicia Vikander en la presentaci\u00f3n madrile\u00f1a de &#8216;Tomb Raider&#8217; en febrero de 2018<\/p>\n<p id=\"e5DpO6nOplb\" data-wc=\"48\">Tras confirmarse su protag\u00f3nico en la serie, la actriz declar\u00f3: \u00ab<strong>Estoy m\u00e1s que emocionada de interpretar a Lara Croft<\/strong>, un personaje ic\u00f3nico que significa mucho para muchos. Voy a dar todo lo que tengo\u00bb. Ahora, que el rodaje ha comenzado, sabemos c\u00f3mo se ha preparado para el papel.\u00a0<\/p>\n<p> <img src=\"https:\/\/www.europesays.com\/es\/wp-content\/uploads\/2026\/01\/3574c25fc0f6-sophiet-.jpg\"   width=\"819\" height=\"1024\" loading=\"lazy\" decoding=\"async\" alt=\"Sophie Turner ser\u00e1 Lara Croft en la nueva serie de Prime Video\" fetchpriority=\"auto\" class=\"image ho-image\"\/>\u00a9 @sophietSophie Turner ser\u00e1 Lara Croft en la nueva serie de Prime Video<\/p>\n<p> <img src=\"https:\/\/www.europesays.com\/es\/wp-content\/uploads\/2026\/01\/2b4a2c657dab-gettyimages-2203852143.jpg\"   width=\"682\" height=\"1024\" loading=\"lazy\" decoding=\"async\" alt=\"Sophie Turner en el desfile de Saint Laurent\" fetchpriority=\"auto\" class=\"image ho-image\"\/>\u00a9 Getty Images<\/p>\n<p id=\"e7T_SZ-HmgH2\" data-wc=\"110\">Seg\u00fan recoge el Daily Mail, Sophie llevaba casi un a\u00f1o prepar\u00e1ndose para el papel. <strong>\u00abM<\/strong><strong>i preparaci\u00f3n comenz\u00f3 en febrero de 2025. He estado entrenando durante mucho tiempo, ya casi cumplo un a\u00f1o\u00bb.\u00a0<\/strong>Adem\u00e1s, ha confesado sentirse muy emocionada con este nuevo reto profesional, cuyo rodaje acaba de empezar.<strong>\u00a0\u00abTengo muchas ganas de que el mundo vea lo que hacemos con Lara y\u00a0<\/strong><strong>Tomb Raider<\/strong><strong>. Creo que ser\u00e1 algo especial\u00bb, ha reconocido.\u00a0<\/strong>De hecho, su transformaci\u00f3n f\u00edsica ha sido uno de los aspectos m\u00e1s comentados al ver la imagen. Medios como Vandal destacan el \u201ccambio radical\u201d de la actriz y lo bien que encaja en la imagen cl\u00e1sica de la arque\u00f3loga.<\/p>\n<p><strong>Qui\u00e9n es Sophie Turner: de Sansa Stark a icono de acci\u00f3n<\/strong><\/p>\n<p id=\"erf2tUBHgFbn\" data-wc=\"44\">Sophie Turner salt\u00f3 a la fama mundial con su papel de <strong>Sansa Stark<\/strong> en Juego de Tronos, que interpret\u00f3 durante casi una d\u00e9cada. Posteriormente, se incorpor\u00f3 al universo de <strong>X-Men<\/strong>, donde dio vida a <strong>Jean Grey<\/strong> en X-Men: Apocalypse (2016) y Dark Phoenix (2019).<\/p>\n<p> <img src=\"https:\/\/www.europesays.com\/es\/wp-content\/uploads\/2026\/01\/00cbf1d7a328-gettyimages-1433740476.jpg\"   width=\"1024\" height=\"764\" loading=\"lazy\" decoding=\"async\" alt=\"Joe Jonas y Sophie Turner\" fetchpriority=\"auto\" class=\"image ho-image\"\/>\u00a9 Getty ImagesJoe Jonas y Sophie Turner<\/p>\n<p id=\"eJSt1QuSdr0V\" data-wc=\"78\">En el terreno personal, <a class=\"hm-link ho-link\" href=\"https:\/\/www.hola.com\/actualidad\/20250816850525\/sophie-turner-se-sincera-como-nunca-antes-sobre-su-divorcio-de-joe-jonas-estaba-viviendo-un-infierno\/\" data-mrf-recirculation=\"article-body-link\" rel=\"nofollow noopener\" target=\"_blank\">estuvo casada con el cantante Joe Jonas, <\/a>padre de sus dos hijas, un matrimonio que termin\u00f3 en 2023 y cuyo proceso de divorcio ella misma describi\u00f3 despu\u00e9s como una etapa \u201cdevastadora\u201d. Y es que el rodaje de su pel\u00edcula Trust coincidi\u00f3 con la etapa m\u00e1s dura de su vida personal: su separaci\u00f3n de Joe Jonas. \u201c<strong data-end=\"1542\" data-start=\"1415\">No s\u00e9 si alguien lo sabe, pero cuando comenc\u00e9 a rodar esta pel\u00edcula estaba atravesando, literalmente, un infierno medi\u00e1tico\u00bb.<\/strong>\u00a0<\/p>\n<p> <img src=\"https:\/\/www.europesays.com\/es\/wp-content\/uploads\/2026\/01\/1b89456c49ac-gettyimages-1993695759.jpg\"   width=\"683\" height=\"1024\" loading=\"lazy\" decoding=\"async\" alt=\"Peregrine Pearson y Sophie Turner han estado juntos casi dos a\u00f1os\" fetchpriority=\"auto\" class=\"image ho-image\"\/>\u00a9 Getty ImagesPeregrine Pearson y Sophie Turner han estado juntos casi dos a\u00f1os<\/p>\n<p> <img src=\"https:\/\/www.europesays.com\/es\/wp-content\/uploads\/2026\/01\/995a063a6804-snapinstaapp4647548968823251341058393758943108067588129n1080.jpg\"   width=\"819\" height=\"1024\" loading=\"lazy\" decoding=\"async\" alt=\"Plano entero de Sophie Turner y Peregrine Pearson abrazados en un sof\u00e1 al aire libre\" fetchpriority=\"auto\" class=\"image ho-image\"\/>\u00a9 sophietSophie Turner y Peregrine Pearson<\/p>\n<p id=\"eF1ku51uSSv\" data-wc=\"55\">Tras aquella ruptura y un posterior noviazgo con Peregrine \u201cPerry\u201d Pearson, el arist\u00f3crata brit\u00e1nico con quien mantuvo una relaci\u00f3n de dos a\u00f1os y que tambi\u00e9n lleg\u00f3 a su fin este oto\u00f1o, Turner volvi\u00f3 a acaparar titulares por <a class=\"hm-link ho-link\" href=\"https:\/\/www.hola.com\/actualidad\/20251026863750\/la-cita-secreta-de-sophie-turner-y-chris-martin-que-desata-rumores-de-romance\/\" data-mrf-recirculation=\"article-body-link\" rel=\"nofollow noopener\" target=\"_blank\">una cita discreta con Chris Martin,\u00a0<\/a>l\u00edder de Coldplay, que desat\u00f3 la rumorolog\u00eda sobre una posible nueva ilusi\u00f3n.\u00a0<\/p>\n<p id=\"e4Dg5wyI72\" data-wc=\"61\">Aun as\u00ed, la actriz ha mantenido un perfil prudente, centrada en su carrera y en los proyectos que marcan esta nueva etapa profesional. Entre ellos destaca su fichaje como Lara Croft, un papel f\u00edsico, ic\u00f3nico y de acci\u00f3n que supone un giro decisivo en su trayectoria y la coloca en el centro de una de las franquicias m\u00e1s reconocidas del entretenimiento.<\/p>\n","protected":false},"excerpt":{"rendered":"Amazon Prime Video ha desvelado la primera imagen oficial de Sophie Turner como Lara Croft, marcando el inicio&hellip;\n","protected":false},"author":2,"featured_media":342705,"comment_status":"","ping_status":"","sticky":false,"template":"","format":"standard","meta":{"footnotes":""},"categories":[91],"tags":[517,146,147,25,24,5414,23],"class_list":{"0":"post-342704","1":"post","2":"type-post","3":"status-publish","4":"format-standard","5":"has-post-thumbnail","7":"category-entretenimiento","8":"tag-actualidad","9":"tag-entertainment","10":"tag-entretenimiento","11":"tag-es","12":"tag-espana","13":"tag-sophie-turner","14":"tag-spain"},"share_on_mastodon":{"url":"https:\/\/pubeurope.com\/@es\/115900857225501793","error":""},"_links":{"self":[{"href":"https:\/\/www.europesays.com\/es\/wp-json\/wp\/v2\/posts\/342704","targetHints":{"allow":["GET"]}}],"collection":[{"href":"https:\/\/www.europesays.com\/es\/wp-json\/wp\/v2\/posts"}],"about":[{"href":"https:\/\/www.europesays.com\/es\/wp-json\/wp\/v2\/types\/post"}],"author":[{"embeddable":true,"href":"https:\/\/www.europesays.com\/es\/wp-json\/wp\/v2\/users\/2"}],"replies":[{"embeddable":true,"href":"https:\/\/www.europesays.com\/es\/wp-json\/wp\/v2\/comments?post=342704"}],"version-history":[{"count":0,"href":"https:\/\/www.europesays.com\/es\/wp-json\/wp\/v2\/posts\/342704\/revisions"}],"wp:featuredmedia":[{"embeddable":true,"href":"https:\/\/www.europesays.com\/es\/wp-json\/wp\/v2\/media\/342705"}],"wp:attachment":[{"href":"https:\/\/www.europesays.com\/es\/wp-json\/wp\/v2\/media?parent=342704"}],"wp:term":[{"taxonomy":"category","embeddable":true,"href":"https:\/\/www.europesays.com\/es\/wp-json\/wp\/v2\/categories?post=342704"},{"taxonomy":"post_tag","embeddable":true,"href":"https:\/\/www.europesays.com\/es\/wp-json\/wp\/v2\/tags?post=342704"}],"curies":[{"name":"wp","href":"https:\/\/api.w.org\/{rel}","templated":true}]}}