{"id":342711,"date":"2026-01-15T19:55:12","date_gmt":"2026-01-15T19:55:12","guid":{"rendered":"https:\/\/www.europesays.com\/es\/342711\/"},"modified":"2026-01-15T19:55:12","modified_gmt":"2026-01-15T19:55:12","slug":"los-trenes-de-alta-velocidad-que-salen-de-atocha-sufren-retrasos-de-mas-de-una-hora-por-el-bloqueo-de-una-via","status":"publish","type":"post","link":"https:\/\/www.europesays.com\/es\/342711\/","title":{"rendered":"Los trenes de alta velocidad que salen de Atocha sufren retrasos de m\u00e1s de una hora por el bloqueo de una v\u00eda"},"content":{"rendered":"<p class=\"article-text\">\n        Los trenes de alta velocidad que salen de la estaci\u00f3n de Puerta de Atocha Almudena Grandes, en Madrid, est\u00e1n registrando retrasos de m\u00e1s de una hora despu\u00e9s de que un tren se haya quedado parado en las v\u00edas y haya afectado a los sistemas de electrificaci\u00f3n de la red.\n    <\/p>\n<p>    <a href=\"https:\/\/www.eldiario.es\/economia\/claves-nuevo-abono-transporte-sirve-trenes-autobuses-metro_1_12865202.html\" data-mrf-recirculation=\"saber-mas\" data-dl-event=\"saber-mas\" rel=\"nofollow noopener\" target=\"_blank\"><\/p>\n<p class=\"know-more__title\">Claves del nuevo abono transporte: \u00bfcu\u00e1ndo se puede usar? \u00bfSirve para trenes y autobuses? \u00bfY para el Metro?<\/p>\n<p>            <img decoding=\"async\" class=\"lazy\" loading=\"lazy\" data-src=\"https:\/\/static.eldiario.es\/clip\/ffe13524-88b0-4d98-9434-d09f1b758c9e_16-9-aspect-ratio_default_0.jpg\" src=\"data:image\/svg+xml,%3Csvg xmlns=\" http:=\"\" viewbox=\"0 0 880 495\" alt=\"Claves del nuevo abono transporte: \u00bfcu\u00e1ndo se puede usar? \u00bfSirve para trenes y autobuses? \u00bfY para el Metro?\"\/><\/p>\n<p>                        <\/a><\/p>\n<p class=\"article-text\">\n        Seg\u00fan la informaci\u00f3n consultada por Europa Press, a las 15.00 horas ya son siete los trenes que deber\u00edan de haber salido de la estaci\u00f3n con destino a Barcelona pero a\u00fan no han abandonado la estaci\u00f3n madrile\u00f1a.\n    <\/p>\n<p class=\"article-text\">\n        La incidencia ha sido originada por un tren parado entre Atocha y Mejorada del Campo, a la altura de Vallecas, seg\u00fan apuntan fuentes de los operadores ferroviarios, que precisan que las dos v\u00edas han sido cortadas para hacer el trasbordo.\n    <\/p>\n<p class=\"article-text\">\n        El primero de los trenes que deber\u00eda de haber salido hace m\u00e1s de una hora de la estaci\u00f3n es un AVE de Renfe programado a las 13.57 horas, pero que todav\u00eda no ha abandonado Atocha. A este tren se suman m\u00e1s AVE y otros trenes de Ouigo y de Iryo, que acumulan retrasos de entre 50 y 10 minutos.\n    <\/p>\n<p class=\"article-text\">\n        Entre los trenes afectados tambi\u00e9n se encuentra una Alvia de Renfe con destino a Pamplona, ya que utiliza la misma l\u00ednea que va a Barcelona.\n    <\/p>\n<p>    <a href=\"https:\/\/www.eldiario.es\/catalunya\/illa-puente-constituyen-nueva-empresa-rodalies-fichan-numero-metro-barcelona-dirigirla_1_12900227.html\" data-mrf-recirculation=\"saber-mas-abajo\" data-dl-event=\"saber-mas-abajo\" rel=\"nofollow noopener\" target=\"_blank\"><\/p>\n<p class=\"know-more__title\">Illa y Puente constituyen la nueva empresa de Rodalies y fichan al n\u00famero dos del Metro de Barcelona para dirigirla<\/p>\n<p>            <img decoding=\"async\" class=\"lazy\" loading=\"lazy\" data-src=\"https:\/\/static.eldiario.es\/clip\/5980ee49-bbfd-413a-9851-b1829cb991a0_16-9-aspect-ratio_default_0.jpg\" src=\"data:image\/svg+xml,%3Csvg xmlns=\" http:=\"\" viewbox=\"0 0 880 495\" alt=\"Illa y Puente constituyen la nueva empresa de Rodalies y fichan al n\u00famero dos del Metro de Barcelona para dirigirla\"\/><\/p>\n<p>                        <\/a><\/p>\n<p class=\"article-text\">\n        En cuanto a las llegadas, tambi\u00e9n hay varios trenes con retrasos, como un Alvia procedente de Pamplona, que tendr\u00eda que haber llegado a las 14.34 y, actualmente, su llegada est\u00e1 prevista para las 15.31 horas.\n    <\/p>\n","protected":false},"excerpt":{"rendered":"Los trenes de alta velocidad que salen de la estaci\u00f3n de Puerta de Atocha Almudena Grandes, en Madrid,&hellip;\n","protected":false},"author":2,"featured_media":342712,"comment_status":"","ping_status":"","sticky":false,"template":"","format":"standard","meta":{"footnotes":""},"categories":[5],"tags":[5593,70566,6647,17,18,25,24,13,14,11,1458,19,20,9,10,15,16,14406,19791,23,11963,12,3322,21,22,7133,3252],"class_list":{"0":"post-342711","1":"post","2":"type-post","3":"status-publish","4":"format-standard","5":"has-post-thumbnail","7":"category-titulares","8":"tag-alta","9":"tag-atocha","10":"tag-bloqueo","11":"tag-breaking-news","12":"tag-breakingnews","13":"tag-es","14":"tag-espana","15":"tag-featured-news","16":"tag-featurednews","17":"tag-headlines","18":"tag-hora","19":"tag-latest-news","20":"tag-latestnews","21":"tag-news","22":"tag-noticias","23":"tag-noticias-destacadas","24":"tag-noticiasdestacadas","25":"tag-retrasos","26":"tag-salen","27":"tag-spain","28":"tag-sufren","29":"tag-titulares","30":"tag-trenes","31":"tag-ultimas-noticias","32":"tag-ultimasnoticias","33":"tag-velocidad","34":"tag-via"},"share_on_mastodon":{"url":"https:\/\/pubeurope.com\/@es\/115900876270590048","error":""},"_links":{"self":[{"href":"https:\/\/www.europesays.com\/es\/wp-json\/wp\/v2\/posts\/342711","targetHints":{"allow":["GET"]}}],"collection":[{"href":"https:\/\/www.europesays.com\/es\/wp-json\/wp\/v2\/posts"}],"about":[{"href":"https:\/\/www.europesays.com\/es\/wp-json\/wp\/v2\/types\/post"}],"author":[{"embeddable":true,"href":"https:\/\/www.europesays.com\/es\/wp-json\/wp\/v2\/users\/2"}],"replies":[{"embeddable":true,"href":"https:\/\/www.europesays.com\/es\/wp-json\/wp\/v2\/comments?post=342711"}],"version-history":[{"count":0,"href":"https:\/\/www.europesays.com\/es\/wp-json\/wp\/v2\/posts\/342711\/revisions"}],"wp:featuredmedia":[{"embeddable":true,"href":"https:\/\/www.europesays.com\/es\/wp-json\/wp\/v2\/media\/342712"}],"wp:attachment":[{"href":"https:\/\/www.europesays.com\/es\/wp-json\/wp\/v2\/media?parent=342711"}],"wp:term":[{"taxonomy":"category","embeddable":true,"href":"https:\/\/www.europesays.com\/es\/wp-json\/wp\/v2\/categories?post=342711"},{"taxonomy":"post_tag","embeddable":true,"href":"https:\/\/www.europesays.com\/es\/wp-json\/wp\/v2\/tags?post=342711"}],"curies":[{"name":"wp","href":"https:\/\/api.w.org\/{rel}","templated":true}]}}