{"id":342723,"date":"2026-01-15T20:05:14","date_gmt":"2026-01-15T20:05:14","guid":{"rendered":"https:\/\/www.europesays.com\/es\/342723\/"},"modified":"2026-01-15T20:05:14","modified_gmt":"2026-01-15T20:05:14","slug":"en-una-playa-paradisiaca-de-cadiz-y-rodeado-de-naturaleza","status":"publish","type":"post","link":"https:\/\/www.europesays.com\/es\/342723\/","title":{"rendered":"en una playa paradis\u00edaca de C\u00e1diz y rodeado de naturaleza"},"content":{"rendered":"<p>Una de las hijas de <strong>Lola Flores<\/strong>, la inolvidable Faraona, est\u00e1 de enhorabuena. Fue el pasado viernes cuando Lydia Lozano grit\u00f3 a los cuatro vientos en el plat\u00f3 de &#8216;\u00a1De Viernes!&#8217;<a href=\"https:\/\/www.lecturas.com\/actualidad\/rosario-flores-se-estrena-como-abuela-su-hija-lola-orellana-esta-embarazada_186985\" rel=\"nofollow noopener\" target=\"_blank\"><strong> la hermosa noticia <\/strong><\/a>con la que arrancar\u00eda el a\u00f1o la familia Flores: \u00ab<strong>Rosario Flores va a ser abuela<\/strong>\u00ab, sentenci\u00f3 la excolaboradora de &#8216;S\u00e1lvame&#8217;.\u00a0<\/p>\n<p><img decoding=\"async\" src=\"https:\/\/www.europesays.com\/es\/wp-content\/uploads\/2026\/01\/irene-de-grecia_2471407c_260115133752_800x800.webp.webp\" alt=\"Irene de Grecia \" class=\"image lazyload\"\/><img loading=\"lazy\" decoding=\"async\" src=\"https:\/\/www.europesays.com\/es\/wp-content\/uploads\/2026\/01\/irene-de-grecia_2471407c_260115133744_1280x720.webp.webp\" alt=\"Empeora el estado de salud de Irene de Grecia mientras su hermana la reina Sof\u00eda no se separa de su lado\" class=\"image lazyload\" width=\"1280\" height=\"720\" data-aspectratio=\"1280\/720\"\/><\/p>\n<p>La hija de la cantante, <strong>Lola Orellana<\/strong>, dar\u00e1 a luz en los pr\u00f3ximos meses. Eso s\u00ed, pocos detalles m\u00e1s se saben del embarazo de la hija de Rosario, quien siempre ha mantenido una vida sigilosa, apartada del foco medi\u00e1tico. Sabemos que suele trabajar mano a mano con su madre y que ha sido directora de casting de la serie &#8216;Juego de tronos&#8217;.\u00a0<\/p>\n<p>Sin embargo, lo que s\u00ed podemos corroborar es el lugar en el que<strong>\u00a0la cantante y su familia podr\u00e1n disfrutar de unas merecidas vacaciones<\/strong> o de una escapada de fin de semana. Un lugar al que acudir para airearse de la estricta rutina y de lo que ciudades como Madrid implican, y al que ahora podr\u00e1n acudir siendo uno m\u00e1s.<\/p>\n<p>Una playa paradis\u00edaca\u00a0<img loading=\"lazy\" decoding=\"async\"   src=\"https:\/\/www.europesays.com\/es\/wp-content\/uploads\/2026\/01\/rosario-flores-y-elena-furiase_462beb15_260115170448_1200x800.webp.webp\" alt=\"Rosario Flores y Elena Furiase\" class=\"lazyload\" width=\"1200\" height=\"800\" data-aspectratio=\"1200\/800\"\/><\/p>\n<p>La cantante es muy dada a hacer frecuentes escapadas a la playa, con su sobrina, por ejemplo, Elena Furiase en este caso.\u00a0<\/p>\n<p>&#13;Gtres<\/p>\n<p>La playa a la que los Flores suelen viajar para escapar de las obligaciones y los compromisos profesionales se encuentra entre Conil de la Frontera y los Ca\u00f1os de Meca. Un para\u00edso, a todos los niveles, de lo m\u00e1s especial y desde el que se puede ver <strong>el mejor de los atardeceres del Sur<\/strong>. Se encuentra en C\u00e1diz y lleva por nombre Zahora.\u00a0<\/p>\n<p>Es indudable que Rosario Flores\u00a0tiene una conexi\u00f3n de lo m\u00e1s profunda con tierras andaluzas. Un<strong> v\u00ednculo estrecho y familiar,<\/strong> pues su madre naci\u00f3 en Jerez y para ella su tierra, su acento y su gente siempre fueron motivos de orgullo de los que presumir all\u00e1 por donde pasara.\u00a0<\/p>\n<p>Una lujosa vivienda junto a su marido, Pedro Lazaga<img loading=\"lazy\" decoding=\"async\"   src=\"https:\/\/www.europesays.com\/es\/wp-content\/uploads\/2026\/01\/pedro-lazaga-y-rosario-flores_1bb0f3d7_260115170602_1200x1799.webp.webp\" alt=\"Pedro Lazaga y Rosario Flores\" class=\"lazyload\" width=\"1200\" height=\"1799\" data-aspectratio=\"1200\/1799\"\/><\/p>\n<p>Pedro Lazaga y Rosario Flores cumplir\u00e1n 20 a\u00f1os de casados este a\u00f1o tras conocerse en el a\u00f1o 2000.\u00a0<\/p>\n<p>&#13;Gtres<\/p>\n<p>Fue en 2020 cuando la cantante y su marido, el director de la mayor\u00eda de sus videoclips, <strong>Pedro Lazaga<\/strong>, adquirieron una espl\u00e9ndida vivienda a escasos metros del Mar Atl\u00e1ntico, el oc\u00e9ano que rodea Zahora. All\u00ed, dif\u00edcil resulta no enamorarse de hermosas vistas que contemplan, por ejemplo, el Faro de Trafalgar o los abundantes arrecifes y fondos marinos, ideales para quienes dedican su tiempo al submarinismo o la pesca.\u00a0<\/p>\n<p>Pero, \u00bfc\u00f3mo es esa ostentosa vivienda que ha conseguido plasmar la personalidad de la cantante que combina elementos r\u00fasticos y modernos?\u00a0De todos los espacios del lugar, el m\u00e1s destacable es su porche, donde la hermana de Lolita Flores organiza quedadas y reencuentros con amigos y familiares.\u00a0<\/p>\n<p>Y es que este espacio se encuentra conectado directamente con la naturaleza. Un \u00e1mbito imprescindible en sus escapadas para la tambi\u00e9n hermana del difunto Antonio Flores. Los elementos m\u00e1s llamativos de esta zona exterior de la casa son la gran mesa de madera que se encuentra en el centro o una r\u00fastica pared conformada a base de piedras vistas, decorada con una bonita enredadera que consigue aportar un toque de lo m\u00e1s fresco y natural.\u00a0<\/p>\n<p>\u00bfQu\u00e9 se encuentra en el interior?\u00a0<\/p>\n<p>La casa playera de la familia de Rosario cuenta en su interior con una decoraci\u00f3n de estilo ecl\u00e9ctico, en el que los muebles de estilo vintage conviven con otros m\u00e1s contempor\u00e1neos. El lugar m\u00e1s importante de la casa <strong>ser\u00eda el sal\u00f3n, el centro de todo<\/strong>. Adornado a base de elementos \u00e1rabes, tonos caoba y tierra y elementos vintage.\u00a0<\/p>\n<p><img loading=\"lazy\" decoding=\"async\"   src=\"https:\/\/www.europesays.com\/es\/wp-content\/uploads\/2026\/01\/rosario-flores_53f88cbb_260115170735_1200x1716.webp.webp\" alt=\"Rosario Flores\" class=\"lazyload\" width=\"1200\" height=\"1716\" data-aspectratio=\"1200\/1716\"\/><\/p>\n<p>La cantante ha dejado peque\u00f1os detalles de su hermosa vivienda en redes.\u00a0<\/p>\n<p>&#13;Instagram<\/p>\n<p>En el coraz\u00f3n de la vivienda se halla un impresionante y c\u00f3modo <strong>sof\u00e1 de terciopelo color rosa<\/strong> que acaba aportando ese tono chic rompedor con el resto de elementos del hogar, con cojines en tonos mostaza y una l\u00e1mpara de inspiraci\u00f3n \u00e1rabe. No obstante, el componente clave en la estancia<strong> ser\u00eda el cuadro de su hermano, Antonio Flores.\u00a0<\/strong><\/p>\n<p>El que fuera el hijo mediano de &#8216;la faraona&#8217; sigue muy presente en la vida de su hermana a pesar del paso de los a\u00f1os desde su muerte, hace m\u00e1s de 30 a\u00f1os. Por lo que es l\u00f3gico que la int\u00e9rprete de &#8216;C\u00f3mo te quiero&#8217; haya decidido colocar <strong>un retrato con el rostro de Antonio<\/strong>, en se\u00f1al de homenaje. Un gesto que nos hace pensar que le sigue recordando cada d\u00eda de su vida.\u00a0<\/p>\n<p><img decoding=\"async\" src=\"https:\/\/www.europesays.com\/es\/wp-content\/uploads\/2026\/01\/rosario-flores_dcf4db80_251017171301_800x800.webp.webp\" alt=\"Rosario Flores\" class=\"image lazyload\"\/><img loading=\"lazy\" decoding=\"async\" src=\"https:\/\/www.europesays.com\/es\/wp-content\/uploads\/2026\/01\/rosario-flores_dcf4db80_251017171307_1280x720.webp.webp\" alt=\"As\u00ed es la vida de Rosario Flores: ligada a la m\u00fasica, muy enamorada con dos hijos alejados del foco y un refugio de ensue\u00f1o en la costa gaditana\" class=\"image lazyload\" width=\"1280\" height=\"720\" data-aspectratio=\"1280\/720\"\/><\/p>\n<p>Eso s\u00ed, debido a su profesi\u00f3n, lo que tampoco puede faltar son algunos elementos musicales. Colocados en un particular estudio de grabaci\u00f3n, \u00ab<strong>est\u00e1 equipado con todo tipo de instrumentos de percusi\u00f3n<\/strong>, guitarras y una mesa de mezclas y sonido\u00bb. Esto permitir\u00eda a la cantante trabajar de una manera eficiente, pero sobre todo c\u00f3moda, en futuros proyectos con los que sorprendernos encima del escenario.<\/p>\n<p>Zahora, una playa inolvidable\u00a0<img loading=\"lazy\" decoding=\"async\"   src=\"https:\/\/www.europesays.com\/es\/wp-content\/uploads\/2026\/01\/zahora_cc783aa8_260115170831_1200x820.webp.webp\" alt=\"Zahora\" class=\"lazyload\" width=\"1200\" height=\"820\" data-aspectratio=\"1200\/820\"\/><\/p>\n<p>Un lugar de lo m\u00e1s acogedor para todo aquel que quiera viajar al Sur, concretamente, a uno de los puntos clave de C\u00e1diz donde poder disfrutar de un hermoso atardecer desde el Faro de Trafalgar.\u00a0<\/p>\n<p>&#13;Shutterstock<\/p>\n<p>De ambiente salvaje, el lugar donde se encuentra la poderosa casa de Rosario Flores, se reconoce por tener una ubicaci\u00f3n de lo <strong>m\u00e1s privilegiada<\/strong>. En un entorno virgen, rodeado de plantas y naturaleza. El color del oc\u00e9ano Atl\u00e1ntico, ba\u00f1ado en un intenso tono turquesa y un reflejo cristalino, le aporta ese minucioso detalle m\u00e1gico para terminar de enganchar a todo aquel que pase por all\u00ed.\u00a0<\/p>\n<p>\u00a0<\/p>\n<p>\u00a0<\/p>\n","protected":false},"excerpt":{"rendered":"Una de las hijas de Lola Flores, la inolvidable Faraona, est\u00e1 de enhorabuena. Fue el pasado viernes cuando&hellip;\n","protected":false},"author":2,"featured_media":342724,"comment_status":"","ping_status":"","sticky":false,"template":"","format":"standard","meta":{"footnotes":""},"categories":[174],"tags":[255,146,147,25,24,256,23],"class_list":{"0":"post-342723","1":"post","2":"type-post","3":"status-publish","4":"format-standard","5":"has-post-thumbnail","7":"category-famosos","8":"tag-celebrities","9":"tag-entertainment","10":"tag-entretenimiento","11":"tag-es","12":"tag-espana","13":"tag-famosos","14":"tag-spain"},"share_on_mastodon":{"url":"https:\/\/pubeurope.com\/@es\/115900915868827645","error":""},"_links":{"self":[{"href":"https:\/\/www.europesays.com\/es\/wp-json\/wp\/v2\/posts\/342723","targetHints":{"allow":["GET"]}}],"collection":[{"href":"https:\/\/www.europesays.com\/es\/wp-json\/wp\/v2\/posts"}],"about":[{"href":"https:\/\/www.europesays.com\/es\/wp-json\/wp\/v2\/types\/post"}],"author":[{"embeddable":true,"href":"https:\/\/www.europesays.com\/es\/wp-json\/wp\/v2\/users\/2"}],"replies":[{"embeddable":true,"href":"https:\/\/www.europesays.com\/es\/wp-json\/wp\/v2\/comments?post=342723"}],"version-history":[{"count":0,"href":"https:\/\/www.europesays.com\/es\/wp-json\/wp\/v2\/posts\/342723\/revisions"}],"wp:featuredmedia":[{"embeddable":true,"href":"https:\/\/www.europesays.com\/es\/wp-json\/wp\/v2\/media\/342724"}],"wp:attachment":[{"href":"https:\/\/www.europesays.com\/es\/wp-json\/wp\/v2\/media?parent=342723"}],"wp:term":[{"taxonomy":"category","embeddable":true,"href":"https:\/\/www.europesays.com\/es\/wp-json\/wp\/v2\/categories?post=342723"},{"taxonomy":"post_tag","embeddable":true,"href":"https:\/\/www.europesays.com\/es\/wp-json\/wp\/v2\/tags?post=342723"}],"curies":[{"name":"wp","href":"https:\/\/api.w.org\/{rel}","templated":true}]}}