{"id":342726,"date":"2026-01-15T20:08:10","date_gmt":"2026-01-15T20:08:10","guid":{"rendered":"https:\/\/www.europesays.com\/es\/342726\/"},"modified":"2026-01-15T20:08:10","modified_gmt":"2026-01-15T20:08:10","slug":"la-promesa-avance-del-capitulo-756-del-viernes-16-de-enero-de-2026","status":"publish","type":"post","link":"https:\/\/www.europesays.com\/es\/342726\/","title":{"rendered":"&#8216;La Promesa&#8217;, avance del cap\u00edtulo 756 del viernes 16 de enero de 2026"},"content":{"rendered":"<p data-journey-content=\"true\" data-node-id=\"4\" class=\"css-6wxqfj emevuu60\">En el <a href=\"https:\/\/www.diezminutos.es\/telenovela\/espanolas\/a69943477\/la-promesa-avance-rtve-capitulo-755-jueves-15-enero-2026\/\" target=\"_blank\" data-vars-ga-outbound-link=\"https:\/\/www.diezminutos.es\/telenovela\/espanolas\/a69943477\/la-promesa-avance-rtve-capitulo-755-jueves-15-enero-2026\/\" data-vars-ga-ux-element=\"Hyperlink\" data-vars-ga-call-to-action=\"cap\u00edtulo anterior de &#039;La Promesa&#039;\" data-node-id=\"4.1\" class=\"body-link css-177bzfx emevuu60\" rel=\"nofollow noopener\">cap\u00edtulo anterior de &#8216;La Promesa&#8217;<\/a>, Curro acude a la habitaci\u00f3n de su amada para interesarse por ella, pero Leocadia se lo impide. Samuel acaba derrumb\u00e1ndose ante Petra por el cierre del refugio y ella le anima a no rendirse. \u00bfConseguir\u00e1n impedir el cierre? Teresa confiesa a Petra su gran secreto: su beso con Crist\u00f3bal y lo que signific\u00f3 para ella. Las empresas retiran su inter\u00e9s por la licencia del motor. Manuel cree que es por culpa de Leocadia y llama a don Luis con la intenci\u00f3n de romper su acuerdo.<\/p>\n<p><img draggable=\"true\" alt=\"la promesa tve maria fernandez\" title=\"la promesa tve maria fernandez\" loading=\"lazy\" width=\"1620\" height=\"1080\" decoding=\"async\" data-nimg=\"1\" style=\"color:transparent;width:100%;height:auto;\"   src=\"https:\/\/www.europesays.com\/es\/wp-content\/uploads\/2026\/01\/promesa-2-8-69297ffb430ea.jpg\" class=\"css-0 e1g79fud0\"\/><\/p>\n<p>Productora<\/p>\n<p>Mar\u00eda no se alegra del regreso de Carlo en &#8216;La Promesa&#8217;<\/p>\n<p data-journey-content=\"true\" data-node-id=\"10\" class=\"css-6wxqfj emevuu60\">To\u00f1o impide que Manuel rompa el trato con don Luis, evitando que tome decisiones en caliente. Curro asegura a Lorenzo que no importa que consiga meter a \u00c1ngela en un manicomio, porque \u00e9l la rescatar\u00e1 y se fugar\u00e1n. To\u00f1o descubre que Candela y Simona pretenden visitar al t\u00edo de Enora, pero esta consigue detenerlas a tiempo. Petra informa a Samuel que ella se va a hacer cargo del refugio con la ayuda de Prudencio. \u00a1Conseguir\u00e1n salvar el lugar! Teresa confiesa a Crist\u00f3bal que el beso no la molest\u00f3&#8230; Mar\u00eda no se alegra del regreso de Carlo, pues volvi\u00f3 solo porque P\u00eda y Samuel lo trajeron de la oreja. El muchacho le dice a Mar\u00eda que tienen que hablar. \u00bfSe sincerar\u00e1n de una vez por todas? Adriano, con todo el dolor de su coraz\u00f3n, anima a Jacobo a perdonar y a luchar por Martina. El psiquiatra se dispone a dar un diagn\u00f3stico sobre la salud mental de \u00c1ngela. \u00bfTendr\u00e1 que ir al manicomio?<\/p>\n<p><img draggable=\"true\" alt=\"la promesa angela y lorenzo\" title=\"la promesa angela y lorenzo\" loading=\"lazy\" width=\"4096\" height=\"2731\" decoding=\"async\" data-nimg=\"1\" style=\"color:transparent;width:100%;height:auto;\"   src=\"https:\/\/www.europesays.com\/es\/wp-content\/uploads\/2026\/01\/promesa-2-2-696803c899274.jpg\" class=\"css-0 e1g79fud0\"\/><\/p>\n<p>RTVE<\/p>\n<p>Lorenzo pretende retomar sus planes de boda en &#8216;La Promesa&#8217;<\/p>\n<p data-journey-content=\"true\" data-node-id=\"17\" class=\"css-6wxqfj emevuu60\">En el cap\u00edtulo de este viernes, en &#8216;<a href=\"https:\/\/www.diezminutos.es\/telenovela-la-promesa\/\" target=\"_blank\" data-vars-ga-outbound-link=\"https:\/\/www.diezminutos.es\/telenovela-la-promesa\/\" data-vars-ga-ux-element=\"Hyperlink\" data-vars-ga-call-to-action=\"La Promesa\" data-node-id=\"17.1\" class=\"body-link css-177bzfx emevuu60\" rel=\"nofollow noopener\">La Promesa<\/a>&#8216;, Mar\u00eda Fern\u00e1ndez y Carlo ponen las cartas sobre la mesa y discuten, neg\u00e1ndose a trabajar juntos. Teresa deduce que hay algo personal detr\u00e1s. Petra pide ayuda con la gesti\u00f3n del refugio y las cocineras se ofrecen con entusiasmo. Jacobo, por su parte, se disculpa con Martina. Ella no da cr\u00e9dito cuando se entera de que ha sido Adriano quien ha hecho recapacitar a su prometido. Vera escribe una carta a Lope y se descubre la importante casa en la que est\u00e1 trabajando ahora el cocinero. To\u00f1o y Enora informan a Manuel de que tienen nuevas empresas a las que contactar. A pesar de todo lo ocurrido, Lorenzo pretende retomar los planes de boda con \u00c1ngela. Un comandante del ej\u00e9rcito se presenta en palacio con la intenci\u00f3n de hablar con Manuel. \u00bfSobre qu\u00e9?<\/p>\n<p><img src=\"https:\/\/www.europesays.com\/es\/wp-content\/uploads\/2026\/01\/1768507690_893_43af9b8f-983e-4e74-8e74-9a7479b0966b_1681831601.file.png\" alt=\"Headshot of Pilar Mart\u00ednez\" title=\"Headshot of Pilar Mart\u00ednez\" width=\"100%\" height=\"100%\" decoding=\"async\" loading=\"lazy\" class=\"css-o0wq4v ev8dhu53\"\/><\/p>\n<p>Pilar Mart\u00ednez es periodista especializada en contenidos de televisi\u00f3n y cultura, se gradu\u00f3 en la carrera en Periodismo en la Facultad de Ciencias de la Informaci\u00f3n (Universidad Complutense de Madrid) en el a\u00f1o 2018. Desde entonces ha pasado por las redacciones de Ecoteuve (El Economista), donde realiz\u00f3 sus primeras pr\u00e1cticas durante el verano del 2016.<\/p>\n<p>Posteriormente, concretamente, en el a\u00f1o 2017 se pas\u00f3 al grupo Hearst Espa\u00f1a, donde comenz\u00f3 su andadura en las revistas de televisi\u00f3n: Supertele, Teleprograma, Telenovela. Ahora colabora con Diez Minutos, en su versi\u00f3n web, donde se encarga de realizar los avances semanales de las ficciones diarias de moda, as\u00ed como entrevistas y art\u00edculos sobre los melodramas o telenovelas que aterrizan en nuestro pa\u00eds y aquellos que est\u00e1n por venir.<\/p>\n<p>Toda una cazadora de exclusivas. A esto, se suma su puesto como redactora jefe de la secci\u00f3n de novela narrativa en la revista Culturamas, medio digital de alto impacto al que lleva unida desde el a\u00f1o 2013. \u00c1vida lectora, cin\u00e9fila y seri\u00e9fila de primer nivel, ha hecho de su vocaci\u00f3n su oficio. \u00a0<\/p>\n","protected":false},"excerpt":{"rendered":"En el cap\u00edtulo anterior de &#8216;La Promesa&#8217;, Curro acude a la habitaci\u00f3n de su amada para interesarse por&hellip;\n","protected":false},"author":2,"featured_media":342727,"comment_status":"","ping_status":"","sticky":false,"template":"","format":"standard","meta":{"footnotes":""},"categories":[171],"tags":[253,146,147,25,24,23,214],"class_list":{"0":"post-342726","1":"post","2":"type-post","3":"status-publish","4":"format-standard","5":"has-post-thumbnail","7":"category-tv","8":"tag-discover","9":"tag-entertainment","10":"tag-entretenimiento","11":"tag-es","12":"tag-espana","13":"tag-spain","14":"tag-tv"},"share_on_mastodon":{"url":"https:\/\/pubeurope.com\/@es\/115900927663712583","error":""},"_links":{"self":[{"href":"https:\/\/www.europesays.com\/es\/wp-json\/wp\/v2\/posts\/342726","targetHints":{"allow":["GET"]}}],"collection":[{"href":"https:\/\/www.europesays.com\/es\/wp-json\/wp\/v2\/posts"}],"about":[{"href":"https:\/\/www.europesays.com\/es\/wp-json\/wp\/v2\/types\/post"}],"author":[{"embeddable":true,"href":"https:\/\/www.europesays.com\/es\/wp-json\/wp\/v2\/users\/2"}],"replies":[{"embeddable":true,"href":"https:\/\/www.europesays.com\/es\/wp-json\/wp\/v2\/comments?post=342726"}],"version-history":[{"count":0,"href":"https:\/\/www.europesays.com\/es\/wp-json\/wp\/v2\/posts\/342726\/revisions"}],"wp:featuredmedia":[{"embeddable":true,"href":"https:\/\/www.europesays.com\/es\/wp-json\/wp\/v2\/media\/342727"}],"wp:attachment":[{"href":"https:\/\/www.europesays.com\/es\/wp-json\/wp\/v2\/media?parent=342726"}],"wp:term":[{"taxonomy":"category","embeddable":true,"href":"https:\/\/www.europesays.com\/es\/wp-json\/wp\/v2\/categories?post=342726"},{"taxonomy":"post_tag","embeddable":true,"href":"https:\/\/www.europesays.com\/es\/wp-json\/wp\/v2\/tags?post=342726"}],"curies":[{"name":"wp","href":"https:\/\/api.w.org\/{rel}","templated":true}]}}