{"id":342729,"date":"2026-01-15T20:10:16","date_gmt":"2026-01-15T20:10:16","guid":{"rendered":"https:\/\/www.europesays.com\/es\/342729\/"},"modified":"2026-01-15T20:10:16","modified_gmt":"2026-01-15T20:10:16","slug":"penelope-cruz-sobre-su-pelicula-junto-a-javier-bardem-en-1992","status":"publish","type":"post","link":"https:\/\/www.europesays.com\/es\/342729\/","title":{"rendered":"Pen\u00e9lope Cruz, sobre su pel\u00edcula junto a Javier Bardem en 1992"},"content":{"rendered":"<p data-journey-content=\"true\" data-node-id=\"3\" class=\"css-6wxqfj emevuu60\">Pen\u00e9lope Cruz (Alcobendas, 1974) lleva m\u00e1s de 30 a\u00f1os actuando y, aunque todav\u00eda parece que no asume del todo su importancia en la industria,<strong data-node-id=\"3.1\"> es la actriz espa\u00f1ola m\u00e1s reconocida de los \u00faltimos tiempos.<\/strong> Desde su primera actuaci\u00f3n con 14 a\u00f1os en el videoclip de Mecano \u2018La fuerza del destino\u2019, no ha parado de recibir papeles y de hacer lo que m\u00e1s le gusta. <\/p>\n<p data-journey-content=\"true\" data-node-id=\"6\" class=\"css-6wxqfj emevuu60\">Aunque no han sido pocos los reconocimientos, no est\u00e1 de m\u00e1s mencionar que es la \u00fanica actriz espa\u00f1ola en haber recibido un <strong data-node-id=\"6.1\">premio Oscar a mejor actriz de reparto, por \u2018Vicky, Cristina, Barcelona&#8217; (2008)<\/strong>, la pel\u00edcula de Woody Allen donde volvi\u00f3 a coincidir con Javier Bardem, hoy su marido y padre de sus hijos. Aun as\u00ed, esa no fue la primera vez que trabajaron juntos en pantalla.<\/p>\n<p><img draggable=\"true\" alt=\"javier barden y pen\u00e9lope cruz\" title=\"javier barden y pen\u00e9lope cruz\" loading=\"lazy\" width=\"1024\" height=\"683\" decoding=\"async\" data-nimg=\"1\" style=\"color:transparent;width:100%;height:auto;\"   src=\"https:\/\/www.europesays.com\/es\/wp-content\/uploads\/2025\/10\/gettyimages-843468108-6470f49821642.jpg\" class=\"css-0 e1g79fud0\"\/><a target=\"_blank\" rel=\"noopener nofollow\" data-theme-key=\"base-link\" href=\"https:\/\/pinterest.com\/pin\/create\/button\/?url=https:\/\/www.elle.com\/es\/living\/ocio-cultura\/a69641172\/penelope-cruz-pelicula-javier-bardem-jamon-jamon-bigas-luna\/&amp;description=- ElleSpain&amp;media=https:\/\/hips.hearstapps.com\/hmg-prod\/images\/gettyimages-843468108-6470f49821642.jpg?resize=1600:*\" class=\"pinterest css-on9hn5 e1c1bym14\"><img decoding=\"async\" data-dynamic-svg=\"true\" src=\"https:\/\/www.elle.com\/_assets\/design-tokens\/fre\/static\/icons\/social\/pinterest.e8cf655.svg?primary=%2523ffffff\" loading=\"lazy\" data-testid=\"dynamic-svg-base\" height=\"auto\" width=\"auto\" alt=\"pinterest\" class=\"css-4lml0h e1mlxuuw1\"\/><\/a><\/p>\n<p>Dominique Charriau\/\/Getty Images<\/p>\n<p><strong data-node-id=\"9.0\">El principio de una conexi\u00f3n en pantalla<\/strong><\/p>\n<p data-journey-content=\"true\" data-node-id=\"11\" class=\"css-6wxqfj emevuu60\">El primer encuentro en pantalla de la pareja fue en \u2018Jam\u00f3n, jam\u00f3n\u2019 (1992). de Bigas Luna. En ella, Bardem interpreta a <strong data-node-id=\"11.1\">Ra\u00fal, un joven seductor que tiene que despistar a Silvia<\/strong> (Pen\u00e9lope Cruz), una de las empleadas de la empresa de ropa interior que dirigen los padres de Jos\u00e9 Luis, el novio de la protagonista.<\/p>\n<p data-journey-content=\"true\" data-node-id=\"14\" class=\"css-6wxqfj emevuu60\">Cuando ella se queda embarazada de su novio, \u00e9l quiere casarse con ella, en contra de la voluntad de sus padres. Para impedir la boda, los padres de Jos\u00e9 Luis contratan a <strong data-node-id=\"14.1\">Ra\u00fal<\/strong> con un objetivo claro: seducir a Silvia y romper la relaci\u00f3n. Lo que no se ven venir es que<strong data-node-id=\"14.3\"> Ra\u00fal terminar\u00e1 enamor\u00e1ndose de verdad de la joven, desencadenando as\u00ed un tri\u00e1ngulo amoroso<\/strong>. Silvia acabar\u00e1 descubriendo el montaje, lo que complica a\u00fan m\u00e1s la situaci\u00f3n entre los tres.<\/p>\n<p><img draggable=\"true\" alt=\"penelope cruz javier bardem jamon jamon piropo\" title=\"penelope cruz javier bardem jamon jamon piropo\" loading=\"lazy\" width=\"2000\" height=\"1000\" decoding=\"async\" data-nimg=\"1\" style=\"color:transparent;width:100%;height:auto;\"   src=\"https:\/\/www.europesays.com\/es\/wp-content\/uploads\/2025\/08\/jamon-jamon-1992-654f41a507955.jpg\" class=\"css-0 e1g79fud0\"\/><a target=\"_blank\" rel=\"noopener nofollow\" data-theme-key=\"base-link\" href=\"https:\/\/pinterest.com\/pin\/create\/button\/?url=https:\/\/www.elle.com\/es\/living\/ocio-cultura\/a69641172\/penelope-cruz-pelicula-javier-bardem-jamon-jamon-bigas-luna\/&amp;description=- ElleSpain&amp;media=https:\/\/hips.hearstapps.com\/hmg-prod\/images\/jamon-jamon-1992-654f41a507955.jpg?resize=1600:*\" class=\"pinterest css-on9hn5 e1c1bym14\"><img decoding=\"async\" data-dynamic-svg=\"true\" src=\"https:\/\/www.elle.com\/_assets\/design-tokens\/fre\/static\/icons\/social\/pinterest.e8cf655.svg?primary=%2523ffffff\" loading=\"lazy\" data-testid=\"dynamic-svg-base\" height=\"auto\" width=\"auto\" alt=\"pinterest\" class=\"css-4lml0h e1mlxuuw1\"\/><\/a><\/p>\n<p>D. R.<\/p>\n<p><strong data-node-id=\"16.0\">Demasiado pronto para todo<\/strong><\/p>\n<p data-journey-content=\"true\" data-node-id=\"18\" class=\"css-6wxqfj emevuu60\">Pen\u00e9lope Cruz se presenta en este papel sexy y con car\u00e1cter, un perfil que se ha repetido bastante en su carrera. Empez\u00f3 joven, aunque <strong data-node-id=\"18.1\">no le qued\u00f3 otra que aparentar ser mayor,<\/strong> a pesar de que emocionalmente se percibiera una ni\u00f1a. Ya lo hac\u00eda antes de empezar en esto, quer\u00eda llegar r\u00e1pido a todo y al final la vida se lo dio pronto. Aun as\u00ed se propuso desde el principio tener los pies en el suelo y ser ella misma, en un mundo complicado en el que te expones a no gustarle a mucha gente. Seguramente por esto, hoy puede presumir de seguir sorprendi\u00e9ndose con su trabajo, sin dejar de agradecerlo. <\/p>\n<p data-journey-content=\"true\" data-node-id=\"20\" class=\"css-6wxqfj emevuu60\">Aunque  fuera estando algo acostumbrada a las c\u00e1maras, despu\u00e9s de recibir con 16 a\u00f1os la primera llamada de Almod\u00f3var,  fue solo con<strong data-node-id=\"20.1\"> 18 cu\u00e1ndo empez\u00f3 a grabar la pel\u00edcula de \u2018Jam\u00f3n, Jam\u00f3n<\/strong>\u2019, que Pen\u00e9lope reconoce como atemporal, seg\u00fan declara en una entrevista para Elle, \u201cesa pel\u00edcula es tan \u00fanica que puede sobrevivir al paso del tiempo\u201d y adem\u00e1s a\u00f1ad\u00eda: <strong data-node-id=\"20.3\">\u00abYo era muy joven y el personaje quiz\u00e1s era para alguien m\u00e1s mayor. Yo no le cont\u00e9 todo a mis padres tampoco\u00bb.<\/strong><\/p>\n<p><img decoding=\"async\" data-dynamic-svg=\"true\" src=\"https:\/\/www.elle.com\/_assets\/design-tokens\/elle\/static\/images\/logos\/lettermark.8631e88.svg?primary=%2523000\" loading=\"lazy\" data-testid=\"dynamic-svg-base\" height=\"100\" width=\"100\" alt=\"Lettermark\" class=\"css-7mevzh ev8dhu50\"\/><\/p>\n<p>Licenciada en Periodismo y Humanidades en la Universidad Carlos III de Madrid, con experiencia en prensa escrita en distintos medios digitales, y especializada en marketing y comunicaci\u00f3n. Le interesan las historias, ya sea en papel, en pantalla o en una buena conversaci\u00f3n. Siempre tiene un libro a mano, una pel\u00edcula pendiente y una playlist en reproducci\u00f3n. \u00a0\u00a0\u00a0\u00a0\u00a0<\/p>\n","protected":false},"excerpt":{"rendered":"Pen\u00e9lope Cruz (Alcobendas, 1974) lleva m\u00e1s de 30 a\u00f1os actuando y, aunque todav\u00eda parece que no asume del&hellip;\n","protected":false},"author":2,"featured_media":342730,"comment_status":"","ping_status":"","sticky":false,"template":"","format":"standard","meta":{"footnotes":""},"categories":[169],"tags":[177,253,146,147,25,24,176,175,23],"class_list":{"0":"post-342729","1":"post","2":"type-post","3":"status-publish","4":"format-standard","5":"has-post-thumbnail","7":"category-cine","8":"tag-cine","9":"tag-discover","10":"tag-entertainment","11":"tag-entretenimiento","12":"tag-es","13":"tag-espana","14":"tag-film","15":"tag-movies","16":"tag-spain"},"share_on_mastodon":{"url":"https:\/\/pubeurope.com\/@es\/115900935436630180","error":""},"_links":{"self":[{"href":"https:\/\/www.europesays.com\/es\/wp-json\/wp\/v2\/posts\/342729","targetHints":{"allow":["GET"]}}],"collection":[{"href":"https:\/\/www.europesays.com\/es\/wp-json\/wp\/v2\/posts"}],"about":[{"href":"https:\/\/www.europesays.com\/es\/wp-json\/wp\/v2\/types\/post"}],"author":[{"embeddable":true,"href":"https:\/\/www.europesays.com\/es\/wp-json\/wp\/v2\/users\/2"}],"replies":[{"embeddable":true,"href":"https:\/\/www.europesays.com\/es\/wp-json\/wp\/v2\/comments?post=342729"}],"version-history":[{"count":0,"href":"https:\/\/www.europesays.com\/es\/wp-json\/wp\/v2\/posts\/342729\/revisions"}],"wp:featuredmedia":[{"embeddable":true,"href":"https:\/\/www.europesays.com\/es\/wp-json\/wp\/v2\/media\/342730"}],"wp:attachment":[{"href":"https:\/\/www.europesays.com\/es\/wp-json\/wp\/v2\/media?parent=342729"}],"wp:term":[{"taxonomy":"category","embeddable":true,"href":"https:\/\/www.europesays.com\/es\/wp-json\/wp\/v2\/categories?post=342729"},{"taxonomy":"post_tag","embeddable":true,"href":"https:\/\/www.europesays.com\/es\/wp-json\/wp\/v2\/tags?post=342729"}],"curies":[{"name":"wp","href":"https:\/\/api.w.org\/{rel}","templated":true}]}}