{"id":342739,"date":"2026-01-15T20:15:08","date_gmt":"2026-01-15T20:15:08","guid":{"rendered":"https:\/\/www.europesays.com\/es\/342739\/"},"modified":"2026-01-15T20:15:08","modified_gmt":"2026-01-15T20:15:08","slug":"inditex-cierra-su-emblematica-tienda-de-juan-florez-en-a-coruna-el-primer-zara-de-la-historia","status":"publish","type":"post","link":"https:\/\/www.europesays.com\/es\/342739\/","title":{"rendered":"Inditex cierra su emblem\u00e1tica tienda de Juan Fl\u00f3rez en A Coru\u00f1a, el primer Zara de la historia"},"content":{"rendered":"<p>Inditex se despide del primer Zara de la historia. El grupo cerrar\u00e1 su hist\u00f3rica tienda de la calle Juan Fl\u00f3rez de A Coru\u00f1a el pr\u00f3ximo  &#8230; 31 de enero, tras m\u00e1s de 50 a\u00f1os abierta al p\u00fablico. Seg\u00fan adelant\u00f3 &#8216;La Voz de Galicia&#8217;, el grupo ha decidido dar este paso ante las dimensiones del local, que no encajan en su actual estrategia comercial de tiendas m\u00e1s grandes que combinan lo presencial con la oferta de servicios digitales. <\/p>\n<p class=\"v-p\">Con una dimensi\u00f3n de unos 300 metros cuadrados, el establecimiento ya llevaba meses funcionando como espacio conmemorativo, con las celebraciones de su 50 aniversario, que tambi\u00e9n marca el inicio de la marca Zara, rindiendo homenaje al lugar donde todo comenz\u00f3.<\/p>\n<p class=\"v-p\">Fuentes de la compa\u00f1\u00eda se\u00f1alan que ya se ha comunicado a la plantilla la decisi\u00f3n, que afectar\u00e1 a 11 trabajadores a los que se les ha ofrecido una recolocaci\u00f3n en otras tiendas de la ciudad. A pocos metros, de hecho, se encuentra la tienda de Zara (en la calle Compostela), que tras la reforma parcial actualmente en marcha acoger\u00e1 un nuevo espacio Zacaff\u00e9, la l\u00ednea de cafeter\u00edas de Zara.<\/p>\n<p class=\"v-p\">Fue el 9 de mayo de 1975 cuando el fundador del grupo, Amancio Ortega, abr\u00eda esta primera ubicaci\u00f3n para una tienda de Zara. En aquel momento, Confecciones GOA llevaba algo m\u00e1s de una d\u00e9cada -desde 1963- produciendo prendas de vestir. La apertura de este establecimiento marcaba un antes y un despu\u00e9s en la trayectoria de la compa\u00f1\u00eda, hasta entonces dedicada a la confecci\u00f3n y distribuci\u00f3n textil.<\/p>\n<p class=\"v-p\">Bajo el concepto Zara, la compa\u00f1\u00eda se convert\u00eda en una marca de venta de moda con colecciones de mujer, hombre y ni\u00f1o que ir\u00eda desarrollando y fortaleciendo una filosof\u00eda caracterizada por situar al cliente en el centro de la toma de decisiones, escuchando atentamente sus preferencias y ofreci\u00e9ndole propuestas de calidad a precios asequibles.<\/p>\n<p class=\"v-p\">. Las caracter\u00edsticas galer\u00edas coru\u00f1esas que forman parte del ADN arquitect\u00f3nico de la ciudad se convierten ahora en el elemento principal de esta \u00abnueva tienda\u00bb, una intervenci\u00f3n temporal con motivo del aniversario. Se trata de una instalaci\u00f3n arquitect\u00f3nica que alberga una muestra \u00fanica de piezas y objetos de edici\u00f3n limitada creados para conmemorar estos 50 a\u00f1os de Zara.<\/p>\n<p class=\"v-p\">El encanto y el car\u00e1cter l\u00fadico del dise\u00f1o y el imaginativo uso de la escala sorprender\u00e1n a sus visitantes, que tambi\u00e9n podr\u00e1n acceder a una cafeter\u00eda y a un sal\u00f3n boutique en el que hojear estanter\u00edas repletas de una amplia colecci\u00f3n de revistas publicadas desde mayo de 1975 hasta hoy, una oportunidad de redescubrir 50 a\u00f1os de moda, arte y cultura.<\/p>\n<p class=\"v-p\">En este aniversario, la tienda Juan Fl\u00f3rez se convierte no solo en una celebraci\u00f3n de la marca, sino tambi\u00e9n de la arquitectura y la historia de la ciudad.<\/p>\n","protected":false},"excerpt":{"rendered":"Inditex se despide del primer Zara de la historia. El grupo cerrar\u00e1 su hist\u00f3rica tienda de la calle&hellip;\n","protected":false},"author":2,"featured_media":342740,"comment_status":"","ping_status":"","sticky":false,"template":"","format":"standard","meta":{"footnotes":""},"categories":[80],"tags":[82,500,7879,95,94,40250,25,24,16893,448,3906,409,977,23,11613,7335],"class_list":{"0":"post-342739","1":"post","2":"type-post","3":"status-publish","4":"format-standard","5":"has-post-thumbnail","7":"category-economia","8":"tag-business","9":"tag-cierra","10":"tag-coruna","11":"tag-economia","12":"tag-economy","13":"tag-emblematica","14":"tag-es","15":"tag-espana","16":"tag-florez","17":"tag-historia","18":"tag-inditex","19":"tag-juan","20":"tag-primer","21":"tag-spain","22":"tag-tienda","23":"tag-zara"},"share_on_mastodon":{"url":"https:\/\/pubeurope.com\/@es\/115900955021914276","error":""},"_links":{"self":[{"href":"https:\/\/www.europesays.com\/es\/wp-json\/wp\/v2\/posts\/342739","targetHints":{"allow":["GET"]}}],"collection":[{"href":"https:\/\/www.europesays.com\/es\/wp-json\/wp\/v2\/posts"}],"about":[{"href":"https:\/\/www.europesays.com\/es\/wp-json\/wp\/v2\/types\/post"}],"author":[{"embeddable":true,"href":"https:\/\/www.europesays.com\/es\/wp-json\/wp\/v2\/users\/2"}],"replies":[{"embeddable":true,"href":"https:\/\/www.europesays.com\/es\/wp-json\/wp\/v2\/comments?post=342739"}],"version-history":[{"count":0,"href":"https:\/\/www.europesays.com\/es\/wp-json\/wp\/v2\/posts\/342739\/revisions"}],"wp:featuredmedia":[{"embeddable":true,"href":"https:\/\/www.europesays.com\/es\/wp-json\/wp\/v2\/media\/342740"}],"wp:attachment":[{"href":"https:\/\/www.europesays.com\/es\/wp-json\/wp\/v2\/media?parent=342739"}],"wp:term":[{"taxonomy":"category","embeddable":true,"href":"https:\/\/www.europesays.com\/es\/wp-json\/wp\/v2\/categories?post=342739"},{"taxonomy":"post_tag","embeddable":true,"href":"https:\/\/www.europesays.com\/es\/wp-json\/wp\/v2\/tags?post=342739"}],"curies":[{"name":"wp","href":"https:\/\/api.w.org\/{rel}","templated":true}]}}