{"id":342743,"date":"2026-01-15T20:17:08","date_gmt":"2026-01-15T20:17:08","guid":{"rendered":"https:\/\/www.europesays.com\/es\/342743\/"},"modified":"2026-01-15T20:17:08","modified_gmt":"2026-01-15T20:17:08","slug":"pedro-sanchez-anuncia-la-creacion-del-fondo-espana-crece-para-extender-el-impulso-reformista-del-plan-de-recuperacion-mas-alla-de-2026","status":"publish","type":"post","link":"https:\/\/www.europesays.com\/es\/342743\/","title":{"rendered":"Pedro S\u00e1nchez anuncia la creaci\u00f3n del Fondo Espa\u00f1a Crece para extender el impulso reformista del Plan de Recuperaci\u00f3n m\u00e1s all\u00e1 de 2026"},"content":{"rendered":"<p class=\"main-image\">&#13; <img decoding=\"async\" alt=\"15\/01\/2026. Pedro S\u00e1nchez clausura el Foro Internacional 'Spain Investors Day'. Pedro S\u00e1nchez clausura el Foro Internacional 'Spain Investors Day'\" title=\"15\/01\/2026. Pedro S\u00e1nchez clausura el Foro Internacional 'Spain Investors Day'. Pedro S\u00e1nchez clausura el Foro Internacional 'Spain Investors Day'\" src=\"https:\/\/www.europesays.com\/es\/wp-content\/uploads\/2026\/01\/150126-sanchez-investors-day.jpg\"\/>&#13;Pedro S\u00e1nchez clausura el Foro Internacional &#8216;Spain Investors Day&#8217; (Pool Moncloa\/Borja Puig de la Bellacasa)&#13;&#13;<\/p>\n<p class=\"ms-rteElement-Parrafo_Normal\">El presidente del Gobierno, Pedro S\u00e1nchez, ha anunciado hoy la creaci\u00f3n del Fondo soberano Espa\u00f1a Crece, dotado con una base de 10.500 millones de euros del Plan de Recuperaci\u00f3n, para extender el impulso reformista de los fondos europeos Next Generation, con el objetivo de movilizar unos 120.000 millones de euros a trav\u00e9s de deuda privada e inversores nacionales e internacionales. Este veh\u00edculo, que gestionar\u00e1 el Instituto de Cr\u00e9dito Oficial (ICO), coinvertir\u00e1 siempre con el sector privado mediante pr\u00e9stamos, avales o instrumentos de capital, priorizando los sectores clave para mejorar la productividad de la econom\u00eda espa\u00f1ola: vivienda, energ\u00eda, digitalizaci\u00f3n, IA, reindustrializaci\u00f3n, econom\u00eda circular, infraestructura, agua y saneamiento o seguridad.<\/p>\n<p class=\"ms-rteElement-Parrafo_Normal\">As\u00ed lo ha anunciado durante su intervenci\u00f3n en la clausura de la XI edici\u00f3n del foro econ\u00f3mico financiero internacional &#8216;Spain Investors Day&#8217;, celebrado en Madrid, y al que ha asistido tambi\u00e9n la ministra de Defensa, Margarita Robles. Ante el fin de los fondos Next Generation este a\u00f1o, Pedro S\u00e1nchez ha explicado que \u00abqueremos trascender al a\u00f1o 2026 y que las apuestas que estamos haciendo por la transformaci\u00f3n energ\u00e9tica, la transici\u00f3n digital, la apuesta por el capital humano, la reindustrializaci\u00f3n en todos los territorios y que el impulso  reformista perdure en el tiempo m\u00e1s all\u00e1 de 2026 para dar continuidad a todas estas reformas\u00bb.<\/p>\n<p class=\"ms-rteElement-Parrafo_Normal\">Por ello, ha anunciado la creaci\u00f3n del Fondo Espa\u00f1a Crece, un fondo soberano que recoger\u00e1 el testigo de los NextGen y extender\u00e1 su empuje, haciendo perdurable el legado de los fondos NextGen m\u00e1s all\u00e1 de 2026&#8243; porque \u00ablos fondos europeos no s\u00f3lo nos ayudaron a resistir y recuperarnos, en un momento dif\u00edcil, nos han permitido cambiar el rumbo y transformarnos para siempre. El presidente del Gobierno presentar\u00e1 p\u00fablicamente los detalles del Fondo Espa\u00f1a Crece el pr\u00f3ximo lunes, junto al ministro de Econom\u00eda, Comercio y Empresa, Carlos Cuerpo.<\/p>\n<p>Primera reuni\u00f3n del Comit\u00e9 de Inversiones Estrat\u00e9gicas<\/p>\n<p class=\"ms-rteElement-Parrafo_Normal\">\u00abSi los fondos NextGen fueron un ejercicio de soberan\u00eda europea, el Fondo Espa\u00f1a Crece ser\u00e1 un ejercicio de soberan\u00eda nacional y una reivindicaci\u00f3n de que hay otra manera de hacer las cosas frente al dominio de un discurso en el que cuestiones como la igualdad, diversidad, el compromiso con la sostenibilidad o una mirada humanista a la digitalizaci\u00f3n est\u00e1 en retroceso\u00bb, ha apuntado Pedro S\u00e1nchez. En esa l\u00ednea, ha destacado que se acaba de celebrar la primera reuni\u00f3n del Comit\u00e9 de Inversiones Estrat\u00e9gicas, otra nueva herramienta para atraer capacidades productivas hacia los sectores punteros, pero siempre alineadas con el inter\u00e9s nacional y comunitario.<\/p>\n<p class=\"ms-rteElement-Parrafo_Normal\">El presidente del Gobierno ha enfatizado que las transformaciones registradas por Espa\u00f1a en los \u00faltimos a\u00f1os \u00abno habr\u00edan sido posibles sin el Plan de Recuperaci\u00f3n, Transformaci\u00f3n y Resiliencia\u00bb, gracias al cual se puso en marcha un programa de reformas \u00absin precedentes\u00bb, como la laboral, para luchar contra la precariedad; la modernizaci\u00f3n de la FP; o el impulso del ecosistema empresarial, a trav\u00e9s de la Ley de Startups o la Ley Crea y Crece, un impulso reformista con el que se han movilizado 63.000 millones de euros de los fondos Next Generation. \u00abCreo que podemos mirar hacia atr\u00e1s y decir con orgullo que Europa es grande cuando se atreve. Cuando no tiene miedo, habla con claridad y en este tiempo no tenemos que tener miedo, hablar con claridad y pensar en el bien com\u00fan espa\u00f1ol y europeo. Lo hicimos entonces y debemos hacerlo ahora con m\u00e1s determinaci\u00f3n ahora, profundizando el mercado \u00fanico; reforzando nuestra seguridad econ\u00f3mica y autonom\u00eda financiera; forjando nuevas alianzas comerciales, como la que acabamos de concretar con el Mercosur, un gran \u00e9xito para Europa tras 25 a\u00f1os; y apostando por un presupuesto ambicioso para financiar bienes p\u00fablicos europeos\u00bb, ha defendido.<\/p>\n<p>\u00ab2026 empieza con buenas perspectivas econ\u00f3micas\u00bb<\/p>\n<p class=\"ms-rteElement-Parrafo_Normal\">Durante su intervenci\u00f3n, Pedro S\u00e1nchez ha subrayado que \u00ab2026 comienza con buenas perspectivas econ\u00f3micas\u00bb para Espa\u00f1a, acumulando seis a\u00f1os positivos desde el shock de la pandemia en 2026 con \u00abcrecimiento econ\u00f3mico y creaci\u00f3n continuada\u00bb, superando las previsiones y con una pol\u00edtica econ\u00f3mica que permite \u00abcrecer, repartir y reducir emisiones\u00bb. Ante este \u00abgran \u00e9xito de pa\u00eds\u00bb ha se\u00f1alado: \u00abNos estamos acostumbrando a estar sistem\u00e1ticamente entre las mejores econom\u00edas del planeta. No quiero caer en autocomplacencia, pero es  cierto que somos una de las econom\u00edas europeas que m\u00e1s crece, a crear medio mill\u00f3n de puestos de trabajo anuales y el Ibex 35 bata r\u00e9cords en cada sesi\u00f3n\u00bb. \u00abLo que antes se so\u00f1aba como un logro inalcanzable, ahora constituye el patr\u00f3n de nuestra econom\u00eda. Nuestra nueva normalidad: la excelencia econ\u00f3mica\u00bb, ha apostillado, celebrando este \u00abcambio estructural favorable en un periodo de incertidumbre e inestabilidad marca la diferencia\u00bb.<\/p>\n<p class=\"ms-rteElement-Parrafo_Normal\">No obstante, pese a estos \u00ablogros\u00bb, ha abogado por trabajar para completar retos como seguir reduciendo la pobreza y la desigualdad, que ya est\u00e1n en m\u00ednimos hist\u00f3ricos; resolver el problema de la vivienda; o aumentar la renta disponible real de los hogares. As\u00ed, ha pedido a los inversores presentes en el acto que ayuden al Gobierno \u00aben lo que est\u00e9 en su mano\u00bb. Todo ello en un contexto en el que, a pesar del \u00abdif\u00edcil\u00bb contexto internacional, Espa\u00f1a creci\u00f3 un 2,9% en 2025 y crecer\u00e1 al menos un 2,2% en 2026, seg\u00fan las previsiones de los principales organismos internacionales. \u00abBuena parte de este \u00e9xito se debe a ustedes, que nos han elegido para iniciar, continuar o escalar sus proyectos. Y hay razones poderosas tras esa elecci\u00f3n\u00bb, les ha indicado.<\/p>\n<p>\u00abEspa\u00f1a es un valor refugio en un mundo cada vez m\u00e1s turbulento\u00bb<\/p>\n<p class=\"ms-rteElement-Parrafo_Normal\">\u00abEn un mundo cada vez m\u00e1s turbulento, Espa\u00f1a es un valor refugio. Aqu\u00ed no van a encontrar tensiones comerciales, riesgos geopol\u00edticos o inseguridad jur\u00eddica\u00bb, sino \u00abpaz social, cohesi\u00f3n territorial y un marco estable que favorece el talento, venga de donde venga, y un Gobierno comprometido con las  empresas que impulsan este pa\u00eds\u00bb, ha garantizado. Al respecto, ha dejado claro que \u00abentre ser una naci\u00f3n cerrada y pobre, Espa\u00f1a se abre al mundo para garantizar la prosperidad y la financiaci\u00f3n de su Estado de bienestar y cohesi\u00f3n territorial\u00bb, ya que Espa\u00f1a sigue siendo un destino preferente de inversi\u00f3n, especialmente de proyectos greenfield, siendo el quinto pa\u00eds mundial y tercero europeo que m\u00e1s proyectos recibe desde 2013. El stock de inversi\u00f3n extranjera directa productiva representa un 41% del PIB, superando los 650.000 millones  de euros tras diez a\u00f1os consecutivos de crecimiento. Por ello, ha aseverado que \u00abno s\u00f3lo somos uno de los mejores pa\u00edses del mundo para vivir; sino tambi\u00e9n para invertir\u00bb.<\/p>\n<p>Hoja de ruta clara y transformaci\u00f3n econ\u00f3mica: \u00abSpain is the place to be\u00bb<\/p>\n<p class=\"ms-rteElement-Parrafo_Normal\">El jefe del Ejecutivo ha explicado que tras estos logros hay una \u00abhoja de ruta clara y una apuesta sin precedentes por la transformaci\u00f3n de nuestra econom\u00eda, con ambici\u00f3n, valent\u00eda y di\u00e1logo\u00bb y convirtiendo \u00abdebilidades en ventajas\u00bb As\u00ed, se ha referido a los costes energ\u00e9ticos, produciendo Espa\u00f1a la mayor parte de su electricidad a trav\u00e9s de renovables, logrando tener una energ\u00eda un 20% m\u00e1s barata que la media europea. \u00abNo vamos a frenar la apuesta por las renovables y, por supuesto, hemos pactado con las empresas energ\u00e9ticas el cierre de las centrales energ\u00e9ticas y vamos a seguir esa l\u00ednea, porque apostamos por una energ\u00eda m\u00e1s barata y que cumpla con la transici\u00f3n energ\u00e9tica para dejar un mundo habitable. Si las empresas con centrales nucleares en propiedad quieren prolongar su vida tienen que proponer y garantizar la seguridad energ\u00e9tica, de los territorios donde operan, y que la Administraci\u00f3n General del Estado ni los ciudadanos con sus impuestos van a tener que pagar v\u00eda bonificaciones la prolongaci\u00f3n de la vida de las centrales\u00bb, ha se\u00f1alado.<\/p>\n<p class=\"ms-rteElement-Parrafo_Normal\">Tambi\u00e9n se ha referido a las finanzas, tras reducir Espa\u00f1a en 23 puntos b\u00e1sicos su deuda desde la pandemia. \u00ab\u00bfQui\u00e9n se podr\u00eda imaginar hace s\u00f3lo unos a\u00f1os que cerrar\u00edamos 2025 con menos d\u00e9ficit p\u00fablico que Alemania, una prima de riesgo inferior a la de Francia y una ratio de deuda m\u00e1s baja que la de Estados Unidos? Pues es una realidad\u00bb, ha celebrado.<\/p>\n<p class=\"ms-rteElement-Parrafo_Normal\">Otra de las nuevas fortalezas citadas por S\u00e1nchez es la transformaci\u00f3n del sistema productivo, en especial la formaci\u00f3n, ya que \u00abel mejor activo de Espa\u00f1a es su capital humano\u00bb. Ya hay casi 4 millones de personas form\u00e1ndose y trabajando al mismo tiempo y m\u00e1s de 1,2 millones de alumnos de Formaci\u00f3n Profesional, adem\u00e1s, Espa\u00f1a es la econom\u00eda que m\u00e1s aporta al crecimiento de la I+D+i en Europa desde 2019; ha duplicado las exportaciones de servicios no tur\u00edsticos en solo una d\u00e9cada; y en el mercado laboral han ganado peso los empleos de alta cualificaci\u00f3n. Igualmente, ha resaltado que la productividad crece a su mayor ritmo desde 1995.<\/p>\n<p class=\"ms-rteElement-Parrafo_Normal\">Al t\u00e9rmino de su intervenci\u00f3n ha recalcado que Espa\u00f1a est\u00e1 abierta a la inversi\u00f3n productiva y al capital humano, sin renunciar a sus valores de democracia, justicia, solidaridad y sostenibilidad. \u00abHoy, en un momento de repliegue global, si somos diferentes es porque nuestro eslogan podr\u00eda actualizarse del &#8216;Spain is different&#8217; al &#8216;Spain is the place to be&#8217;. No hay  democracia en el mundo que haya protagonizado una transformaci\u00f3n como la espa\u00f1ola en el \u00faltimo medio siglo. Somos una historia de \u00e9xito. Un pa\u00eds con un Estado de bienestar s\u00f3lido, que prospera con paz social y m\u00e1s cohesi\u00f3n territorial\u00bb. Un pa\u00eds en el que todos ganamos: los espa\u00f1oles y los que invierten aqu\u00ed y apuestan por nosotros\u00bb, ha concluido.<\/p>\n","protected":false},"excerpt":{"rendered":"&#13; &#13;Pedro S\u00e1nchez clausura el Foro Internacional &#8216;Spain Investors Day&#8217; (Pool Moncloa\/Borja Puig de la Bellacasa)&#13;&#13; El presidente&hellip;\n","protected":false},"author":2,"featured_media":342744,"comment_status":"","ping_status":"","sticky":false,"template":"","format":"standard","meta":{"footnotes":""},"categories":[8],"tags":[3382,17,18,25,24,13,14,11,19,20,9,10,15,16,1461,23,12,21,22],"class_list":{"0":"post-342743","1":"post","2":"type-post","3":"status-publish","4":"format-standard","5":"has-post-thumbnail","7":"category-espana","8":"tag-actividad","9":"tag-breaking-news","10":"tag-breakingnews","11":"tag-es","12":"tag-espana","13":"tag-featured-news","14":"tag-featurednews","15":"tag-headlines","16":"tag-latest-news","17":"tag-latestnews","18":"tag-news","19":"tag-noticias","20":"tag-noticias-destacadas","21":"tag-noticiasdestacadas","22":"tag-presidente","23":"tag-spain","24":"tag-titulares","25":"tag-ultimas-noticias","26":"tag-ultimasnoticias"},"share_on_mastodon":{"url":"https:\/\/pubeurope.com\/@es\/115900962956594631","error":""},"_links":{"self":[{"href":"https:\/\/www.europesays.com\/es\/wp-json\/wp\/v2\/posts\/342743","targetHints":{"allow":["GET"]}}],"collection":[{"href":"https:\/\/www.europesays.com\/es\/wp-json\/wp\/v2\/posts"}],"about":[{"href":"https:\/\/www.europesays.com\/es\/wp-json\/wp\/v2\/types\/post"}],"author":[{"embeddable":true,"href":"https:\/\/www.europesays.com\/es\/wp-json\/wp\/v2\/users\/2"}],"replies":[{"embeddable":true,"href":"https:\/\/www.europesays.com\/es\/wp-json\/wp\/v2\/comments?post=342743"}],"version-history":[{"count":0,"href":"https:\/\/www.europesays.com\/es\/wp-json\/wp\/v2\/posts\/342743\/revisions"}],"wp:featuredmedia":[{"embeddable":true,"href":"https:\/\/www.europesays.com\/es\/wp-json\/wp\/v2\/media\/342744"}],"wp:attachment":[{"href":"https:\/\/www.europesays.com\/es\/wp-json\/wp\/v2\/media?parent=342743"}],"wp:term":[{"taxonomy":"category","embeddable":true,"href":"https:\/\/www.europesays.com\/es\/wp-json\/wp\/v2\/categories?post=342743"},{"taxonomy":"post_tag","embeddable":true,"href":"https:\/\/www.europesays.com\/es\/wp-json\/wp\/v2\/tags?post=342743"}],"curies":[{"name":"wp","href":"https:\/\/api.w.org\/{rel}","templated":true}]}}