{"id":342755,"date":"2026-01-15T20:28:11","date_gmt":"2026-01-15T20:28:11","guid":{"rendered":"https:\/\/www.europesays.com\/es\/342755\/"},"modified":"2026-01-15T20:28:11","modified_gmt":"2026-01-15T20:28:11","slug":"stephanie-de-luxemburgo-debuta-en-la-primera-gran-gala-del-ano-con-joyas-de-perlas-y-citrinos","status":"publish","type":"post","link":"https:\/\/www.europesays.com\/es\/342755\/","title":{"rendered":"St\u00e9phanie de Luxemburgo debuta en la primera gran gala del a\u00f1o con joyas de perlas y citrinos"},"content":{"rendered":"<p id=\"eUH1vQAiAJ\" data-wc=\"67\">Han pasado tres meses desde que el pr\u00edncipe<a class=\"hm-link ho-link\" href=\"https:\/\/www.hola.com\/realeza\/casa_luxemburgo\/20251003859453\/enrique-luxemburgo-abdica-guillermo-nuevo-grab-duque-directo\/\" data-mrf-recirculation=\"article-body-link\" rel=\"nofollow noopener\" target=\"_blank\">\u00a0Guillermo de Luxemburgo se convirti\u00f3 en Gran Duque de este peque\u00f1o pa\u00eds europeo<\/a>. Est\u00e1 siendo una \u00e9poca marcada por las primeras veces para el monarca y su mujer, la gran duquesa St\u00e9phanie. Este mi\u00e9rcoles, ejercieron como anfitriones por primera vez al abrir el Palacio Gran Ducal para la tradicional recepci\u00f3n de A\u00f1o Nuevo, una velada al m\u00e1s alto nivel.\u00a0<\/p>\n<p> <img src=\"https:\/\/www.europesays.com\/es\/wp-content\/uploads\/2026\/01\/502bb9d2a85d-receptionnouvelan-1.jpg\"   width=\"1024\" height=\"682\" loading=\"lazy\" decoding=\"async\" alt=\"Los grandes duques de Luxemburgo, Guillermo y St\u00e9phanie\" fetchpriority=\"auto\" class=\"image ho-image\"\/>\u00a9 \u00a9 Casa del Gran Duque, Luxemburgo \/ Kary Barth\u00e9l\u00e9meyLos grandes duques de Luxemburgo, Guillermo y St\u00e9phanie<\/p>\n<p id=\"ehd_A_fcm0\" data-wc=\"92\">Los Grandes Duques recibieron al presidente, a los miembros de la Mesa de la C\u00e1mara de Diputados, al primer ministro, a representantes del Consejo de Estado, altos representantes del poder judicial, as\u00ed como a personal del cuerpo diplom\u00e1tico acreditado en Luxemburgo y representantes de las instituciones europeas. El objetivo de esta gala, en la que Guillermo y St\u00e9phanie han sido anfitriones por primera vez, ha sido intercambiar felicitaciones, opiniones y saludos con las m\u00e1s altas autoridades del pa\u00eds. En total, 300 invitados acudieron a esta recepci\u00f3n, incluyendo las parejas de los asistentes.\u00a0<\/p>\n<p> <img src=\"https:\/\/www.europesays.com\/es\/wp-content\/uploads\/2026\/01\/fd341011403a-receptionnouvelan-17.jpg\"   width=\"1024\" height=\"682\" loading=\"lazy\" decoding=\"async\" alt=\"St\u00e9phanie de Luxemburgo con el aderezo de citrino\" fetchpriority=\"auto\" class=\"image ho-image\"\/>\u00a9 \u00a9 Casa del Gran Duque, Luxemburgo \/ Kary Barth\u00e9l\u00e9meySt\u00e9phanie de Luxemburgo con el aderezo de citrino<\/p>\n<p id=\"eg9aV0vEkt\" data-wc=\"80\">Para esta cita, la Gran Duquesa escogi\u00f3 un vestido de gasa rosa fucsia con mangas transparentes y escote en V, que acompa\u00f1\u00f3 del espectacular aderezo de perlas y citrinos, <strong>todo un homenaje a la Casa de Nassau, la dinast\u00eda que est\u00e1 vinculada a Luxemburgo<\/strong> desde 1890. Los dos luc\u00edan la banda naranja de la Orden del Le\u00f3n de la Casa de Nassau, la \u00fanica compartida tanto por el gran duque de Luxemburgo como por el rey de los Pa\u00edses Bajos.\u00a0<\/p>\n<p> <img src=\"https:\/\/www.europesays.com\/es\/wp-content\/uploads\/2026\/01\/cae9d42a2d16-receptionnouvelan-16.jpg\"   width=\"1024\" height=\"682\" loading=\"lazy\" decoding=\"async\" alt=\"Es la primera gran gala de los nuevos Grandes Duques \" fetchpriority=\"auto\" class=\"image ho-image\"\/>\u00a9 \u00a9 Casa del Gran Duque, Luxemburgo \/ Kary Barth\u00e9l\u00e9meyEs la primera gran gala de los nuevos Grandes Duques <\/p>\n<p> <img src=\"https:\/\/www.europesays.com\/es\/wp-content\/uploads\/2026\/01\/f363e5de2b57-receptionnouvelan-18.jpg\"   width=\"682\" height=\"1024\" loading=\"lazy\" decoding=\"async\" alt=\"Guillermo de Luxemburgo \" fetchpriority=\"auto\" class=\"image ho-image\"\/>\u00a9 \u00a9 Casa del Gran Duque, Luxemburgo \/ Kary Barth\u00e9l\u00e9meyGuillermo de Luxemburgo <\/p>\n<p id=\"eSr_UgewAv\" data-wc=\"112\">En cuanto a joyas, St\u00e9phanie apost\u00f3 sobreseguro con<strong>\u00a0la tiara bandeau\u00a0de perlas y citrino,\u00a0<\/strong>que ya se la puso en mucha ocasiones cuando a\u00fan era princesa. Se desconoce el origen de esta tiara y la historia de c\u00f3mo lleg\u00f3 al joyero gran ducal. La primera vez que se vio en p\u00fablico fue en 1976 sobre la cabeza de la princesa Margarita, hermana del gran duque Enrique. \u00a0La Princesa la llev\u00f3 en el banquete de Estado ofrecido por su padre durante la visita de la reina Isabel II de Reino Unido a Luxemburgo. Esta pieza suele lucirse con pendientes y collar a juego, como hizo la gran duquesa St\u00e9phanie en esta ocasi\u00f3n.<\/p>\n<p> <img src=\"https:\/\/www.europesays.com\/es\/wp-content\/uploads\/2026\/01\/9904fbed8d13-receptionnouvelan-13.jpg\"   width=\"1024\" height=\"682\" loading=\"lazy\" decoding=\"async\" alt=\"Guillermo y St\u00e9phanie de Luxemburgo durante la recepci\u00f3n\" fetchpriority=\"auto\" class=\"image ho-image\"\/>\u00a9 \u00a9 Casa del Gran Duque, Luxemburgo \/ Kary Barth\u00e9l\u00e9meyGuillermo y St\u00e9phanie de Luxemburgo durante la recepci\u00f3n<\/p>\n<p> <img src=\"https:\/\/www.europesays.com\/es\/wp-content\/uploads\/2026\/01\/9ea53a96a993-receptionnouvelan-2.jpg\"   width=\"1024\" height=\"682\" loading=\"lazy\" decoding=\"async\" alt=\"El Palacio Gran Ducal de Luxemburgo \" fetchpriority=\"auto\" class=\"image ho-image\"\/>\u00a9 \u00a9 Casa del Gran Duque, Luxemburgo \/ Kary Barth\u00e9l\u00e9meyEl Palacio Gran Ducal de Luxemburgo <\/p>\n<p id=\"eX9nuKdPHPd\" data-wc=\"76\"><strong>El color naranja de las piedras de citrino, posiblemente topacio<\/strong>, recuerda al color naranja de la Orden del Le\u00f3n de la Casa de Nassau. El naranja y el azul son los colores del antiguo Ducado de Nassau, donde vivi\u00f3 Adolfo antes de convertirse en gran duque de Luxemburgo. \u00a0El color naranja tambi\u00e9n se asocia con la Casa de Orange, la rama de los Reyes de Pa\u00edses Bajos, quienes tambi\u00e9n fueron grandes duques de Luxemburgo hasta 1890.<\/p>\n","protected":false},"excerpt":{"rendered":"Han pasado tres meses desde que el pr\u00edncipe\u00a0Guillermo de Luxemburgo se convirti\u00f3 en Gran Duque de este peque\u00f1o&hellip;\n","protected":false},"author":2,"featured_media":342756,"comment_status":"","ping_status":"","sticky":false,"template":"","format":"standard","meta":{"footnotes":""},"categories":[174],"tags":[255,146,147,25,24,256,20652,1027,20654,23,20653],"class_list":{"0":"post-342755","1":"post","2":"type-post","3":"status-publish","4":"format-standard","5":"has-post-thumbnail","7":"category-famosos","8":"tag-celebrities","9":"tag-entertainment","10":"tag-entretenimiento","11":"tag-es","12":"tag-espana","13":"tag-famosos","14":"tag-guillermo-de-luxemburgo","15":"tag-realeza","16":"tag-realeza-luxemburgo","17":"tag-spain","18":"tag-stephanie-de-luxemburgo"},"share_on_mastodon":{"url":"https:\/\/pubeurope.com\/@es\/115901006298030345","error":""},"_links":{"self":[{"href":"https:\/\/www.europesays.com\/es\/wp-json\/wp\/v2\/posts\/342755","targetHints":{"allow":["GET"]}}],"collection":[{"href":"https:\/\/www.europesays.com\/es\/wp-json\/wp\/v2\/posts"}],"about":[{"href":"https:\/\/www.europesays.com\/es\/wp-json\/wp\/v2\/types\/post"}],"author":[{"embeddable":true,"href":"https:\/\/www.europesays.com\/es\/wp-json\/wp\/v2\/users\/2"}],"replies":[{"embeddable":true,"href":"https:\/\/www.europesays.com\/es\/wp-json\/wp\/v2\/comments?post=342755"}],"version-history":[{"count":0,"href":"https:\/\/www.europesays.com\/es\/wp-json\/wp\/v2\/posts\/342755\/revisions"}],"wp:featuredmedia":[{"embeddable":true,"href":"https:\/\/www.europesays.com\/es\/wp-json\/wp\/v2\/media\/342756"}],"wp:attachment":[{"href":"https:\/\/www.europesays.com\/es\/wp-json\/wp\/v2\/media?parent=342755"}],"wp:term":[{"taxonomy":"category","embeddable":true,"href":"https:\/\/www.europesays.com\/es\/wp-json\/wp\/v2\/categories?post=342755"},{"taxonomy":"post_tag","embeddable":true,"href":"https:\/\/www.europesays.com\/es\/wp-json\/wp\/v2\/tags?post=342755"}],"curies":[{"name":"wp","href":"https:\/\/api.w.org\/{rel}","templated":true}]}}