{"id":342757,"date":"2026-01-15T20:29:09","date_gmt":"2026-01-15T20:29:09","guid":{"rendered":"https:\/\/www.europesays.com\/es\/342757\/"},"modified":"2026-01-15T20:29:09","modified_gmt":"2026-01-15T20:29:09","slug":"aquaman-la-instalacion-de-dos-estatuas-gigantes-en-el-puerto-de-malaga-desata-la-polemica","status":"publish","type":"post","link":"https:\/\/www.europesays.com\/es\/342757\/","title":{"rendered":"\u00bfAquaman? La instalaci\u00f3n de dos estatuas gigantes en el Puerto de M\u00e1laga desata la pol\u00e9mica"},"content":{"rendered":"\n<p> A la entrada del <a href=\"https:\/\/www.elconfidencial.com\/espana\/andalucia\/2025-12-20\/corrupcion-puerto-malaga-obras-1hms_4268379\/\" target=\"_blank\" rel=\"nofollow noopener\">Puerto de M\u00e1laga,<\/a> la construcci\u00f3n de dos pedestales ha bastado para obrar un peque\u00f1o milagro: que se hable de arte incluso antes de que se instalen unas esculturas. El \u2018pero\u2019 es que no ha sido en los t\u00e9rminos so\u00f1ados por su autor, el artista ceut\u00ed <strong>Gin\u00e9s Serr\u00e1n<\/strong>. All\u00ed, en esas plataformas, est\u00e1n llamados a posarse Neptuno, dios del mar; y <a href=\"https:\/\/www.elconfidencial.com\/cultura\/2024-12-31\/descubren-anillo-anos-talla-venus-diosa-romana_4033351\/\" target=\"_blank\" rel=\"nofollow noopener\">Venus<\/a>, diosa del amor, la belleza y la fertilidad. Aunque por ahora ninguna de las divinidades mitol\u00f3gicas parece mostrarse propicia a la causa de Serr\u00e1n, quien <strong>las ha donado por un plazo de 25 a\u00f1os <\/strong>con la intenci\u00f3n de que se conviertan en un \u201cicono de la ciudad\u201d. Una expectativa que est\u00e1 lejos de materializarse, en medio de un acalorado debate p\u00fablico sobre su estilo, emplazamiento y encaje con la identidad urbana. Hasta tal punto que la Autoridad Portuaria ha decidido que solo las expondr\u00e1 seis meses en ese espacio y luego les buscar\u00e1 otro. <\/p>\n<p> La pol\u00e9mica estall\u00f3 el pasado lunes, tras la publicaci\u00f3n de un comunicado por parte de la Real Academia de Bellas Artes de San Telmo. En \u00e9l<strong> se cuestiona la \u201cidoneidad\u201d de la obra<\/strong> y se califica al propio artista, tambi\u00e9n arque\u00f3logo y antrop\u00f3logo, de tener un \u201ccurr\u00edculum raro\u201d. La instituci\u00f3n advierte de que la instalaci\u00f3n del conjunto escult\u00f3rico en el principal acceso peatonal a esta \u00e1rea, junto a la Plaza de la Marina, \u201c<strong>consagrar\u00eda una nueva y muy discutible configuraci\u00f3n est\u00e9tica<\/strong>\u201d. <\/p>\n<p> A su juicio, aproximar\u00eda al enclave \u201ca un parque de atracciones m\u00e1s que a un recinto de trascendencia hist\u00f3rica y cultural\u201d y eliminar\u00eda el \u201cespacio di\u00e1fano existente\u201d con vistas al mar. No son apuntes menores: la Academia es uno de los principales detractores del hotel-rascacielos proyectado en esta infraestructura, precisamente, por su <strong>impacto paisaj\u00edstico<\/strong> y por dejar en manos de privados parte del Dique de Levante \u201cen vez de abrir el puerto a la ciudadan\u00eda\u201d. <\/p>\n<p class=\"bodyObject bodyBlockquote\">\u201cLas estatuas consagrar\u00edan una nueva y muy discutible configuraci\u00f3n est\u00e9tica\u201d <\/p>\n<p> Serr\u00e1n, por su parte, niega en conversaci\u00f3n con El Confidencial que su creaci\u00f3n posea las cualidades que le atribuyen los acad\u00e9micos y argumenta que s\u00ed tiene encaje en la ciudad. \u201c<strong>\u00bfAcaso M\u00e1laga no tuvo presencia romana?<\/strong> Las f\u00e1bricas de salaz\u00f3n y el teatro romano nos lo recuerdan\u201d. Y asegura que le dar\u00e1 proyecci\u00f3n al recinto, al ser sus esculturas un nuevo atractivo para visitar. \u201c<a href=\"https:\/\/www.elconfidencial.com\/espana\/andalucia\/2026-01-10\/proyectos-fallidos-malaga-costa-sol-1hms_4278506\/\" target=\"_blank\" rel=\"nofollow noopener\">M\u00e1laga est\u00e1 muy falta de obras monumentales<\/a>\u201d, sostiene el artista, que considera que debe ser el p\u00fablico quien juzgue. \u201cEs un regalo que he hecho de coraz\u00f3n a la ciudad y en homenaje a mi padre, que era de Villanueva del Rosario. Si les parece maravillosa y se la quedan, perfecto; si les parece horrible y no les gusta: o se cambian de ubicaci\u00f3n, o me la llevo a cualquier otro sitio. No hay problema\u201d, sostiene. <\/p>\n<p>            \u201cM\u00e1s propio de un c\u00f3mic de superh\u00e9roes\u201d           <\/p>\n<p> Pero las objeciones de San Telmo no se limitan al emplazamiento. La Academia define el conjunto como \u201cpretencioso y grandilocuente\u201d y<strong> le otorga un \u201cinequ\u00edvoco enganche kitsch<\/strong>, m\u00e1s propio del c\u00f3mic de superh\u00e9roes y superhero\u00ednas del universo Marvel que de una sincera recuperaci\u00f3n del clasicismo desde la \u00f3ptica contempor\u00e1nea\u201d. Un parecer que ha cruzado fronteras, de mano del diario brit\u00e1nico The Times, que se ha hecho eco de las cr\u00edticas en un art\u00edculo titulado Las estatuas de dioses romanos en M\u00e1laga parecen superh\u00e9roes de c\u00f3mic, donde se asegura que el Neptuno malague\u00f1o<strong> est\u00e1 siendo comparado con el Aquaman interpretado por Jason Momoa<\/strong>. <\/p>\n<p> A este respecto, Serr\u00e1n sostiene que si su obra es calificada de tal manera, deben serlo tambi\u00e9n \u201c<a href=\"https:\/\/www.elconfidencial.com\/espana\/madrid\/2025-01-03\/cibeles-exposicion-correos-ayuntamiento-centro-madrid_4035130\/\" target=\"_blank\" rel=\"nofollow noopener\">la Plaza Cibeles de Madrid,<\/a> el Atlas Rockefeller Center de Nueva York, la Plaza de Espa\u00f1a de Roma, la Estatua de la Libertad y tantos otros\u201d. El artista <strong>defiende que la l\u00ednea que ha seguido es la cl\u00e1sica<\/strong>, pero que ha incluido elementos modernos. \u201cVenus tiene en su mano un sol que representa la Costa del Sol y Neptuno una red de pesca en el brazo. Nunca se hab\u00eda hecho una malla en bronce; me ha costado sangre. Incluyo adem\u00e1s dos leones\u201d. Por ello, afirma que \u201cgustar\u00e1\u201d y que<strong> no entiende por qu\u00e9 \u201ctantas voces hablan mal\u201d<\/strong> si todav\u00eda ni se han colocado. Tampoco hay fecha de cu\u00e1ndo se har\u00e1. <\/p>\n<p>               El artista Gin\u00e9s Serr\u00e1n posa con la estatua de Venus. (Efe)             <\/p>\n<p> Ha sido este clima de rechazo el que ha llevado a la Autoridad Portuaria a<strong> optar por una soluci\u00f3n intermedia <\/strong>para tratar de acallar las voces discordantes: limitar la presencia de las esculturas en la entrada del recinto portuario a seis meses. Transcurrido ese tiempo, se trasladar\u00e1n a una \u201cubicaci\u00f3n consensuada y con menor impacto\u201d. Algo a lo que ya se abri\u00f3 <a href=\"https:\/\/www.elconfidencial.com\/espana\/andalucia\/2025-09-15\/de-la-torre-sucesion-ayuntamiento-malaga_4209363\/\" target=\"_blank\" rel=\"nofollow noopener\">el alcalde, Francisco de la Torre, <\/a>a principios de semana, se\u00f1alando que podr\u00eda realizarse una \u201cexposici\u00f3n temporal breve\u201d y que preguntar\u00eda si el Consistorio tiene competencia. <\/p>\n<p> El Puerto ha querido aclarar que a esta soluci\u00f3n se llega despu\u00e9s de \u201clas conversaciones mantenidas con el Ayuntamiento\u201d, alejando el fantasma de que se trate de una acci\u00f3n unilateral. Pero lo cierto es que el visto bueno a las esculturas <strong>se dio en un Consejo de Administraci\u00f3n de la Autoridad Portuaria<\/strong> con representaci\u00f3n de todas las administraciones, sin que se haya realizado, por el contrario, ninguna consulta ciudadana, ni pedido opini\u00f3n a las instituciones culturales. <\/p>\n<p>              <img decoding=\"async\" class=\"inTextNews__img\" alt=\"Foto: frenazo-al-hotel-rascacielos-del-puerto-de-malaga\" src=\"https:\/\/www.europesays.com\/es\/wp-content\/uploads\/2026\/01\/f.elconfidencial.com\/original\/7f3\/663\/c49\/7f3663c49cdd751242024105ca7400cc.jpg\"  \/>     <\/p>\n<p>TE PUEDE INTERESAR<\/p>\n<p>      <a class=\"inTextNews__title\" href=\"https:\/\/www.elconfidencial.com\/espana\/andalucia\/2025-12-18\/frenazo-al-hotel-rascacielos-del-puerto-de-malaga_4269533\/\" onclick=\"window.ECCO.emit(&#039;amplitude&#039;, { dataEventName: &#039;click_related_article_module&#039;, data: { related_article_url: &#039;https:\/\/www.elconfidencial.com\/espana\/andalucia\/2025-12-18\/frenazo-al-hotel-rascacielos-del-puerto-de-malaga_4269533\/&#039;, related_article_author: &#039;Luis Vertedor&#039;, related_article_section: &#039;andalucia&#039; } })\" rel=\"nofollow noopener\" target=\"_blank\"> El Puerto de M\u00e1laga paraliza el pol\u00e9mico hotel-rascacielos hasta que se despeje el horizonte judicial <\/a>   <\/p>\n<p>    Luis Vertedor. M\u00e1laga   <\/p>\n<p> Este malestar tiene su reflejo en representantes de la sociedad civil, que se reunieron el pasado mi\u00e9rcoles, con la lectura de un manifiesto por parte del arquitecto malague\u00f1o <strong>Salvador Moreno Peralta<\/strong>, Premio Nacional de Arquitectura. Al acto asistieron representantes de la propia academia de San Telmo, la Real Academia Malague\u00f1a de las Ciencias, el Ateneo de M\u00e1laga, la Sociedad Econ\u00f3mica de Amigos del Pa\u00eds y del Instituto de Estudios Urbanos y Sociales. Aunque los participantes aclararon que <strong>dan este paso \u201ca t\u00edtulo individual\u201d<\/strong>. <\/p>\n<p> Tambi\u00e9n en la plataforma Change.org circula una petici\u00f3n, con m\u00e1s de 1.000 firmas en sus primeras 24 horas, que <strong>pide la \u201cinmediata paralizaci\u00f3n\u201d del montaje de las esculturas<\/strong>, que estar\u00edan dentro de la zona donde aplica el Plan Especial del Puerto. Esto significa que tiene que pasar los tr\u00e1mites de informaci\u00f3n, licencia y dictamen del Ayuntamiento de M\u00e1laga y la Comisi\u00f3n Provincial del <a href=\"https:\/\/www.elconfidencial.com\/tags\/economia\/patrimonio-1245\/\" target=\"_blank\" rel=\"nofollow noopener\">Patrimonio<\/a>, cosa que hasta ahora no habr\u00eda ocurrido, ante lo que advierten de \u201cposibles acciones legales\u201d. <\/p>\n<p>                Serr\u00e1n: \u201cNo me van a tumbar\u201d           <\/p>\n<p> Ante todo, Serr\u00e1n lamenta que la pol\u00e9mica se haya levantado sin que la presidenta de San Telmo, <strong>Rosario Camacho<\/strong>, hubiese hablado con \u00e9l antes ni despu\u00e9s de sacar el comunicado y sin ver las esculturas. \u201cMe han llamado varios miembros decepcionados diciendo que no se les consult\u00f3\u201d. Y a\u00f1ade que \u201cpor responsabilidad\u201d deber\u00eda <strong>\u201cdimitir ma\u00f1ana mismo\u201d<\/strong>. <\/p>\n<p> Camacho, por su parte, asegura a este peri\u00f3dico que han tenido constancia de la obra \u2013que adelant\u00f3 M\u00e1laga Hoy en enero de 2024\u2013 \u201crecientemente, cuando se pusieron los pedestales\u201d, a trav\u00e9s de \u201cmedios de comunicaci\u00f3n e internet\u201d y que \u201c<strong>no vimos necesario llamarlo ni ten\u00edamos su contacto<\/strong>\u201d. Aunque matiza que los acad\u00e9micos s\u00ed que se reunieron en una Junta de Gobierno para abordar la publicaci\u00f3n del comunicado de prensa. <\/p>\n<p>               Construcci\u00f3n de las peanas para las estatuas gigantes que se colocaran en la entrada del puerto de M\u00e1laga. (Europa Press)             <\/p>\n<p> Es por esto que Serr\u00e1n considera todo esto un \u201cagravio personal\u201d que afecta \u201ctanto a mi obra como a mi dignidad como artista y como humano. Eso s\u00ed, no me van a tumbar\u201d. Se refiere, sobre todo, a que la Academia haya pasado por alto su curr\u00edculum y, adem\u00e1s,<strong> lo tildase de \u201craro\u201d<\/strong>. \u201cParece que soy, no s\u00e9, un creador hiperlocal, cuando a los 21 a\u00f1os me fui a <a href=\"https:\/\/www.elconfidencial.com\/tags\/lugares\/nueva-york-4724\/\" target=\"_blank\" rel=\"nofollow noopener\">Nueva York<\/a> con 2.500 pesetas en el bolsillo y ahora sumo 290 exposiciones en 23 pa\u00edses y 1.500 obras vendidas. El cambio de antrop\u00f3logo y arque\u00f3logo a artista lo hice hace cuatro d\u00e9cadas\u201d. <\/p>\n<p> Dentro de este amplio cat\u00e1logo de creaciones, <strong>le gusta destacar El Emperador, de 23 metros de altura, emplazada en Manila (Filipinas)<\/strong>; y las que ha realizado para su Ceuta natal, como La Uni\u00f3n del Mundo, que son \u201cun s\u00edmbolo\u201d. Tambi\u00e9n, a\u00f1ade, ha recibido a lo largo de su trayectoria \u201cla medalla de las Artes de los Medici, la Llave de Oro de <a href=\"https:\/\/www.elconfidencial.com\/tags\/lugares\/miami-2673\/\" target=\"_blank\" rel=\"nofollow noopener\">Miami <\/a>y de Kentucky y soy embajador de las artes en Roma\u201d. <\/p>\n<p> Y recuerda que todos los costes para hacer y traer la obra, a excepci\u00f3n del basamento, que<strong> ha costado 70.000 euros a la Autoridad Portuaria<\/strong>, han corrido de su bolsillo. En total, \u201ccientos de miles de euros\u201d para hacer un conjunto al que le estima un precio de \u201cunos tres millones\u201d. \u201cLa fundici\u00f3n del bronce, la mano de obra, el transporte\u2026 son gastos que he sufragado yo\u201d, remarca Serr\u00e1n, que insiste en que son los ciudadanos los que deben opinar. A la espera de que el Neptuno y la Venus se instalen, lo que s\u00ed queda claro es que<strong> los cr\u00edticos no quieren la obra ni regalada<\/strong>. El resto ya se ver\u00e1. <\/p>\n","protected":false},"excerpt":{"rendered":"A la entrada del Puerto de M\u00e1laga, la construcci\u00f3n de dos pedestales ha bastado para obrar un peque\u00f1o&hellip;\n","protected":false},"author":2,"featured_media":342758,"comment_status":"","ping_status":"","sticky":false,"template":"","format":"standard","meta":{"footnotes":""},"categories":[173],"tags":[229,233,231,230,232,234,146,147,25,24,23],"class_list":{"0":"post-342757","1":"post","2":"type-post","3":"status-publish","4":"format-standard","5":"has-post-thumbnail","7":"category-arte-y-diseno","8":"tag-arte","9":"tag-arte-y-diseno","10":"tag-arts","11":"tag-arts-and-design","12":"tag-design","13":"tag-diseno","14":"tag-entertainment","15":"tag-entretenimiento","16":"tag-es","17":"tag-espana","18":"tag-spain"},"share_on_mastodon":{"url":"https:\/\/pubeurope.com\/@es\/115901009915420767","error":""},"_links":{"self":[{"href":"https:\/\/www.europesays.com\/es\/wp-json\/wp\/v2\/posts\/342757","targetHints":{"allow":["GET"]}}],"collection":[{"href":"https:\/\/www.europesays.com\/es\/wp-json\/wp\/v2\/posts"}],"about":[{"href":"https:\/\/www.europesays.com\/es\/wp-json\/wp\/v2\/types\/post"}],"author":[{"embeddable":true,"href":"https:\/\/www.europesays.com\/es\/wp-json\/wp\/v2\/users\/2"}],"replies":[{"embeddable":true,"href":"https:\/\/www.europesays.com\/es\/wp-json\/wp\/v2\/comments?post=342757"}],"version-history":[{"count":0,"href":"https:\/\/www.europesays.com\/es\/wp-json\/wp\/v2\/posts\/342757\/revisions"}],"wp:featuredmedia":[{"embeddable":true,"href":"https:\/\/www.europesays.com\/es\/wp-json\/wp\/v2\/media\/342758"}],"wp:attachment":[{"href":"https:\/\/www.europesays.com\/es\/wp-json\/wp\/v2\/media?parent=342757"}],"wp:term":[{"taxonomy":"category","embeddable":true,"href":"https:\/\/www.europesays.com\/es\/wp-json\/wp\/v2\/categories?post=342757"},{"taxonomy":"post_tag","embeddable":true,"href":"https:\/\/www.europesays.com\/es\/wp-json\/wp\/v2\/tags?post=342757"}],"curies":[{"name":"wp","href":"https:\/\/api.w.org\/{rel}","templated":true}]}}