{"id":342775,"date":"2026-01-15T20:39:10","date_gmt":"2026-01-15T20:39:10","guid":{"rendered":"https:\/\/www.europesays.com\/es\/342775\/"},"modified":"2026-01-15T20:39:10","modified_gmt":"2026-01-15T20:39:10","slug":"cuba-recibe-con-honores-los-restos-de-los-32-soldados-muertos-durante-el-ataque-de-trump-a-venezuela","status":"publish","type":"post","link":"https:\/\/www.europesays.com\/es\/342775\/","title":{"rendered":"Cuba recibe con honores los restos de los 32 soldados muertos durante el ataque de Trump a Venezuela"},"content":{"rendered":"<p class=\"\">Los cubanos todav\u00eda est\u00e1n en shock. Este jueves, mientras miles de personas respond\u00edan <a href=\"https:\/\/elpais.com\/america\/2026-01-15\/cuba-recibe-con-honores-los-restos-de-los-32-soldados-muertos-durante-el-ataque-de-trump-a-venezuela.html\" target=\"_self\" rel=\"nofollow noopener\" title=\"https:\/\/elpais.com\/america\/2026-01-15\/cuba-recibe-con-honores-los-restos-de-los-32-soldados-muertos-durante-el-ataque-de-trump-a-venezuela.html\">al llamado de las autoridades de la isla<\/a> y se agolpaban a un lado y otro de la Avenida Independencia, que conecta el Aeropuerto Internacional \u201cJos\u00e9 Mart\u00ed\u201d con el centro pol\u00edtico del pa\u00eds, donde se ubica el Ministerio de las Fuerzas Armadas Revolucionarias (MINFAR), las conversaciones discurr\u00edan alrededor de los<a href=\"https:\/\/elpais.com\/america\/2026-01-04\/trump-juega-la-carta-de-delcy-rodriguez-y-apuesta-por-el-pragmatismo-para-gestionar-venezuela.html\" target=\"_self\" rel=\"nofollow noopener\" title=\"https:\/\/elpais.com\/america\/2026-01-04\/trump-juega-la-carta-de-delcy-rodriguez-y-apuesta-por-el-pragmatismo-para-gestionar-venezuela.html\"> recientes sucesos ocurridos en Venezuela<\/a>. Conversaban y se lanzaban teor\u00edas los unos a los otros, mientras los restos de <a href=\"https:\/\/elpais.com\/america\/2026-01-05\/cuba-confirma-la-muerte-de-32-militares-de-la-isla-en-el-ataque-contra-venezuela.html\" target=\"_self\" rel=\"nofollow noopener\" title=\"https:\/\/elpais.com\/america\/2026-01-05\/cuba-confirma-la-muerte-de-32-militares-de-la-isla-en-el-ataque-contra-venezuela.html\">los 32 militares cubanos ca\u00eddos durante el enfrentamiento con tropas estadounidenses<\/a>, que tuvo como resultado la captura de Nicol\u00e1s Maduro y su esposa, descend\u00edan por la escalerilla de un avi\u00f3n proveniente de Caracas.<\/p>\n<p class=\"\">Al bajar, ceremonia militar mediante, aguardaban sus familiares y los gobernantes del pa\u00eds caribe\u00f1o, entre los que se encontraba el presidente cubano Miguel D\u00edaz-Canel y Ra\u00fal Castro. Horas antes, los medios oficiales cubanos informaron de la llegada de otra aeronave y, por primera vez, se supo que otros cubanos resultaron heridos y salieron con vida del enfrentamiento que ha sido calificado en varias ocasiones por la autoridades cubanas como \u201cuna feroz batalla\u201d. <\/p>\n<p><img decoding=\"auto\" class=\"_re lazyload a_m-h\" height=\"277\"  width=\"414\"  src=\"https:\/\/www.europesays.com\/es\/wp-content\/uploads\/2026\/01\/YD7RWVPMHNNJVDVPR3IZVY46ME.jpg\" loading=\"lazy\"\/>Urnas de los militares fallecidos en las instalaciones del Ministerio de las Fuerzas Armadas Revolucionarias.Ernesto Mastrascusa (EFE)<\/p>\n<p class=\"\">Si algo ha demostrado el castrismo a lo largo de 67 a\u00f1os al mando en la isla caribe\u00f1a es que sabe cuidar cada detalle de sus liturgias, aunque todos los vientos de la realidad le soplen en contra. <a href=\"https:\/\/elpais.com\/america\/2025-09-22\/cuba-el-pais-que-la-revolucion-no-prometio-aumenta-el-hambre-y-la-mendicidad-en-la-isla.html\" target=\"_self\" rel=\"nofollow noopener\" title=\"https:\/\/elpais.com\/america\/2025-09-22\/cuba-el-pais-que-la-revolucion-no-prometio-aumenta-el-hambre-y-la-mendicidad-en-la-isla.html\">No importan los apagones, la crisis econ\u00f3mica, la basura que abunda en las ciudades<\/a>. Miles de personas fueron trasladadas a distintos puntos y colmaron la ruta del cortejo que cubre unos 20 kil\u00f3metros hasta la instituci\u00f3n castrense, donde acontecieron las honras f\u00fanebres. Militares de todas las denominaciones, m\u00e9dicos, trabajadores de ministerios y empresas del Gobierno, estudiantes, deportistas. Muchos madrugaron para estar all\u00ed y cumplir con la convocatoria, sin margen para remilgos.<\/p>\n<p class=\"\">Pero los rostros de cansancio se mezclaban entre s\u00ed. Un hombre le preguntaba a su compa\u00f1ero: \u201c\u00bfHasta cu\u00e1ndo es esto?\u201d, tras notar que casi eran las 9:00 de la ma\u00f1ana y el cortejo f\u00fanebre no pasaba. Y a \u201cen punto\u201d pas\u00f3. Todos en fila, expectantes, muchos con banderas en sus manos y el silencio. Eran 32 cajas de m\u00e1rmol cubiertas por 32 banderas cubanas que transitaban a velocidad constante por la avenida y a su paso el silencio daba paso a la euforia de las consignas de siempre.<\/p>\n<p class=\"\">\u201cEs un momento muy doloroso que nos costar\u00e1 procesar\u201d, confiesa a EL PA\u00cdS la sobrina de uno de los 32 militares muertos, que habla en condici\u00f3n de anonimato y no ha querido que se identifique a su familiar fallecido. \u201cMi t\u00edo era un tipo alegre, un jodedor tremendo. A la vez, era muy estricto con su trabajo y en la familia siempre se vivi\u00f3 su ocupaci\u00f3n como un gran secreto. No deb\u00eda saberse que trabajaba de guardaespaldas de Fidel (Castro) y otras misiones que constantemente lo ten\u00edan lejos de casa, como esta de Venezuela. Y ellos no llevaban tanto tiempo all\u00e1 desde que fueron destinados\u201d, cuenta. <\/p>\n<p><img decoding=\"auto\" class=\"_re lazyload a_m-h\" height=\"276\"  width=\"414\"  src=\"https:\/\/www.europesays.com\/es\/wp-content\/uploads\/2026\/01\/PLPGZBL2VFIKBDSJ4EMVJVSGY4.jpg\" loading=\"lazy\"\/>Una caravana transporta las urnas de los agentes cubanos, cubiertas con la bandera cubana, en La Habana este jueves.<br \/>\nNorlys Perez (REUTERS)<\/p>\n<p class=\"\">El Gobierno de la isla ha recibido a los combatientes ca\u00eddos \u2014a quienes la prensa oficial se refiere como colaboradores\u2014 con todos los honores, e incluso dispuso la promoci\u00f3n de sus grados militares, de manera p\u00f3stuma, evaluando su trabajo como \u201cmisi\u00f3n cumplida\u201d. Hay quienes perciben cierto triunfalismo en la narrativa las autoridades, en medio de las circunstancias actuales que vive la isla caribe\u00f1a, plagadas de incertidumbre y con las <a href=\"https:\/\/elpais.com\/america\/2026-01-13\/trump-apuesta-por-la-asfixia-para-cuba-pero-los-cubanos-no-esa-formula-no-castiga-a-la-dictadura-castiga-a-la-gente.html\" target=\"_self\" rel=\"nofollow noopener\" title=\"https:\/\/elpais.com\/america\/2026-01-13\/trump-apuesta-por-la-asfixia-para-cuba-pero-los-cubanos-no-esa-formula-no-castiga-a-la-dictadura-castiga-a-la-gente.html\">declaraciones encendidas<\/a> que desde el ataque a Venezuela lanza la Administraci\u00f3n Trump contra La Habana casi a diario.<\/p>\n<p class=\"\">Entre los cubanos que esperaban para acceder a las honras f\u00fanebres en el MINFAR estaba Mariela Castro, hija de Ra\u00fal Castro, junto a sus colegas del Centro Nacional de Educaci\u00f3n Sexual (CENESEX) que dirige. Muy cerca, Maite\u00e9 Navarro Giro, asesora jur\u00eddica de esa instituci\u00f3n, no disimulaba su preocupaci\u00f3n y tensi\u00f3n por lo que se ha visto en los \u00faltimos d\u00edas, en las noticias, y por los d\u00edas que le esperan a los cubanos. Para ella, \u201cindependientemente del lado del que milites, es duro conocer que murieron compatriotas en cualquier parte del mundo\u201d.<\/p>\n<p class=\"\">Navarro recuerda que ya vivi\u00f3 este tipo de peregrinaci\u00f3n cuando <a href=\"https:\/\/elpais.com\/internacional\/2013\/03\/06\/videos\/1362533442_353426.html\" target=\"_self\" rel=\"nofollow noopener\" title=\"https:\/\/elpais.com\/internacional\/2013\/03\/06\/videos\/1362533442_353426.html\">muri\u00f3 Hugo Ch\u00e1vez en 2013<\/a>, y luego Fidel Castro en 2016; pero en esta ocasi\u00f3n las cosas tienen un gusto diferente. \u201cDespu\u00e9s de la intervenci\u00f3n de Estados Unidos en Venezuela pienso que el terreno para que la fractura pol\u00edtica saliera m\u00e1s a la luz se agudiz\u00f3\u201d, dijo. En ese contexto, ella est\u00e1 convencida de que \u201chay que estar del lado del d\u00e9bil, de lado del que siempre sale perdiendo en todos los sistemas, de lado del que mataron y est\u00e1 claro que el imperio nunca es la respuesta correcta\u201d.<\/p>\n<p><img decoding=\"auto\" class=\"_re lazyload a_m-h\" height=\"288\"  width=\"414\"  src=\"https:\/\/www.europesays.com\/es\/wp-content\/uploads\/2026\/01\/KNARX77GRZNFTA4BQGDR6WMBF4.jpg\" loading=\"lazy\"\/>Homenaje a los 32 soldados ca\u00eddos en Cuba, en La Habana.Norlys Perez (REUTERS)<\/p>\n<p class=\"\">Esa fractura se evidenci\u00f3 este jueves, hasta cierto punto, cuando otros miles de Cubanos eligieron quedarse en sus casas e intentar resolver su agitada cotidianidad. Entre ellos est\u00e1 Dariel \u00c1lvarez, un trabajador del sector del turismo, que no se sinti\u00f3 interpelado por la convocatoria del Gobierno. \u201cY no es por falta de empat\u00eda\u201d, aclara. \u201cComparto el dolor de las familias, pero siento que esas concentraciones \u2014habla tambi\u00e9n en alusi\u00f3n a una marcha convocada para el viernes, frente a la misi\u00f3n diplom\u00e1tica de Estados Unidos en La Habana\u2014 no van a resolver absolutamente nada\u201d.<\/p>\n<p class=\"\">Para \u00e9l, cada vez que le hablan de las amenazas que representa la pol\u00edtica actual de Estados Unidos para la soberan\u00eda cubana, le suena a discurso gastado, a pesar de los acontecimientos recientes en Venezuela. \u201cLa amenaza es no tener qu\u00e9 comer ma\u00f1ana, no tener dinero para poder transportarme hasta mi trabajo; la amenaza es que no te paguen tu salario en tiempo. Este pueblo est\u00e1 desgastado, la narrativa del gobierno est\u00e1 desgastada. Esa idea del pueblo unido es un parip\u00e9\u201d, agrega.<\/p>\n","protected":false},"excerpt":{"rendered":"Los cubanos todav\u00eda est\u00e1n en shock. Este jueves, mientras miles de personas respond\u00edan al llamado de las autoridades&hellip;\n","protected":false},"author":2,"featured_media":342776,"comment_status":"","ping_status":"","sticky":false,"template":"","format":"standard","meta":{"footnotes":""},"categories":[42],"tags":[889,74750,17,18,30234,1164,13,14,11,61,62,63,64,19,20,1804,41469,9,1194,10,15,16,24077,12,21,22,65,66,67],"class_list":{"0":"post-342775","1":"post","2":"type-post","3":"status-publish","4":"format-standard","5":"has-post-thumbnail","7":"category-internacional","8":"tag-america","9":"tag-ataque-estados-unidos-a-venezuela","10":"tag-breaking-news","11":"tag-breakingnews","12":"tag-caribe","13":"tag-cuba","14":"tag-featured-news","15":"tag-featurednews","16":"tag-headlines","17":"tag-internacional","18":"tag-international","19":"tag-international-news","20":"tag-internationalnews","21":"tag-latest-news","22":"tag-latestnews","23":"tag-latinoamerica","24":"tag-miguel-diaz-canel","25":"tag-news","26":"tag-nicolas-maduro","27":"tag-noticias","28":"tag-noticias-destacadas","29":"tag-noticiasdestacadas","30":"tag-raul-castro","31":"tag-titulares","32":"tag-ultimas-noticias","33":"tag-ultimasnoticias","34":"tag-world","35":"tag-world-news","36":"tag-worldnews"},"share_on_mastodon":{"url":"","error":"Validation failed: Text character limit of 500 exceeded"},"_links":{"self":[{"href":"https:\/\/www.europesays.com\/es\/wp-json\/wp\/v2\/posts\/342775","targetHints":{"allow":["GET"]}}],"collection":[{"href":"https:\/\/www.europesays.com\/es\/wp-json\/wp\/v2\/posts"}],"about":[{"href":"https:\/\/www.europesays.com\/es\/wp-json\/wp\/v2\/types\/post"}],"author":[{"embeddable":true,"href":"https:\/\/www.europesays.com\/es\/wp-json\/wp\/v2\/users\/2"}],"replies":[{"embeddable":true,"href":"https:\/\/www.europesays.com\/es\/wp-json\/wp\/v2\/comments?post=342775"}],"version-history":[{"count":0,"href":"https:\/\/www.europesays.com\/es\/wp-json\/wp\/v2\/posts\/342775\/revisions"}],"wp:featuredmedia":[{"embeddable":true,"href":"https:\/\/www.europesays.com\/es\/wp-json\/wp\/v2\/media\/342776"}],"wp:attachment":[{"href":"https:\/\/www.europesays.com\/es\/wp-json\/wp\/v2\/media?parent=342775"}],"wp:term":[{"taxonomy":"category","embeddable":true,"href":"https:\/\/www.europesays.com\/es\/wp-json\/wp\/v2\/categories?post=342775"},{"taxonomy":"post_tag","embeddable":true,"href":"https:\/\/www.europesays.com\/es\/wp-json\/wp\/v2\/tags?post=342775"}],"curies":[{"name":"wp","href":"https:\/\/api.w.org\/{rel}","templated":true}]}}