{"id":342796,"date":"2026-01-15T20:56:10","date_gmt":"2026-01-15T20:56:10","guid":{"rendered":"https:\/\/www.europesays.com\/es\/342796\/"},"modified":"2026-01-15T20:56:10","modified_gmt":"2026-01-15T20:56:10","slug":"habia-un-cine-muy-cerca-de-mi-casa-y-los-domingos-por-la-manana-hacian-unas-preciosas-matines-para-ninos","status":"publish","type":"post","link":"https:\/\/www.europesays.com\/es\/342796\/","title":{"rendered":"\u201cHab\u00eda un cine muy cerca de mi casa y los domingos por la ma\u00f1ana hac\u00edan unas preciosas matin\u00e9s para ni\u00f1os\u201d"},"content":{"rendered":"<p>Antes de convertirse en una estrella internacional y de conquistar Hollywood con personajes ic\u00f3nicos, <strong>Antonio Banderas<\/strong> fue, sencillamente, un <a href=\"https:\/\/www.lecturas.com\/recetas\/actualidad\/antonio-banderas-este-plato-andaluz-me-hace-perder-papeles-es-maravilloso_20692\" target=\"_blank\" rel=\"nofollow noopener\">ni\u00f1o malague\u00f1o<\/a> que creci\u00f3 sin lujos y en una \u00e9poca en el que juego m\u00e1s preciado y divertido estaba encerrado en la imaginaci\u00f3n, y no en una tablet. Una Espa\u00f1a muy distinta a la actual, donde el acceso a la cultura audiovisual era limitado y cada peque\u00f1o acontecimiento se viv\u00eda como una aut\u00e9ntica fiesta.<\/p>\n<p>El actor ha recordado en m\u00e1s de una ocasi\u00f3n aquellos a\u00f1os, pero fue especialmente revelador cuando se sent\u00f3 a conversar con el veterano periodista brit\u00e1nico Michael Parkinson, en una entrevista en la que habl\u00f3 con nostalgia y humor de <strong>c\u00f3mo naci\u00f3 su pasi\u00f3n por el s\u00e9ptimo arte: el cine<\/strong>.<\/p>\n<p>C\u00f3mo empez\u00f3 su pasi\u00f3n por el cine<\/p>\n<p><a href=\"https:\/\/www.lecturas.com\/television\/antonio-banderas-se-sincera-en-el-hormiguero-me-compre-un-libro-sobre-cocinar-patatas-y-las-hacia-todos-los-dias_187236\" target=\"_blank\" rel=\"nofollow noopener\">Antonio Banderas<\/a> evoc\u00f3 una M\u00e1laga de los a\u00f1os sesenta, en la que la televisi\u00f3n apenas ofrec\u00eda una opci\u00f3n y <strong>los contenidos extranjeros llegaban con cuentagotas<\/strong>. \u201cEn aquel tiempo solo ten\u00edamos un canal de televisi\u00f3n en Espa\u00f1a. Recuerdo que los s\u00e1bados por la tarde ve\u00edamos las series de televisi\u00f3n que ven\u00edan de Am\u00e9rica, con Guy Williams\u201d, explicaba.\u00a0<\/p>\n<p><img loading=\"lazy\" decoding=\"async\"   src=\"https:\/\/www.europesays.com\/es\/wp-content\/uploads\/2026\/01\/antonio-banderas_00000000_ce761579_260115201227_1200x800.webp.webp\" alt=\"Antonio Banderas\" class=\"lazyload\" width=\"1200\" height=\"800\" data-aspectratio=\"1200\/800\"\/><\/p>\n<p>Antonio Banderas evoc\u00f3 una M\u00e1laga de los a\u00f1os sesenta, en la que la televisi\u00f3n apenas ofrec\u00eda una opci\u00f3n y los contenidos extranjeros llegaban con cuentagotas.<\/p>\n<p>&#13;<\/p>\n<p>Aquellas series importadas se convert\u00edan en <strong>un acontecimiento semanal<\/strong>, una ventana abierta a mundos lejanos y aventuras imposibles que alimentaban la imaginaci\u00f3n de toda una generaci\u00f3n. Para el peque\u00f1o Antonio, esas historias de h\u00e9roes eran mucho m\u00e1s que entretenimiento: eran una promesa, <strong>una invitaci\u00f3n a so\u00f1ar con vidas distintas<\/strong> y horizontes m\u00e1s amplios que los de su barrio.<\/p>\n<p>Sin embargo, si hubo un lugar decisivo en su infancia, ese fue el cine. Un espacio casi m\u00e1gico que, seg\u00fan record\u00f3 al periodista brit\u00e1nico, estaba muy cerca de su casa. \u201cHab\u00eda un cine muy cerca de mi casa y <strong>los domingos por la ma\u00f1ana hac\u00edan unas preciosas matin\u00e9s para ni\u00f1os<\/strong>, y all\u00ed \u00edbamos todos\u201d, contaba con una sonrisa impl\u00edcita en la voz. Aquellas sesiones matinales reun\u00edan a decenas de ni\u00f1os que compart\u00edan la misma ilusi\u00f3n, sentados en una sala humilde, pero cargada de emoci\u00f3n.<\/p>\n<p><img loading=\"lazy\" decoding=\"async\"   src=\"https:\/\/www.europesays.com\/es\/wp-content\/uploads\/2026\/01\/antonio-banderas-y-su-hermano_7c18ee10_260115201343_1200x819.webp.webp\" alt=\"Antonio Banderas y su hermano\" class=\"lazyload\" width=\"1200\" height=\"819\" data-aspectratio=\"1200\/819\"\/><\/p>\n<p><strong>A<\/strong>ntonio Banderas fue, sencillamente, un ni\u00f1o malague\u00f1o que creci\u00f3 sin lujos y en una \u00e9poca en el que juego m\u00e1s preciado y divertido estaba encerrado en la imaginaci\u00f3n.\u00a0<\/p>\n<p>&#13;Archivo Lecturas<\/p>\n<p>El recuerdo que guarda de aquellas matin\u00e9s es tan v\u00edvido como entra\u00f1able. \u201cAll\u00ed vi la pel\u00edcula de Tit\u00e1n, hab\u00eda un suelo de madera y<strong> todos golpe\u00e1bamos con los pies cuando aparec\u00edan los h\u00e9roes<\/strong> y cosas as\u00ed\u201d, detallaba. Una imagen que resume perfectamente c\u00f3mo se viv\u00eda el cine en aquella \u00e9poca: de forma colectiva, ruidosa, apasionada, que se convert\u00eda casi en un ritual. No se trataba solo de ver una pel\u00edcula, sino de participar en ella, de sentirla como propia.<\/p>\n<p>Del cine matinal a interpretar a uno de sus \u00eddolos<img loading=\"lazy\" decoding=\"async\"   src=\"https:\/\/www.europesays.com\/es\/wp-content\/uploads\/2026\/01\/antonio-banderas_3a37dbd5_260115201820_1200x800.webp.webp\" alt=\"Antonio Banderas\" class=\"lazyload\" width=\"1200\" height=\"800\" data-aspectratio=\"1200\/800\"\/><\/p>\n<p>No es casual que, a\u00f1os despu\u00e9s, cuando le ofrecieron interpretar a El Zorro, el personaje conectara de forma tan profunda con su memoria infantil.\u00a0<\/p>\n<p>&#13;Gtres<\/p>\n<p>Con el paso del tiempo, aquel ni\u00f1o que aplaud\u00eda y golpeaba el suelo al ver a sus \u00eddolos en la pantalla acabar\u00eda cruzando el Atl\u00e1ntico para convertirse \u00e9l mismo en uno de esos h\u00e9roes. No es casual que, a\u00f1os despu\u00e9s, <strong>cuando le ofrecieron interpretar a El Zorro<\/strong>, el personaje conectara de forma tan profunda con su memoria infantil. \u201cS\u00ed, era un gran fan de El Zorro antes incluso de interpretarlo, y por supuesto <strong>fue un sue\u00f1o poder encarnarlo<\/strong>\u201d, confesaba.<\/p>\n<p><img decoding=\"async\" src=\"https:\/\/www.europesays.com\/es\/wp-content\/uploads\/2026\/01\/irene-de-grecia_2471407c_260115133752_800x800.webp.webp\" alt=\"Irene de Grecia \" class=\"image lazyload\"\/><img loading=\"lazy\" decoding=\"async\" src=\"https:\/\/www.europesays.com\/es\/wp-content\/uploads\/2026\/01\/irene-de-grecia_2471407c_260115133744_1280x720.webp.webp\" alt=\"Empeora el estado de salud de Irene de Grecia mientras su hermana la reina Sof\u00eda no se separa de su lado\" class=\"image lazyload\" width=\"1280\" height=\"720\" data-aspectratio=\"1280\/720\"\/><\/p>\n<p>La historia de Antonio Banderas demuestra que los grandes sue\u00f1os suelen nacer en lugares peque\u00f1os pero con mucha ilusi\u00f3n e imaginaci\u00f3n: una sala de cine de barrio, una pantalla compartida con amigos, y una matin\u00e9 de domingo. Aquella M\u00e1laga de su infancia no solo fue el escenario de sus primeros recuerdos, sino tambi\u00e9n el origen silencioso de una vocaci\u00f3n que acabar\u00eda llevando su nombre a lo m\u00e1s alto del cine internacional.\u00a0<\/p>\n","protected":false},"excerpt":{"rendered":"Antes de convertirse en una estrella internacional y de conquistar Hollywood con personajes ic\u00f3nicos, Antonio Banderas fue, sencillamente,&hellip;\n","protected":false},"author":2,"featured_media":342797,"comment_status":"","ping_status":"","sticky":false,"template":"","format":"standard","meta":{"footnotes":""},"categories":[169],"tags":[177,146,147,25,24,176,175,23],"class_list":{"0":"post-342796","1":"post","2":"type-post","3":"status-publish","4":"format-standard","5":"has-post-thumbnail","7":"category-cine","8":"tag-cine","9":"tag-entertainment","10":"tag-entretenimiento","11":"tag-es","12":"tag-espana","13":"tag-film","14":"tag-movies","15":"tag-spain"},"share_on_mastodon":{"url":"https:\/\/pubeurope.com\/@es\/115901116464161915","error":""},"_links":{"self":[{"href":"https:\/\/www.europesays.com\/es\/wp-json\/wp\/v2\/posts\/342796","targetHints":{"allow":["GET"]}}],"collection":[{"href":"https:\/\/www.europesays.com\/es\/wp-json\/wp\/v2\/posts"}],"about":[{"href":"https:\/\/www.europesays.com\/es\/wp-json\/wp\/v2\/types\/post"}],"author":[{"embeddable":true,"href":"https:\/\/www.europesays.com\/es\/wp-json\/wp\/v2\/users\/2"}],"replies":[{"embeddable":true,"href":"https:\/\/www.europesays.com\/es\/wp-json\/wp\/v2\/comments?post=342796"}],"version-history":[{"count":0,"href":"https:\/\/www.europesays.com\/es\/wp-json\/wp\/v2\/posts\/342796\/revisions"}],"wp:featuredmedia":[{"embeddable":true,"href":"https:\/\/www.europesays.com\/es\/wp-json\/wp\/v2\/media\/342797"}],"wp:attachment":[{"href":"https:\/\/www.europesays.com\/es\/wp-json\/wp\/v2\/media?parent=342796"}],"wp:term":[{"taxonomy":"category","embeddable":true,"href":"https:\/\/www.europesays.com\/es\/wp-json\/wp\/v2\/categories?post=342796"},{"taxonomy":"post_tag","embeddable":true,"href":"https:\/\/www.europesays.com\/es\/wp-json\/wp\/v2\/tags?post=342796"}],"curies":[{"name":"wp","href":"https:\/\/api.w.org\/{rel}","templated":true}]}}