{"id":342798,"date":"2026-01-15T20:57:07","date_gmt":"2026-01-15T20:57:07","guid":{"rendered":"https:\/\/www.europesays.com\/es\/342798\/"},"modified":"2026-01-15T20:57:07","modified_gmt":"2026-01-15T20:57:07","slug":"espana-arranca-el-intimidante-europeo-de-balonmano-con-un-triunfo-firme-ante-serbia-29-27-deportes","status":"publish","type":"post","link":"https:\/\/www.europesays.com\/es\/342798\/","title":{"rendered":"Espa\u00f1a arranca el intimidante Europeo de balonmano con un triunfo firme ante Serbia (29-27) | Deportes"},"content":{"rendered":"<p class=\"\">Espa\u00f1a no tiene tiempo para tomar posiciones con tranquilidad en el Europeo de balonmano. El recorrido que afronta no le concede ese tipo de licencias. El primer rival, Serbia, era ya una victoria casi obligada, y sin el casi, para alimentar las esperanzas teniendo en cuenta el amenazante ramillete de contrarios que asoma. O, al menos, para no quedarse sin margen de error. Y lo mismo se puede decir del choque de este s\u00e1bado (18.00, Teledeporte) contra la Austria de <a href=\"https:\/\/elpais.com\/diario\/2001\/06\/25\/deportes\/993420024_850215.html\" target=\"_self\" rel=\"nofollow noopener\" title=\"https:\/\/elpais.com\/diario\/2001\/06\/25\/deportes\/993420024_850215.html\">Iker Romero<\/a>. <\/p>\n<p class=\"\">De momento, ante los balc\u00e1nicos se apunt\u00f3 un triunfo solvente y serio (29-27), dominado de punta a punta con dos versiones diferentes. Muy bien en ataque en la primera mitad (19 goles) y con oficio en la segunda, cuando el callej\u00f3n se estrech\u00f3. Entonces, se agarr\u00f3 a la clarividencia de Ian Tarrafeta, el MVP de la tarde con seis goles y cuatro asistencias, al callo de \u00c1lex Dujshebaev y a varias paradas finales de Sergey Hern\u00e1ndez. <\/p>\n<p class=\"\">Ante un horizonte tan amenazante como el que le regal\u00f3 el sorteo, Espa\u00f1a necesitaba presentarse en hora. Y eso hizo de la mano de <a href=\"https:\/\/elpais.com\/deportes\/2026-01-15\/antonio-serradilla-el-jugador-de-balonmano-que-disputa-el-europeo-con-un-solo-ojo-en-la-elite-no-existen-las-excusas.html\" target=\"_self\" rel=\"nofollow noopener\" title=\"https:\/\/elpais.com\/deportes\/2026-01-15\/antonio-serradilla-el-jugador-de-balonmano-que-disputa-el-europeo-con-un-solo-ojo-en-la-elite-no-existen-las-excusas.html\">Antonio Serradilla<\/a>, un tipo con valor que empez\u00f3 a marcar territorio en la defensa y a poner los primeros ladrillos. Varias buenas acciones suyas atr\u00e1s comenzaron a asfaltar una primera parte estupenda de la selecci\u00f3n, sobre todo, en ataque, donde todo fluy\u00f3. <\/p>\n<p class=\"\">La m\u00e1quina la arrancaron Jan Gurri y Aleix G\u00f3mez, y pronto se uni\u00f3 el resto. Los 19 goles al descanso (19-15) hablaron de un equipo con soluciones y cat\u00e1logo para agujerear un dispositivo que tampoco se distingu\u00eda entonces por la dureza. Un caudal ofensivo generoso y, adem\u00e1s, variado, porque cuando se lleg\u00f3 al descanso en el bando espa\u00f1ol hab\u00edan anotado todos los que hab\u00edan participado hasta ese momento, salvo Imanol Garciandia. <\/p>\n<p class=\"\">Desde el 7-3 del minuto 11 que oblig\u00f3 a Ra\u00fal Gonz\u00e1lez, t\u00e9cnico espa\u00f1ol de los balc\u00e1nicos, a pedir tiempo muerto, el primer acto transcurri\u00f3 cuesta abajo para los Hispanos, muy c\u00f3modos y sueltos. Se aprovech\u00f3 tambi\u00e9n de un par de siete metros fallados por el rival al inicio de la tarde. Espa\u00f1a jugaba bien y se divert\u00eda cuando apareci\u00f3 en pista Marcos Fis, una de las atracciones del campeonato, con muchos ojeadores encima. El joven de 18 a\u00f1os, debutante en estas alturas, irrumpi\u00f3 como en el jard\u00edn de casa con tres tantos consecutivos: dos uno contra uno que mandaron a sus defensores a la lona, y un lanzamiento de larga distancia letal. No hab\u00eda apenas tacha para el conjunto de Jordi Ribera, que dej\u00f3 fuera de la convocatoria para este encuentro a Dani Dujshebaev y V\u00edctor Romero. <\/p>\n<p class=\"\">El choque se reanud\u00f3 con \u00c1lex Dujshebaev en pista en una segunda que cambi\u00f3 el paisaje. Ya no fue el momento de Marcos Fis. Se acabaron las alegr\u00edas ofensivas para Espa\u00f1a, en parte porque la defensa serbia apret\u00f3 mucho m\u00e1s las tuercas. En los 10 primeros minutos, la selecci\u00f3n solo se apunt\u00f3 dos tantos, de Agust\u00edn Casado. Disfrut\u00f3 de varias superioridades num\u00e9ricas para abrir hueco, pero no las aprovech\u00f3 y se aboc\u00f3 a un escenario de m\u00e1s estrecheces. La defensa de los muchachos de Ribera, eso s\u00ed, continu\u00f3 aplicada. <\/p>\n<p class=\"\">Esos minutos del mayor de los Dujshebaev no dejaron muchos frutos, pero cuando la tarde se apret\u00f3, Jordi lo recuper\u00f3 en lugar de Fis. Horas de vuelo para cerrar un partido que se hab\u00eda complicado. A siete minutos del final, la cosa andaba 26-24. Una apuesta que se revel\u00f3 acertada. Entre \u00e9l, el buen tino de Ian Tarrafeta y tres intervenciones de Sergey Hern\u00e1ndez ayudaron a finiquitar la sesi\u00f3n. <\/p>\n<p>Espa\u00f1a, 29 &#8211; Serbia, 27<\/p>\n<p class=\"\">Espa\u00f1a: Sergey Hern\u00e1ndez; Aleix G\u00f3mez (3, 1p), Garciandia (-), Serdio (4), Serradilla (1), Gurri (2) y Dani Fern\u00e1ndez (2, 1p) \u2014equipo inicial\u2014, Biosca (ps), Casado (3), Tarrafeta (6), Alex Dujshebaev (3), Odriozola (-), Fis (3), Natan Su\u00e1rez (-), Barrufet (1) y Javi Rodr\u00edguez (1).<\/p>\n<p class=\"\">Serbia: Milosavljev; Djukic (5, 2p), Kojadinovic (6), Dodic (1), Borzas (4), Nemanja Ilic (1p) y Marsenic (2) \u2014equipo inicial\u2014, Cupara (ps), Vorkapic (-), Jevtic (-), Vanja Ilic (5, 4p), Damjanovic (-), Kukic (1), Mitrovic (-), Tasic (-) y Pechmalbec (2). <\/p>\n<p class=\"\">\u00c1rbitros: Eliasson y Palsson. Excluyeron por dos minutos a Serradilla, Javi Rodr\u00edguez, Borzas (2), Marsenic, Djukic y Cupara.<\/p>\n<p class=\"\">Marcador cada cinco minutos: 3-1, 6-3, 9-6, 11-9, 16-11 y 19-15 (Descanso) 20-16, 21-17, 23-20, 26-23, 27-24 y 29-27 (Final).<\/p>\n<p class=\"\">Herning (Dinamarca). 5.237 esp.<\/p>\n","protected":false},"excerpt":{"rendered":"Espa\u00f1a no tiene tiempo para tomar posiciones con tranquilidad en el Europeo de balonmano. El recorrido que afronta&hellip;\n","protected":false},"author":2,"featured_media":342799,"comment_status":"","ping_status":"","sticky":false,"template":"","format":"standard","meta":{"footnotes":""},"categories":[93],"tags":[77934,77931,77932,376,11766,77935,168,77929,25,24,50558,77930,50470,77933,50556,50469,23704,50555,21701,23,167],"class_list":{"0":"post-342798","1":"post","2":"type-post","3":"status-publish","4":"format-standard","5":"has-post-thumbnail","7":"category-deportes","8":"tag-abel-serdio","9":"tag-agustin-casado","10":"tag-aleix-gomez","11":"tag-balonmano","12":"tag-dani-fernandez","13":"tag-daniel-dujshebaev","14":"tag-deportes","15":"tag-dujshebaev","16":"tag-es","17":"tag-espana","18":"tag-europeo-balonmano","19":"tag-ian-tarrafeta","20":"tag-imanol-garciandia","21":"tag-jan-gurri","22":"tag-jordi-ribera","23":"tag-kauldi-odriozola","24":"tag-marcos-fis","25":"tag-seleccion-espanola-balonmano","26":"tag-sergey-hernandez","27":"tag-spain","28":"tag-sports"},"share_on_mastodon":{"url":"https:\/\/pubeurope.com\/@es\/115901120095845616","error":""},"_links":{"self":[{"href":"https:\/\/www.europesays.com\/es\/wp-json\/wp\/v2\/posts\/342798","targetHints":{"allow":["GET"]}}],"collection":[{"href":"https:\/\/www.europesays.com\/es\/wp-json\/wp\/v2\/posts"}],"about":[{"href":"https:\/\/www.europesays.com\/es\/wp-json\/wp\/v2\/types\/post"}],"author":[{"embeddable":true,"href":"https:\/\/www.europesays.com\/es\/wp-json\/wp\/v2\/users\/2"}],"replies":[{"embeddable":true,"href":"https:\/\/www.europesays.com\/es\/wp-json\/wp\/v2\/comments?post=342798"}],"version-history":[{"count":0,"href":"https:\/\/www.europesays.com\/es\/wp-json\/wp\/v2\/posts\/342798\/revisions"}],"wp:featuredmedia":[{"embeddable":true,"href":"https:\/\/www.europesays.com\/es\/wp-json\/wp\/v2\/media\/342799"}],"wp:attachment":[{"href":"https:\/\/www.europesays.com\/es\/wp-json\/wp\/v2\/media?parent=342798"}],"wp:term":[{"taxonomy":"category","embeddable":true,"href":"https:\/\/www.europesays.com\/es\/wp-json\/wp\/v2\/categories?post=342798"},{"taxonomy":"post_tag","embeddable":true,"href":"https:\/\/www.europesays.com\/es\/wp-json\/wp\/v2\/tags?post=342798"}],"curies":[{"name":"wp","href":"https:\/\/api.w.org\/{rel}","templated":true}]}}