{"id":342816,"date":"2026-01-15T21:10:08","date_gmt":"2026-01-15T21:10:08","guid":{"rendered":"https:\/\/www.europesays.com\/es\/342816\/"},"modified":"2026-01-15T21:10:08","modified_gmt":"2026-01-15T21:10:08","slug":"en-red-bull-estoy-como-un-nino-con-zapatos-nuevos","status":"publish","type":"post","link":"https:\/\/www.europesays.com\/es\/342816\/","title":{"rendered":"En Red Bull estoy como un ni\u00f1o con zapatos nuevos"},"content":{"rendered":"<p>\n        Habla<strong> Haimar Etxeberria (8 de septiembre de 2003, Irun) <\/strong>desde Australia, donde el martes debutar\u00e1 en el<strong> Tour Down Under<\/strong>, en el WorldTour y estrena el maillot de <strong>Red Bull<\/strong> despu\u00e9s de su gran curso en el <strong>Kern Pharma<\/strong>.\n<\/p>\n<p class=\"article-body__text \">\n        El guipuzcoano se afana en aprender ingl\u00e9s para adaptarse lo antes posible a su nuevo equipo, una de las mejores escuadras del mundo que cuenta en su plantilla con <strong>Remco Evenepoel <\/strong>o <strong>Primoz Roglic<\/strong>.\n<\/p>\n<p class=\"article-body__text question-answers__question\">\u00bfRecuerda el d\u00eda que le llamaron?<\/p>\n<p class=\"article-body__text question-answers__answer\">\u2014S\u00ed. Estaba de vacaciones. Sab\u00eda que me ten\u00eda que llamar mi m\u00e1nager. Estaba con mi pareja. Ese momento no se me va olvidar. Ni a m\u00ed ni a mi pareja porque me empez\u00f3 a temblar el m\u00f3vil mientras hablaba y me confirmaban que iba al Red Bull, que estaba hecho. Estaba muy nervioso. Despu\u00e9s llam\u00e9 a casa, a mi gente\u2026 y trat\u00e9 de contarlo. Yo me qued\u00e9 en blanco.\u00a0<\/p>\n<p class=\"article-body__text question-answers__question\">\u00bfQu\u00e9 le dice su entorno sobre el fichaje?<\/p>\n<p class=\"article-body__text question-answers__answer\">\u2014Que es algo grande. Cuando est\u00e1s dentro tal vez no le das como tanta importancia pero ellos lo ven de otra manera.\u00a0<\/p>\n<p class=\"article-body__text question-answers__question\">\u00bfC\u00f3mo le han recibido en el equipo?<\/p>\n<p class=\"article-body__text question-answers__answer\">\u2014Me han recibido muy bien. Soy un chaval joven, que acaba de llegar. Saben que todo es nuevo para m\u00ed y en ese sentido estoy en proceso de adaptaci\u00f3n. Quieras o no llegas de un equipo m\u00e1s peque\u00f1o y el salto es muy grande. Estoy muy contento de c\u00f3mo me han acogido. Estoy recibiendo cari\u00f1o para adaptarme lo mejor posible.<\/p>\n<p class=\"article-body__text question-answers__question\">\u00bfNota un gran cambio?<\/p>\n<p class=\"article-body__text question-answers__answer\">\u2014La diferencia es grande. Esto est\u00e1 lleno de estrellas, tanto corredores, como a nivel de staff, que es muy bueno y puntero. Eso te da un mucha confianza y ganas de mejorar. Te da la esperanza de seguir mejorando y sacarle jugo a todo.\u00a0<\/p>\n<p class=\"article-body__text question-answers__question\">\u00bfQu\u00e9 espera de usted el equipo?<\/p>\n<p class=\"article-body__text question-answers__answer\">\u2014Ellos han fichado un corredor joven, que viene pisando fuerte desde un equipo peque\u00f1o y ha logrado resultados y creen que todo puede ser mucho mejor. Yo entiendo que todo eso necesita un proceso y tengo que adaptarme al equipo. Lo primero es que el corredor est\u00e9 en su salsa y luego ya rendir. Estoy muy ilusionado y creo que puedo hacer un gran papel. Mi objetivo es ser un corredor importante en el equipo.<\/p>\n<p class=\"article-body__text question-answers__question\">\u00bfQu\u00e9 es lo que m\u00e1s le llama la atenci\u00f3n de su nuevo equipo?<\/p>\n<p class=\"article-body__text question-answers__answer\">\u2014Ves que todo tiene un porqu\u00e9. Hay mucha gente y preparadores trabajando para ti para que des tu 100%. Eso crea motivaci\u00f3n. Quieres que todo vaya mejor y hacer las cosas bien. Hay mucha gente que te apoya, pero al mismo tiempo es una presi\u00f3n porque hay mucha gente involucrada que busca tu mejor rendimiento. Todo se mide a la micra para lograr el mejor resultado posible. Estoy muy ilusionado con este equipo. Estoy como un ni\u00f1o con zapatos nuevos.\u00a0<\/p>\n<p class=\"article-body__text question-answers__question\">\u00bfTiene alg\u00fan objetivo concreto?<\/p>\n<p class=\"article-body__text question-answers__answer\">\u2014A qu\u00e9 corredor no le gustar\u00eda ganar una carrera. Soy un corredor ganador. He conseguido victorias en todas mis campa\u00f1as, pero ganar es muy complicado. Me gustar\u00eda hacer buenas carreras en casa, en la <strong>Itzulia<\/strong>, el G. P. <strong>Indurain <\/strong>y arropar a Primoz (Roglic) ser\u00eda un sue\u00f1o.<\/p>\n<p class=\"article-body__text question-answers__question\">\u00bfQu\u00e9 calendario afrontar\u00e1?<\/p>\n<p class=\"article-body__text question-answers__answer\">\u2014Empiezo aqu\u00ed, en Australia, en el Down Under. Despu\u00e9s la idea es correr en la <strong>Figueira Classic<\/strong>, en Portugal. Si todo va bien, luego estar\u00eda en la<strong> Omloop, la Kuurne, Le Samyn<\/strong> y despu\u00e9s de eso se ver\u00e1 si voy para la Itzulia o voy para otra vuelta de una semana.<\/p>\n<p class=\"article-body__text question-answers__question\">Def\u00ednase como ciclista.<\/p>\n<p class=\"article-body__text question-answers__answer\">\u2014Soy un corredor r\u00e1pido, con punta de velocidad, que tiene esa chispilla en grupos peque\u00f1os. Me considero un corredor resolutivo y soy capaz de encontrar resultados en diferentes competiciones.\u00a0<\/p>\n<p class=\"article-body__text question-answers__question\">Debuta en Australia.<\/p>\n<p class=\"article-body__text question-answers__answer\">\u2014La verdad es que es una buena toma de contacto. Mi debut en la categor\u00eda WorldTour. Todo es nuevo y lo cojo con ilusi\u00f3n, con muchas ganas de aprender. Es una cultura y un ciclismo diferente.<\/p>\n<p class=\"article-body__text question-answers__question\">\u00bfFue su triunfo en la Vuelta a Castilla y Le\u00f3n el punto de inflexi\u00f3n para que el Red Bull se fijara en usted?<\/p>\n<p class=\"article-body__text question-answers__answer\">\u2014Yo creo la primera parte del a\u00f1o fue buena y eso ya creo ilusi\u00f3n en el Kern Pharma. En verano arranque muy bien. Fui <strong>octavo<\/strong> en <strong>Ordizia, cuarto en Getxo <\/strong>y la verdad que estaba muy bien. Di un paso adelante y segu\u00ed progresando. En <strong>Castilla y Le\u00f3n gan\u00e9 <\/strong>y eso hace cambiar los planes a cualquier corredor. Ganar es muy complicado y m\u00e1s en el ciclismo de hoy en d\u00eda, pero no hab\u00eda pensado en pasar en el WorldTour. Sab\u00eda que esa victoria me iba a dar confianza. Hice un agosto muy bueno. Estuve delante en el Circuito Franco Belga, donde venci\u00f3 <strong>Abrahamsen<\/strong>. A partir de entonces ya vi que se fijaban m\u00e1s en m\u00ed, que me llamaba el m\u00e1nager. Me dijo que podr\u00eda salir algo en el\u00a0WorldTour, pero hasta que no llega la llamada, lo confirmas y llega la firma no acabas de cre\u00e9rtelo.<\/p>\n<p class=\"article-body__text question-answers__question\">El Kern Pharma ha sido una buena escuela.<\/p>\n<p class=\"article-body__text question-answers__answer\">\u2014Creo que es un equipo que hace las cosas muy bien. Est\u00e1 funcionando muy bien y son muchos los equipos del WorldTour que han fichado a corredores que han pasado por el Kern Pharma. Es un equipo en el que se trabaja muy bien.<\/p>\n<p class=\"article-body__text question-answers__question\">Pertenece a la generaci\u00f3n de los j\u00f3venes urgentes, competitivos desde el inicio.\u00a0<\/p>\n<p class=\"article-body__text question-answers__answer\">\u2014La verdad es que tal vez no sea tan consciente porque es el ciclismo que siempre he conocido. Antes de todo esto ganabas 8 o 10 carreras y te llamaba el Kern Pharma o el Caja Rural y te hacia una ilusi\u00f3n de la leche. Ahora ganas una carrera en juvenil y te pueden hacer un precontrato para un equipo profesional, pero ya corres con una presi\u00f3n muy alta. Todo eso creo que no es bueno para el corredor. Ahora es normal pasar al WorldTour siendo muy joven. Si debutas con 20-21 lo normal y con la exigencia que hay es que te retires con poco m\u00e1s de 30. Ha habido un cambio y hay que adaptarse.<\/p>\n<p class=\"article-body__text question-answers__question\">\u00bfQui\u00e9nes son sus \u00eddolos?<\/p>\n<p class=\"article-body__text \">\n        \u2014Me gusta Remco (Evenepoel), que es un corredor diferente, un talento nato. Tambi\u00e9n me fijo en Primoz Roglic, que es un corredor que admiro mucho. Es un corredor que siempre me ha gustado, que ha ganado muchas veces en la Itzulia y me he fijado en \u00e9l. Me hace ilusi\u00f3n compartir equipo con \u00e9l, que sea mi compa\u00f1ero.\n<\/p>\n<p class=\"article-body__text question-answers__question\">\u00bfA qu\u00e9 ciclista le gustar\u00eda parecerse?<\/p>\n<p class=\"article-body__text question-answers__answer\">\u2014Me gustar\u00eda ser un corredor del estilo de <strong>Alex Aranburu<\/strong>. Me parece un corredorazo, que siempre est\u00e1 ah\u00ed y tambi\u00e9n me gusta mucho su forma de ser.\u00a0<\/p>\n<p class=\"article-body__text question-answers__question\">\u00bfC\u00f3mo comenz\u00f3 usted en el ciclismo?\u00a0<\/p>\n<p class=\"article-body__text \">\n        \u2014Empec\u00e9 con 12 a\u00f1os porque mis amigos empezaron a montar en bici. Mi t\u00edo tambi\u00e9n sol\u00eda montar en bici y me acuerdo que ah\u00ed empez\u00f3 todo. Mi familia no era aficionada al ciclismo salvo mi t\u00edo. Pero como mis amigos empezaron a andar, pues poco a poco empec\u00e9 y luego vas subiendo categor\u00edas\u2026 algunos lo dejaron y yo segu\u00ed.<\/p>\n","protected":false},"excerpt":{"rendered":"Habla Haimar Etxeberria (8 de septiembre de 2003, Irun) desde Australia, donde el martes debutar\u00e1 en el Tour&hellip;\n","protected":false},"author":2,"featured_media":342817,"comment_status":"","ping_status":"","sticky":false,"template":"","format":"standard","meta":{"footnotes":""},"categories":[273],"tags":[7478,313,312,168,25,24,5802,5801,899,905,23,167],"class_list":["post-342816","post","type-post","status-publish","format-standard","has-post-thumbnail","category-ciclismo","tag-bull","tag-ciclismo","tag-cycling","tag-deportes","tag-es","tag-espana","tag-etxeberria","tag-haimar","tag-nino","tag-red","tag-spain","tag-sports"],"share_on_mastodon":{"url":"https:\/\/pubeurope.com\/@es\/115901171122395804","error":""},"_links":{"self":[{"href":"https:\/\/www.europesays.com\/es\/wp-json\/wp\/v2\/posts\/342816","targetHints":{"allow":["GET"]}}],"collection":[{"href":"https:\/\/www.europesays.com\/es\/wp-json\/wp\/v2\/posts"}],"about":[{"href":"https:\/\/www.europesays.com\/es\/wp-json\/wp\/v2\/types\/post"}],"author":[{"embeddable":true,"href":"https:\/\/www.europesays.com\/es\/wp-json\/wp\/v2\/users\/2"}],"replies":[{"embeddable":true,"href":"https:\/\/www.europesays.com\/es\/wp-json\/wp\/v2\/comments?post=342816"}],"version-history":[{"count":0,"href":"https:\/\/www.europesays.com\/es\/wp-json\/wp\/v2\/posts\/342816\/revisions"}],"wp:featuredmedia":[{"embeddable":true,"href":"https:\/\/www.europesays.com\/es\/wp-json\/wp\/v2\/media\/342817"}],"wp:attachment":[{"href":"https:\/\/www.europesays.com\/es\/wp-json\/wp\/v2\/media?parent=342816"}],"wp:term":[{"taxonomy":"category","embeddable":true,"href":"https:\/\/www.europesays.com\/es\/wp-json\/wp\/v2\/categories?post=342816"},{"taxonomy":"post_tag","embeddable":true,"href":"https:\/\/www.europesays.com\/es\/wp-json\/wp\/v2\/tags?post=342816"}],"curies":[{"name":"wp","href":"https:\/\/api.w.org\/{rel}","templated":true}]}}