{"id":342842,"date":"2026-01-15T21:25:07","date_gmt":"2026-01-15T21:25:07","guid":{"rendered":"https:\/\/www.europesays.com\/es\/342842\/"},"modified":"2026-01-15T21:25:07","modified_gmt":"2026-01-15T21:25:07","slug":"fbi-allana-casa-de-periodista-del-washington-post","status":"publish","type":"post","link":"https:\/\/www.europesays.com\/es\/342842\/","title":{"rendered":"FBI allana casa de periodista del Washington Post"},"content":{"rendered":"<p>El <a class=\"internal-link\" href=\"https:\/\/www.dw.com\/es\/fbi\/t-36447763\" rel=\"nofollow noopener\" target=\"_blank\">FBI<\/a> allan\u00f3 este mi\u00e9rcoles (14.01.2026) la vivienda de una periodista del diario The Washington Post como parte de una investigaci\u00f3n sobre un contratista acusado de retener ilegalmente documentos oficiales clasificados.<\/p>\n<p>El Post calific\u00f3 la medida de \u00abinusual y agresiva\u00bb, al se\u00f1alar que no es habitual que las fuerzas del orden registren domicilios de periodistas en el marco de investigaciones por filtraciones a la prensa.<\/p>\n<p>La reportera afectada es Hannah Natanson, quien cubre la Administraci\u00f3n del presidente estadounidense, <a class=\"internal-link\" href=\"https:\/\/www.dw.com\/es\/donald-trump\/t-19445010\" rel=\"nofollow noopener\" target=\"_blank\">Donald Trump<\/a>, para el Post y forma parte de un equipo de periodistas que recibi\u00f3 el Premio Pulitzer en 2022 por su cobertura del <a class=\"internal-link\" href=\"https:\/\/www.dw.com\/es\/los-l\u00edderes-del-asalto-al-capitolio-salen-de-la-c\u00e1rcel\/a-71366070\" rel=\"nofollow noopener\" target=\"_blank\">asalto al Capitolio<\/a>, el 6 de enero de 2021, protagonizado por una turba de seguidores del actual mandatario, que perdi\u00f3 los comicios presidenciales de 2020 ante el <a class=\"internal-link\" href=\"https:\/\/www.dw.com\/es\/biden-que-no-se-reescriba-ni-olvide-asalto-al-capitolio\/a-71223161\" rel=\"nofollow noopener\" target=\"_blank\">dem\u00f3crata Joe Biden<\/a> (2021-2025).<\/p>\n<p>Natanson se encontraba en su domicilio de Virginia cuando los agentes registraron la vivienda e incautaron su tel\u00e9fono m\u00f3vil, dos computadoras port\u00e1tiles y un reloj inteligente, seg\u00fan inform\u00f3 el propio peri\u00f3dico.<\/p>\n<p>El FBI no investiga a Natanson, sino a Aurelio P\u00e9rez Lugones, un administrador de sistemas de Maryland acusado de acceder y sustraer informaci\u00f3n de inteligencia de forma ilegal. Consultado por el mismo diario, el FBI no respondi\u00f3 de inmediato a una solicitud de comentarios.<\/p>\n<p>La fiscal general de <a class=\"internal-link\" href=\"https:\/\/www.dw.com\/es\/estados-unidos\/t-17411942\" rel=\"nofollow noopener\" target=\"_blank\">Estados Unidos<\/a>, Pam Bondi, anul\u00f3 el pasado abril una disposici\u00f3n de la Administraci\u00f3n <a class=\"internal-link\" href=\"https:\/\/www.dw.com\/es\/joe-biden\/t-62463399\" rel=\"nofollow noopener\" target=\"_blank\">Biden<\/a> que imped\u00eda a las autoridades buscar registros telef\u00f3nicos de periodistas para identificar a funcionarios del Gobierno que hubieran proporcionado informaci\u00f3n confidencial a medios de comunicaci\u00f3n.<\/p>\n<p>(mn\/efe, afp)<\/p>\n<p>\u00a0<\/p>\n","protected":false},"excerpt":{"rendered":"El FBI allan\u00f3 este mi\u00e9rcoles (14.01.2026) la vivienda de una periodista del diario The Washington Post como parte&hellip;\n","protected":false},"author":2,"featured_media":342843,"comment_status":"","ping_status":"","sticky":false,"template":"","format":"standard","meta":{"footnotes":""},"categories":[42],"tags":[17,18,13,14,11,61,62,63,64,19,20,9,10,15,16,12,21,22,65,66,67],"class_list":{"0":"post-342842","1":"post","2":"type-post","3":"status-publish","4":"format-standard","5":"has-post-thumbnail","7":"category-internacional","8":"tag-breaking-news","9":"tag-breakingnews","10":"tag-featured-news","11":"tag-featurednews","12":"tag-headlines","13":"tag-internacional","14":"tag-international","15":"tag-international-news","16":"tag-internationalnews","17":"tag-latest-news","18":"tag-latestnews","19":"tag-news","20":"tag-noticias","21":"tag-noticias-destacadas","22":"tag-noticiasdestacadas","23":"tag-titulares","24":"tag-ultimas-noticias","25":"tag-ultimasnoticias","26":"tag-world","27":"tag-world-news","28":"tag-worldnews"},"share_on_mastodon":{"url":"https:\/\/pubeurope.com\/@es\/115901230384010224","error":""},"_links":{"self":[{"href":"https:\/\/www.europesays.com\/es\/wp-json\/wp\/v2\/posts\/342842","targetHints":{"allow":["GET"]}}],"collection":[{"href":"https:\/\/www.europesays.com\/es\/wp-json\/wp\/v2\/posts"}],"about":[{"href":"https:\/\/www.europesays.com\/es\/wp-json\/wp\/v2\/types\/post"}],"author":[{"embeddable":true,"href":"https:\/\/www.europesays.com\/es\/wp-json\/wp\/v2\/users\/2"}],"replies":[{"embeddable":true,"href":"https:\/\/www.europesays.com\/es\/wp-json\/wp\/v2\/comments?post=342842"}],"version-history":[{"count":0,"href":"https:\/\/www.europesays.com\/es\/wp-json\/wp\/v2\/posts\/342842\/revisions"}],"wp:featuredmedia":[{"embeddable":true,"href":"https:\/\/www.europesays.com\/es\/wp-json\/wp\/v2\/media\/342843"}],"wp:attachment":[{"href":"https:\/\/www.europesays.com\/es\/wp-json\/wp\/v2\/media?parent=342842"}],"wp:term":[{"taxonomy":"category","embeddable":true,"href":"https:\/\/www.europesays.com\/es\/wp-json\/wp\/v2\/categories?post=342842"},{"taxonomy":"post_tag","embeddable":true,"href":"https:\/\/www.europesays.com\/es\/wp-json\/wp\/v2\/tags?post=342842"}],"curies":[{"name":"wp","href":"https:\/\/api.w.org\/{rel}","templated":true}]}}