{"id":342846,"date":"2026-01-15T21:27:28","date_gmt":"2026-01-15T21:27:28","guid":{"rendered":"https:\/\/www.europesays.com\/es\/342846\/"},"modified":"2026-01-15T21:27:28","modified_gmt":"2026-01-15T21:27:28","slug":"portal-de-noticias-del-gobierno-de-canarias-480","status":"publish","type":"post","link":"https:\/\/www.europesays.com\/es\/342846\/","title":{"rendered":"Portal de Noticias del Gobierno de Canarias"},"content":{"rendered":"<blockquote>\n<p>El consejero de Transici\u00f3n Ecol\u00f3gica y Energ\u00eda formaliza junto a la empresa que ejecutar\u00e1 los trabajos el inicio de sus obras de modernizaci\u00f3n, para llevar a cabo las plantas de clasificaci\u00f3n y compostaje, para reducir los vertidos y avanzar en los objetivos de econom\u00eda circular de la isla<\/p>\n<p>Zapata: \u201cDesde el Gobierno hemos luchado para garantizar y asegurar esta inversi\u00f3n tan importante, desbloqueando una demanda hist\u00f3rica de la isla que ahora cuenta con obras, plazos y una inversi\u00f3n asegurada, marcando un antes y un despu\u00e9s y afianzando nuestro compromiso con los majoreros\u201d<\/p>\n<\/blockquote>\n<p><strong>El consejero de Transici\u00f3n Ecol\u00f3gica y Energ\u00eda del Gobierno de Canarias, Mariano H. Zapata, ha visitado este jueves Fuerteventura para formalizar el inicio de las obras del Complejo Ambiental de Zurita, mediante la correspondiente firma del acta de replanteo.\u00a0\u00a0<\/strong><\/p>\n<p>El consejero de Transici\u00f3n Ecol\u00f3gica y Energ\u00eda del Gobierno de Canarias, Mariano H. Zapata, ha visitado este jueves Fuerteventura para formalizar el inicio de las obras del Complejo Ambiental de Zurita, mediante la correspondiente firma del acta de replanteo.<\/p>\n<p>Una infraestructura estrat\u00e9gica vital\u00a0 para su modernizaci\u00f3n y dotada con 17 millones de euros de presupuesto del \u00e1rea regional, que ser\u00e1 clave para transformar la gesti\u00f3n de residuos en la isla.<\/p>\n<p>Esta actuaci\u00f3n, anunciada previamente, entra as\u00ed en una nueva fase tras asegurar los fondos y posteriormente iniciar los tr\u00e1mites con la empresa que ejecutar\u00e1 los trabajos para el replanteo del proyecto.\u00a0 Un\u00a0 impulso institucional necesario para su ejecuci\u00f3n, dando respuesta a una demanda hist\u00f3rica de Fuerteventura tras m\u00e1s de una d\u00e9cada de retrasos administrativos.<\/p>\n<p>El acto cont\u00f3 con la presencia del consejero de Transici\u00f3n Ecol\u00f3gica y Energ\u00eda, Mariano H. Zapata; el director general de Transici\u00f3n Ecol\u00f3gica y Lucha contra el Cambio Clim\u00e1tico, \u00c1ngel Monta\u00f1\u00e9s, as\u00ed como los responsables de la empresa Tragsa, encargados de la obra\u00a0 y t\u00e9cnicos de la Consejer\u00eda. Tambi\u00e9n acudieron la consejera de Turismo y Empleo del Gobierno de Canarias, J\u00e9ssica de Le\u00f3n y\u00a0 el consejero de Residuos del Cabildo de Fuerteventura, Enrique P\u00e9rez.<\/p>\n<p>Durante la firma del documento, que fue ratificado previamente en las instalaciones del complejo ambiental, Zapata destac\u00f3 que \u201cZurita ha sido durante a\u00f1os uno de los grandes asuntos pendientes de esta isla, y hoy venimos a constatar que ese bloqueo se ha superado y que el proyecto avanzar\u00e1 con garant\u00edas\u201d. El consejero subray\u00f3 que \u201cno hablamos de un anuncio, sino de una realidad que empieza a materializarse con obras, plazos y financiaci\u00f3n asegurada\u201d.<\/p>\n<p>Asimismo, se\u00f1al\u00f3 que \u201cla modernizaci\u00f3n del Complejo Ambiental de Zurita es clave para que Fuerteventura pueda cumplir los objetivos de econom\u00eda circular y reducir de manera significativa el vertido, algo que solo ser\u00e1 posible con infraestructuras adecuadas y con una buena separaci\u00f3n de residuos desde el origen\u201d.<\/p>\n<p>\u201cLa firma del acta de replanteo que realizamos hoy constata el inicio efectivo de las obras para dejar atr\u00e1s a\u00f1os de incertidumbre y avanzar hacia un modelo de gesti\u00f3n de residuos m\u00e1s moderno y eficiente\u201d. Y adem\u00e1s a\u00f1adi\u00f3 \u201cque vamos a trabajar intensamente para cumplir los plazos acordados y que en diciembre de 2026 ya se pueda recoger todo el residuos org\u00e1nico dom\u00e9stico de la isla y dejar as\u00ed de enterrarlo indiscriminadamente\u201d.<\/p>\n<p>La consejera de Turismo y Empleo, J\u00e9ssica de Le\u00f3n, subray\u00f3 la importancia de disponer de todas las herramientas posibles para ser un destino sostenible. \u201cHablar de sostenibilidad es hablar de gestionar de forma responsable nuestros espacios naturales, pero tambi\u00e9n de gestionar con eficacia los residuos que generamos y reducir nuestra huella al m\u00e1ximo. Este es un tema con el que estamos muy concienciados en la Consejer\u00eda de Turismo y Empleo, donde hemos implementado programas como el Viaje a la Descarbonizaci\u00f3n\u201d. De Le\u00f3n record\u00f3, adem\u00e1s, que una vez est\u00e9n operativas ambas plantas se \u201cabrir\u00e1n nuevas v\u00edas para la generaci\u00f3n de empleo vinculado a la econom\u00eda verde\u201d.<\/p>\n<p>Por su parte, el consejero insular de Residuos, Enrique P\u00e9rez, indic\u00f3 que \u201ceste es un paso m\u00e1s dentro del trabajo que ha venido haciendo el Cabildo de Fuerteventura para mejorar el tratamiento de los residuos, siendo la isla canaria que m\u00e1s crece en reciclaje, gracias tambi\u00e9n a una mayor concienciaci\u00f3n de la ciudadan\u00eda\u201d. P\u00e9rez celebra que el Gobierno de Canarias \u201chaya cumplido con una deuda con la sociedad majorera que ven\u00edamos reivindicando desde la Corporaci\u00f3n insular\u201d, agradeciendo a la Consejer\u00eda de Transici\u00f3n Ecol\u00f3gica y Energ\u00eda, \u201cque haya desbloqueado un proyecto tan importante, que podr\u00e1 ser una realidad\u201d.<\/p>\n<p><strong>Zurita, una demanda hist\u00f3rica que entra en fase de ejecuci\u00f3n<\/strong><\/p>\n<p>El Complejo Ambiental de Zurita, ubicado en el municipio de Puerto del Rosario, es la principal infraestructura insular para la gesti\u00f3n de residuos en Fuerteventura y una pieza estrat\u00e9gica dentro del Plan de Acci\u00f3n de Econom\u00eda Circular de Canarias (PAEC) 2024-2026.<\/p>\n<p>El presupuesto destinado para estas obras es de una inversi\u00f3n total de 17 millones de euros, y las obras se ejecutar\u00e1n durante las tres pr\u00f3ximas anualidades, debiendo estar culminadas en 2027.<\/p>\n<p>Hasta la fecha, el Gobierno ha trabajado a lo largo de todo el a\u00f1o 2024 y 2025 para comprometer esta cuant\u00eda, donde la Direcci\u00f3n General de Transici\u00f3n Ecol\u00f3gica y Lucha contra el Cambio Clim\u00e1tico ha mantenido numerosas reuniones para que, tras m\u00e1s de una d\u00e9cada de retrasos y bloqueos administrativos, este proyecto cuente ahora con fondos garantizados y las actuaciones actualizadas.<\/p>\n<p>Dicha tarea culmin\u00f3 el pasado mes de octubre de 2025 al aprobarse en Consejo de Gobierno la partida presupuestaria para ello, e iniciar el proceso del replanteo del proyecto inicial con la empresa encargada, que ahora culmina con la firma oficial, a la que le seguir\u00e1 el inicio de los trabajos.<\/p>\n<p>El proyecto contempla la construcci\u00f3n de una planta de clasificaci\u00f3n, destinada a recuperar materiales reciclables que actualmente se pierden, y una planta de compostaje que permitir\u00e1 valorizar la fracci\u00f3n org\u00e1nica. Estas actuaciones permitir\u00e1n reducir sustancialmente los denostados vertidos en celda y facilitar\u00e1n la implantaci\u00f3n efectiva de la recogida separada del biorresiduo en todos los municipios de la isla.<\/p>\n<p>Con esta visita institucional y la activaci\u00f3n definitiva de las obras, el Gobierno de Canarias refuerza su compromiso con una gesti\u00f3n de residuos m\u00e1s sostenible, eficaz y alineada con las necesidades reales del territorio, culminando un proceso largamente esperado por la isla.<\/p>\n","protected":false},"excerpt":{"rendered":"El consejero de Transici\u00f3n Ecol\u00f3gica y Energ\u00eda formaliza junto a la empresa que ejecutar\u00e1 los trabajos el inicio&hellip;\n","protected":false},"author":2,"featured_media":342847,"comment_status":"","ping_status":"","sticky":false,"template":"","format":"standard","meta":{"footnotes":""},"categories":[5],"tags":[17,18,25,24,13,14,11,19,20,9,10,15,16,23,12,21,22],"class_list":{"0":"post-342846","1":"post","2":"type-post","3":"status-publish","4":"format-standard","5":"has-post-thumbnail","7":"category-titulares","8":"tag-breaking-news","9":"tag-breakingnews","10":"tag-es","11":"tag-espana","12":"tag-featured-news","13":"tag-featurednews","14":"tag-headlines","15":"tag-latest-news","16":"tag-latestnews","17":"tag-news","18":"tag-noticias","19":"tag-noticias-destacadas","20":"tag-noticiasdestacadas","21":"tag-spain","22":"tag-titulares","23":"tag-ultimas-noticias","24":"tag-ultimasnoticias"},"share_on_mastodon":{"url":"https:\/\/pubeurope.com\/@es\/115901237993318919","error":""},"_links":{"self":[{"href":"https:\/\/www.europesays.com\/es\/wp-json\/wp\/v2\/posts\/342846","targetHints":{"allow":["GET"]}}],"collection":[{"href":"https:\/\/www.europesays.com\/es\/wp-json\/wp\/v2\/posts"}],"about":[{"href":"https:\/\/www.europesays.com\/es\/wp-json\/wp\/v2\/types\/post"}],"author":[{"embeddable":true,"href":"https:\/\/www.europesays.com\/es\/wp-json\/wp\/v2\/users\/2"}],"replies":[{"embeddable":true,"href":"https:\/\/www.europesays.com\/es\/wp-json\/wp\/v2\/comments?post=342846"}],"version-history":[{"count":0,"href":"https:\/\/www.europesays.com\/es\/wp-json\/wp\/v2\/posts\/342846\/revisions"}],"wp:featuredmedia":[{"embeddable":true,"href":"https:\/\/www.europesays.com\/es\/wp-json\/wp\/v2\/media\/342847"}],"wp:attachment":[{"href":"https:\/\/www.europesays.com\/es\/wp-json\/wp\/v2\/media?parent=342846"}],"wp:term":[{"taxonomy":"category","embeddable":true,"href":"https:\/\/www.europesays.com\/es\/wp-json\/wp\/v2\/categories?post=342846"},{"taxonomy":"post_tag","embeddable":true,"href":"https:\/\/www.europesays.com\/es\/wp-json\/wp\/v2\/tags?post=342846"}],"curies":[{"name":"wp","href":"https:\/\/api.w.org\/{rel}","templated":true}]}}