{"id":342874,"date":"2026-01-15T21:48:07","date_gmt":"2026-01-15T21:48:07","guid":{"rendered":"https:\/\/www.europesays.com\/es\/342874\/"},"modified":"2026-01-15T21:48:07","modified_gmt":"2026-01-15T21:48:07","slug":"trump-recibe-a-maria-corina-machado-en-la-casa-blanca","status":"publish","type":"post","link":"https:\/\/www.europesays.com\/es\/342874\/","title":{"rendered":"Trump recibe a Mar\u00eda Corina Machado en la Casa Blanca"},"content":{"rendered":"<p>El presidente de Estados Unidos, Donald Trump, se reuni\u00f3 este jueves (15.01.2026) con la <a class=\"internal-link\" href=\"https:\/\/www.dw.com\/es\/trump-machado-y-el-nuevo-papel-de-la-opositora-en-venezuela\/a-75495284\" rel=\"nofollow noopener\" target=\"_blank\">l\u00edder de la oposici\u00f3n venezolana Mar\u00eda Corina Machado<\/a>, en un encuentro crucial que podr\u00eda influir en la forma en que el presidente estadounidense busca definir el futuro pol\u00edtico del pa\u00eds caribe\u00f1o.<\/p>\n<p>El almuerzo marc\u00f3 la primera vez que ambos se conocieron en persona. Tras salir de la Casa Blanca, Machado declar\u00f3 a la prensa que el encuentro fue \u00abexcelente\u00bb\u00a0y no hizo comentarios sobre el contenido de la conversaci\u00f3n, que aparentemente dur\u00f3 poco m\u00e1s de una hora.<\/p>\n<p>Durante la visita, la secretaria de prensa de la Casa Blanca, Karoline Leavitt, afirm\u00f3 que Trump esperaba con inter\u00e9s reunirse con la <a class=\"internal-link\" href=\"https:\/\/www.dw.com\/es\/machado-nobel-de-paz-y-esperanza-de-un-cambio-en-venezuela\/a-74308351\" rel=\"nofollow noopener\" target=\"_blank\">ganadora del Premio Nobel de la Paz<\/a>, pero que manten\u00eda su evaluaci\u00f3n \u00abrealista\u00bb de que ella no contaba actualmente con el apoyo necesario para liderar el pa\u00eds a corto plazo.<\/p>\n<p><img data-format=\"MASTER_LANDSCAPE\" data-id=\"75528724\" data-url=\"https:\/\/static.dw.com\/image\/75528724_${formatId}.jpg\" data-aspect-ratio=\"16\/9\" alt=\"Un grupo de manifestantes se reuni\u00f3 frente a la Casa Blanca para recibir a Machado (15.01.2026)\" style=\"padding-bottom: 56.25%; height: 0; max-height: 0;\"\/>Un grupo de manifestantes se reuni\u00f3 frente a la Casa Blanca para recibir a Machado (15.01.2026)Imagen: Pablo Martinez Monsivais\/AP Photo\/picture alliance<\/p>\n<p><strong>Machado, \u00abuna voz realmente notable y valiente para gran parte del pueblo venezolano\u00bb<\/strong><\/p>\n<p>La reuni\u00f3n se produce cuando Trump y sus principales asesores han se\u00f1alado su voluntad de trabajar con la presidenta interina <a class=\"internal-link\" href=\"https:\/\/www.dw.com\/es\/qui\u00e9n-es-delcy-rodr\u00edguez-la-tigresa-presidenta-interina-de-venezuela\/a-75400891\" rel=\"nofollow noopener\" target=\"_blank\">Delcy Rodr\u00edguez<\/a>, quien fue vicepresidenta de Maduro.<\/p>\n<p>Despu\u00e9s de que <a class=\"internal-link\" href=\"https:\/\/www.dw.com\/es\/trump-dice-que-maduro-fue-capturado-y-sacado-de-venezuela\/a-75374701\" rel=\"nofollow noopener\" target=\"_blank\">Estados Unidos capturara a Nicol\u00e1s Maduro<\/a> este mes, varias figuras de la oposici\u00f3n, miembros de la di\u00e1spora venezolana y pol\u00edticos de Estados Unidos y Latinoam\u00e9rica han expresado su esperanza de que Venezuela inicie el proceso de democratizaci\u00f3n.<\/p>\n<p>\u00abS\u00e9 que el presidente esperaba con ansias esta reuni\u00f3n y que fuera una conversaci\u00f3n positiva con Machado, quien es una voz realmente notable y valiente para gran parte del pueblo venezolano\u00bb, declar\u00f3 Leavitt a la prensa durante una sesi\u00f3n informativa mientras la reuni\u00f3n se desarrollaba.<\/p>\n<p>rr reuters\/afp<\/p>\n","protected":false},"excerpt":{"rendered":"El presidente de Estados Unidos, Donald Trump, se reuni\u00f3 este jueves (15.01.2026) con la l\u00edder de la oposici\u00f3n&hellip;\n","protected":false},"author":2,"featured_media":342875,"comment_status":"","ping_status":"","sticky":false,"template":"","format":"standard","meta":{"footnotes":""},"categories":[42],"tags":[17,18,13,14,11,61,62,63,64,19,20,9,10,15,16,12,21,22,65,66,67],"class_list":{"0":"post-342874","1":"post","2":"type-post","3":"status-publish","4":"format-standard","5":"has-post-thumbnail","7":"category-internacional","8":"tag-breaking-news","9":"tag-breakingnews","10":"tag-featured-news","11":"tag-featurednews","12":"tag-headlines","13":"tag-internacional","14":"tag-international","15":"tag-international-news","16":"tag-internationalnews","17":"tag-latest-news","18":"tag-latestnews","19":"tag-news","20":"tag-noticias","21":"tag-noticias-destacadas","22":"tag-noticiasdestacadas","23":"tag-titulares","24":"tag-ultimas-noticias","25":"tag-ultimasnoticias","26":"tag-world","27":"tag-world-news","28":"tag-worldnews"},"share_on_mastodon":{"url":"https:\/\/pubeurope.com\/@es\/115901320642226866","error":""},"_links":{"self":[{"href":"https:\/\/www.europesays.com\/es\/wp-json\/wp\/v2\/posts\/342874","targetHints":{"allow":["GET"]}}],"collection":[{"href":"https:\/\/www.europesays.com\/es\/wp-json\/wp\/v2\/posts"}],"about":[{"href":"https:\/\/www.europesays.com\/es\/wp-json\/wp\/v2\/types\/post"}],"author":[{"embeddable":true,"href":"https:\/\/www.europesays.com\/es\/wp-json\/wp\/v2\/users\/2"}],"replies":[{"embeddable":true,"href":"https:\/\/www.europesays.com\/es\/wp-json\/wp\/v2\/comments?post=342874"}],"version-history":[{"count":0,"href":"https:\/\/www.europesays.com\/es\/wp-json\/wp\/v2\/posts\/342874\/revisions"}],"wp:featuredmedia":[{"embeddable":true,"href":"https:\/\/www.europesays.com\/es\/wp-json\/wp\/v2\/media\/342875"}],"wp:attachment":[{"href":"https:\/\/www.europesays.com\/es\/wp-json\/wp\/v2\/media?parent=342874"}],"wp:term":[{"taxonomy":"category","embeddable":true,"href":"https:\/\/www.europesays.com\/es\/wp-json\/wp\/v2\/categories?post=342874"},{"taxonomy":"post_tag","embeddable":true,"href":"https:\/\/www.europesays.com\/es\/wp-json\/wp\/v2\/tags?post=342874"}],"curies":[{"name":"wp","href":"https:\/\/api.w.org\/{rel}","templated":true}]}}