{"id":342932,"date":"2026-01-15T22:36:07","date_gmt":"2026-01-15T22:36:07","guid":{"rendered":"https:\/\/www.europesays.com\/es\/342932\/"},"modified":"2026-01-15T22:36:07","modified_gmt":"2026-01-15T22:36:07","slug":"julio-iglesias-contrata-a-jose-antonio-choclan-abogado-de-aldama-para-que-le-defienda-en-la-presunta-agresion-sexual-cadena-ser","status":"publish","type":"post","link":"https:\/\/www.europesays.com\/es\/342932\/","title":{"rendered":"Julio Iglesias contrata a Jos\u00e9 Antonio Chocl\u00e1n, abogado de Aldama, para que le defienda en la presunta agresi\u00f3n sexual &#8211; Cadena SER"},"content":{"rendered":"<ol>\n<li><a href=\"https:\/\/news.google.com\/rss\/articles\/CBMi_wFBVV95cUxOX2ZHem91U2FRaWlpMWhvSExYRHp4Vm5lOWpzd09DX2JsSF9NYms2dEN6SzhTY0d0SjJ6NFJsaGlNdGIxOGlvcElCWWtOb0dFVFhPNTFsdnNYRGdpX2I4a0dKMWtVMTVsRG9oRkZ3Z2oyYmxiNVZreUFGMmxyckl2dEYwa0M1OHBOUFdkX3Y3MFNiVzBWNGphdWZZSThPZmxXWV9WQlJzbE50WVMyTldtX3RLaEoxTUotNWhuTm1xV1R1d294TmI0Q2MxazBRakNwdTBrdnNmQUxZTlZWbko3bVBEQVBObnhhSnBMRTc2TnZoSmhibUdiQnJqRHBVc03SAZMCQVVfeXFMUE5JN1NlVGphcjJqY3pZTXBKV2dBeG9YSWRaY0FRVm9HWG1YX1dTd1M4RXRzejliR0RUTlRaZ2pKVzhTajBpMzhKRjdCQXM3c18wdG5LdUZaWG1WWTJUQnlGMkZuNlduQXgza0w1TnkxTTQyZUtUbUc5Z1ZHbkZwaU8tUlNFR3VackJpQUpNWGxQcVhfOTZackllWGRUV3JjUTZINlFOQ2xQSmlnX0FPUHAtWGtqZ3FHaHNrTjM2amFJWXJuc3RCYnBxQXJESFc4NFlqcExXV3lKZ0lsM1FCNHRINnVrX193c2RzaERWMjJMZWY2VVhUSWcxaFlLOVgxTU5LLTNrdEFiU2VNVTZsVFI3Vzg?oc=5\" target=\"_blank\" rel=\"nofollow noopener\">Julio Iglesias contrata a Jos\u00e9 Antonio Chocl\u00e1n, abogado de Aldama, para que le defienda en la presunta agresi\u00f3n sexual<\/a>&nbsp;&nbsp;Cadena SER<\/li>\n<li><a href=\"https:\/\/news.google.com\/rss\/articles\/CBMigAFBVV95cUxNMjRLNlpPTDBHNE1mX092MEVqVk0ydkxiRUZZT2p0VWg5MUZWUmlzSk5hWE83WlhKOFg4V0p3WEwzRWVaWDR1M0FrVVB0eFBvZkZELWptVjJVX0hIQWNSakU3Z0pCQlhJbGlZdmVCUjlFcDFJX3RfQUpIdWk2WTU1Vg?oc=5\" target=\"_blank\" rel=\"nofollow noopener\">Pilar Cox, la presentadora a la que Julio Iglesias bes\u00f3 \u00aba la fuerza\u00bb: \u00abEn ese momento no me pude defender. Me sent\u00ed humillada\u00bb<\/a>&nbsp;&nbsp;El Mundo<\/li>\n<li><a href=\"https:\/\/news.google.com\/rss\/articles\/CBMisgFBVV95cUxPRkEyS3BLVEp0VVNsM0FpWmN0OVFoT3h2YTJTY1VPcmVXeWhVMWVtclZzYUgwVUQwWVpYV0dMdkJ2R1VzSDI3SHNqTWRaUUFsUWdXQTc5TGhrVHp3NUwzYlYwbWtRV1I3YU95aGlZYmR5SDdZNjRiWDZ3MTUxYjMyS280ckNMXzA2d3RqbzBqNHh2cXdhcVlXdkR0WmxIaUNTR1lIVjE4c0hYdWVyVGJ2YkZ30gGyAUFVX3lxTE9WTkhfbFlsNzRCYmtDQVZGbXhxQTBwaGxaQzJxMVZENnRGdzBuOXB0TGpJTWpkclo1YTg3MlhRWjVLLThPX2JmRlJIQmU1bmVfdXUtSjI1TTlGNy0wX0doRks0Y01NSWJQa3dEMEl2ZVc0dzBicmlSbmd1cGRVOHhITmc4WFA4SUZ1MDV0cGtGc05xRkJwODdTczM3OVU4TnZvbnktdGNyckV5RVhtWFVldFE?oc=5\" target=\"_blank\" rel=\"nofollow noopener\">Julio Iglesias encarga su defensa a Jos\u00e9 Antonio Chocl\u00e1n, el \u00ababogado de los pactos\u00bb que logr\u00f3 ventajas para Aldama<\/a>&nbsp;&nbsp;El Peri\u00f3dico<\/li>\n<li><a href=\"https:\/\/news.google.com\/rss\/articles\/CBMihAFBVV95cUxQX1BIbGZ1ckVEMFdxNVBqQ25fTW16LTFTejhQWXNnb3daZjUxWXVLVlBlV2I3X3VjMXVRWTlaWTJYSGllRU16NjZEbDFXd1pjbC01RENCal9HTlhaa0RENWhzcFFYUWdlTk82eXVBZU5BdlNZWmFvTXFZR2NZMGY4UVZUano?oc=5\" target=\"_blank\" rel=\"nofollow noopener\">Chapu Apaolaza: Un truhan y un &#8216;se\u00f1oro&#8217;<\/a>&nbsp;&nbsp;ABC<\/li>\n<li><a href=\"https:\/\/news.google.com\/rss\/articles\/CBMioAJBVV95cUxPNlB6MEEwNjNQMU9uZjVKMnlXT1EyamxDYlZmVkdHWkMxWE8xZUR2NU5LUFRBZEotY1dxbzViTzBxdzAtd1lWMXkyYk5pR2NMNjFWc0N5QnN4QmdmVEtrWGxGbnNETGtENTV5X1BqSUpkeXdOMXdsU1BZd19GaEVfZ0N5Ymc1VmNVVm54WmtiaTBFWXBSelg4dnF0Q3pkbm5sVzNtaGxfTm9mMjhLbks2VlJsMEJVVTFkdEpoZE9sOS1vSFNNenJQV2JiZVRkNzNaV3h0OEd6S2NyNWJEelhCeWcyczR3cXJBdTQyVGh6SFpJQlZoX29UNFpicDREdC1wTkluTnphZ1BBNXU5MGFOSXBjZlQ1RjljWFg0SVluOEvSAaACQVVfeXFMT29wXzg5ekg1RWU1a3ZoLWFrc0JWUXdOUXV1R2ZCdlVxNVlESTVzSk52Wm9uaVFyS2FVMFF6OFdBbTdFdzRWSWRQNENfMlB6VDZJdFpyVUVXQjNWajByaEF1WmJpYWJESGF5UzM3YzZhZXRXRWJvc3UwVHFsMXYtOUp2N3FOdEJaTzZwSVU2YlhHZldVMzEwMGxzdnpUSThocEg5WDhzeGdFTzRtb1g0aENJSFJBcTVQM3ExWHNxU3JmbmgzTk5KQnpqbVJkS1otZk9EOGVzQjBCTDczMEppMktRVF93QlZqTURnQjlwT1pLcjNxbXVWeGVrOUlqRTdHU3A2Um1BU0czWlJBd3VxWTdnX0xiNFdMN2htZVZQM0JO?oc=5\" target=\"_blank\" rel=\"nofollow noopener\">El alegato de Cristina Pardo a las v\u00edctimas de violaciones: \u00abLas agresiones sexuales no se producen cuando uno<\/a>&nbsp;&nbsp;LaSexta<\/li>\n<\/ol>\n","protected":false},"excerpt":{"rendered":"Julio Iglesias contrata a Jos\u00e9 Antonio Chocl\u00e1n, abogado de Aldama, para que le defienda en la presunta agresi\u00f3n&hellip;\n","protected":false},"author":2,"featured_media":338026,"comment_status":"","ping_status":"","sticky":false,"template":"","format":"standard","meta":{"footnotes":""},"categories":[91],"tags":[146,147,25,24,23],"class_list":{"0":"post-342932","1":"post","2":"type-post","3":"status-publish","4":"format-standard","5":"has-post-thumbnail","7":"category-entretenimiento","8":"tag-entertainment","9":"tag-entretenimiento","10":"tag-es","11":"tag-espana","12":"tag-spain"},"share_on_mastodon":{"url":"https:\/\/pubeurope.com\/@es\/115901509347593532","error":""},"_links":{"self":[{"href":"https:\/\/www.europesays.com\/es\/wp-json\/wp\/v2\/posts\/342932","targetHints":{"allow":["GET"]}}],"collection":[{"href":"https:\/\/www.europesays.com\/es\/wp-json\/wp\/v2\/posts"}],"about":[{"href":"https:\/\/www.europesays.com\/es\/wp-json\/wp\/v2\/types\/post"}],"author":[{"embeddable":true,"href":"https:\/\/www.europesays.com\/es\/wp-json\/wp\/v2\/users\/2"}],"replies":[{"embeddable":true,"href":"https:\/\/www.europesays.com\/es\/wp-json\/wp\/v2\/comments?post=342932"}],"version-history":[{"count":0,"href":"https:\/\/www.europesays.com\/es\/wp-json\/wp\/v2\/posts\/342932\/revisions"}],"wp:featuredmedia":[{"embeddable":true,"href":"https:\/\/www.europesays.com\/es\/wp-json\/wp\/v2\/media\/338026"}],"wp:attachment":[{"href":"https:\/\/www.europesays.com\/es\/wp-json\/wp\/v2\/media?parent=342932"}],"wp:term":[{"taxonomy":"category","embeddable":true,"href":"https:\/\/www.europesays.com\/es\/wp-json\/wp\/v2\/categories?post=342932"},{"taxonomy":"post_tag","embeddable":true,"href":"https:\/\/www.europesays.com\/es\/wp-json\/wp\/v2\/tags?post=342932"}],"curies":[{"name":"wp","href":"https:\/\/api.w.org\/{rel}","templated":true}]}}