{"id":342940,"date":"2026-01-15T22:41:08","date_gmt":"2026-01-15T22:41:08","guid":{"rendered":"https:\/\/www.europesays.com\/es\/342940\/"},"modified":"2026-01-15T22:41:08","modified_gmt":"2026-01-15T22:41:08","slug":"sanchez-anuncia-un-gran-fondo-soberano-para-movilizar-120-000-millones-como-legado-de-los-fondos-de-recuperacion","status":"publish","type":"post","link":"https:\/\/www.europesays.com\/es\/342940\/","title":{"rendered":"S\u00e1nchez anuncia un \u201cgran fondo soberano\u201d para movilizar 120.000 millones como \u201clegado\u201d de los fondos de recuperaci\u00f3n"},"content":{"rendered":"<p class=\"article-text\">\n        Pedro S\u00e1nchez ve a la econom\u00eda espa\u00f1ola \u201cen la Champions League temporada tras temporada\u201d y considera que Espa\u00f1a se ha convertido en \u201cthe place to be\u201d (el lugar para estar, en ingl\u00e9s), seg\u00fan le ha dicho a los inversores en un foro en el que ha anunciado que el Gobierno prev\u00e9 lanzar un \u201cgran fondo soberano\u201d con el fin de movilizar hasta 120.000 millones de euros de inversores privados. La base de ese fondo, que se gestionar\u00e1 a trav\u00e9s del Instituto Oficial de Cr\u00e9dito (ICO), ser\u00e1n 10.500 millones de euros procedentes de los fondos EU Next Generation que vencen este a\u00f1o.\n    <\/p>\n<p>    <a href=\"https:\/\/www.eldiario.es\/economia\/espana-trece-paises-revuelven-plan-bruselas-centralizar-fondos-cohesion-regiones_1_12433716.html\" data-mrf-recirculation=\"saber-mas\" data-dl-event=\"saber-mas\" rel=\"nofollow noopener\" target=\"_blank\"><\/p>\n<p class=\"know-more__title\">Espa\u00f1a y otros trece pa\u00edses se revuelven contra el plan de Bruselas de centralizar los fondos de cohesi\u00f3n para las regiones<\/p>\n<p>            <img decoding=\"async\" class=\"lazy\" loading=\"lazy\" data-src=\"https:\/\/static.eldiario.es\/clip\/eac47b1d-63e4-4ccb-bfdc-3a4d6715ef6a_16-9-aspect-ratio_default_0.jpg\" src=\"data:image\/svg+xml,%3Csvg xmlns=\" http:=\"\" viewbox=\"0 0 880 495\" alt=\"Espa\u00f1a y otros trece pa\u00edses se revuelven contra el plan de Bruselas de centralizar los fondos de cohesi\u00f3n para las regiones\"\/><\/p>\n<p>                        <\/a><\/p>\n<p class=\"article-text\">\n        La idea que el presidente presentar\u00e1 junto con el ministro de Econom\u00eda, Carlos Cuerpo, el pr\u00f3ximo lunes y que recibir\u00e1 el nombre de Fondo Espa\u00f1a Crece pretende cumplir con las recomendaciones del ex primer ministro italiano Mario Draghi, que en sus recetas para sacar a la UE del letargo e impulsar su competitividad incluy\u00f3 la necesidad de movilizar hasta 800.000 millones de euros. En el Gobierno creen que Espa\u00f1a est\u00e1 en condiciones de competir para movilizar deuda privada y atraer inversores nacionales e internacionales.\n    <\/p>\n<p class=\"article-text\">\n        El fondo funcionar\u00e1 mediante pr\u00e9stamos, avales o instrumentos de capital que priorizar\u00e1n nueve sectores clave de la productividad econ\u00f3mica: vivienda, energ\u00eda, digitalizaci\u00f3n, Inteligencia Artificial, reindustrializaci\u00f3n, econom\u00eda circular, infraestructura, agua y saneamiento o seguridad.\n    <\/p>\n<p class=\"article-text\">\n        \u201cSi los fondos NextGen fueron un ejercicio de soberan\u00eda europea, el Fondo Espa\u00f1a Crece ser\u00e1 un ejercicio de soberan\u00eda nacional\u201d, ha expresado el presidente, que pretende que ese fondo espa\u00f1ol extienda el \u201cempuje\u201d que han supuesto los fondos de recuperaci\u00f3n, que han permitido un \u201cimpulso reformista\u201d de 63.000 millones de euros, \u201chaciendo perdurable el legado\u201d m\u00e1s all\u00e1 de 2026. Y es que los fondos de recuperaci\u00f3n vencen este a\u00f1o, a pesar de los intentos de Espa\u00f1a por mantener herramientas de deuda mancomunada en el seno de la UE.\n    <\/p>\n<p class=\"article-text\">\n        \u201cLos fondos europeos no solo nos ayudaron a resistir y a recuperar, sino que tambi\u00e9n en un momento muy dif\u00edcil, sino que tambi\u00e9n nos han permitido cambiar el rumbo y transformarnos para siempre\u201d, ha dicho sobre ese proyecto que se puso en marcha para salir de la crisis de la pandemia con gasto expansivo.\n    <\/p>\n<p class=\"article-text\">\n        \u201cEn un momento en el que hay grandes potencias que est\u00e1n tratando de imponer unilateralmente tarifas, guerras comerciales, nosotros creamos espacios donde los inversores y las empresas van a poder transaccionar, relacionarse de una manera segura, predecible, en definitiva respetuosa y apostando tambi\u00e9n por un presupuesto ambicioso para financiar bienes p\u00fablicos europeos, que es la batalla que estamos librando en Bruselas\u201d, ha explicado.\n    <\/p>\n<p class=\"article-text\">\n        S\u00e1nchez ha reivindicado la buena marcha de la econom\u00eda espa\u00f1ola y lo ha atribuido, en gran medida, al Gobierno de coalici\u00f3n, y tambi\u00e9n a empresas, inversores y trabajadores. \u201cLo mejor de Espa\u00f1a es su capital humano, es su gente\u201d, ha dicho en el foro &#8216;Spain Investors Day&#8217;. \u201cEn muchas ocasiones los analistas creen que la estabilidad la da una mayor\u00eda absoluta en el Parlamento. La estabilidad la da la capacidad de negociaci\u00f3n de acuerdo que puedan tener los gobiernos con aquel que es diferente y eso es lo que yo reivindico, porque ah\u00ed est\u00e1n los datos y ah\u00ed est\u00e1n los resultados\u201d, ha dicho el presidente, consciente de que tiene una minor\u00eda parlamentaria que pone cuesta arriba la aprobaci\u00f3n de leyes. Sin embargo, el mensaje de S\u00e1nchez a los inversores es claro: Espa\u00f1a crece al 2,9% o marca r\u00e9cords en la Bolsa, pese a las turbulencias en la pol\u00edtica.\n    <\/p>\n<p class=\"article-text\">\n        Tambi\u00e9n ha vendido Espa\u00f1a como un \u201cvalor seguro, un valor refugio\u201d. \u201cAqu\u00ed no van a encontrar tensiones comerciales, no van a encontrar riesgos geopol\u00edticos, no se va a encontrar inseguridad jur\u00eddica, aunque haya evidentemente las reformas que tengamos que hacer en el \u00e1mbito legislativo o haya marcos legislativos que a lo mejor algunos de los que est\u00e1n aqu\u00ed presentes no les resultan del todo confortable. Pero desde luego lo que s\u00ed que hay es paz social y desde luego tambi\u00e9n hay cohesi\u00f3n territorial\u201d, ha dicho el presidente en referencia al apaciguamiento de la crisis pol\u00edtica en Catalunya.\n    <\/p>\n<p class=\"article-text\">\n        \u201cHace d\u00e9cadas, durante los \u00faltimos a\u00f1os del franquismo, se populariz\u00f3 esa campa\u00f1a denominada &#8216;Spain is different&#8217;, Espa\u00f1a es diferente, y era un mensaje dirigido a atraer turismo extranjero, pero cal\u00f3 hondo tambi\u00e9n entre los propios espa\u00f1oles y espa\u00f1olas y, en ocasiones, incluso cal\u00f3 de manera negativa, con un sentido negativo que nos llev\u00f3 a infravalorar el potencial de nuestro pa\u00eds. Hoy, en un momento de repliegue global, si somos diferentes es porque nuestro eslogan podr\u00eda actualizarse como &#8216;Spain is the place to be&#8217;\u201d, ha afirmado el presidente, que ha asegurado que \u201cno hay democracia en el mundo que haya protagonizado una transformaci\u00f3n como la espa\u00f1ola en el \u00faltimo medio siglo\u201d. \u201cSomos una historia de \u00e9xito\u201d, ha rematado.\n    <\/p>\n<p>    <a href=\"https:\/\/www.eldiario.es\/economia\/economia-disena-cuenta-bancaria-espanoles-inviertan-ahorro-autonomia-estrategica-europea_1_12872050.html\" data-mrf-recirculation=\"saber-mas-abajo\" data-dl-event=\"saber-mas-abajo\" rel=\"nofollow noopener\" target=\"_blank\"><\/p>\n<p class=\"know-more__title\">Econom\u00eda dise\u00f1a una cuenta bancaria para que los espa\u00f1oles inviertan su ahorro en la autonom\u00eda estrat\u00e9gica europea<\/p>\n<p>            <img decoding=\"async\" class=\"lazy\" loading=\"lazy\" data-src=\"https:\/\/static.eldiario.es\/clip\/9ee11cc2-f5ac-4636-8f7a-570f518e7e8d_16-9-aspect-ratio_default_0.jpg\" src=\"data:image\/svg+xml,%3Csvg xmlns=\" http:=\"\" viewbox=\"0 0 880 495\" alt=\"Econom\u00eda dise\u00f1a una cuenta bancaria para que los espa\u00f1oles inviertan su ahorro en la autonom\u00eda estrat\u00e9gica europea\"\/><\/p>\n<p>                        <\/a><\/p>\n<p class=\"article-text\">\n        El presidente ha reconocido que no quer\u00eda caer en la \u201cautocomplacencia\u201d al admitir que sigue habiendo brechas de desigualdad y que la pobreza infantil es \u201cinaceptable\u201d: \u201cTenemos que conseguir el reducir a cero esta realidad tan dram\u00e1tica o aumentar la renta disponible real de los hogares\u201d. Tambi\u00e9n ha hecho un alegato en favor de la pol\u00edtica migratoria del Gobierno frente a los discursos de PP y Vox. \u201cEn Espa\u00f1a no sobra nadie, al contrario, nos falta gente. Entre ser una naci\u00f3n cerrada y pobre, lo que hace Espa\u00f1a es abrirse al mundo para garantizar la prosperidad y la financiaci\u00f3n de su Estado del bienestar y de su cohesi\u00f3n social y territorial en el presente y en el futuro\u201d.\n    <\/p>\n","protected":false},"excerpt":{"rendered":"Pedro S\u00e1nchez ve a la econom\u00eda espa\u00f1ola \u201cen la Champions League temporada tras temporada\u201d y considera que Espa\u00f1a&hellip;\n","protected":false},"author":2,"featured_media":342941,"comment_status":"","ping_status":"","sticky":false,"template":"","format":"standard","meta":{"footnotes":""},"categories":[5],"tags":[1609,29821,4187,17,18,25,24,13,14,11657,20085,3956,11,19,20,363,4724,64350,9,10,15,16,10896,199,13915,23,12,21,22],"class_list":{"0":"post-342940","1":"post","2":"type-post","3":"status-publish","4":"format-standard","5":"has-post-thumbnail","7":"category-titulares","8":"tag-1609","9":"tag-29821","10":"tag-anuncia","11":"tag-breaking-news","12":"tag-breakingnews","13":"tag-es","14":"tag-espana","15":"tag-featured-news","16":"tag-featurednews","17":"tag-fondo","18":"tag-fondos","19":"tag-gran","20":"tag-headlines","21":"tag-latest-news","22":"tag-latestnews","23":"tag-legado","24":"tag-millones","25":"tag-movilizar","26":"tag-news","27":"tag-noticias","28":"tag-noticias-destacadas","29":"tag-noticiasdestacadas","30":"tag-recuperacion","31":"tag-sanchez","32":"tag-soberano","33":"tag-spain","34":"tag-titulares","35":"tag-ultimas-noticias","36":"tag-ultimasnoticias"},"share_on_mastodon":{"url":"https:\/\/pubeurope.com\/@es\/115901528985705688","error":""},"_links":{"self":[{"href":"https:\/\/www.europesays.com\/es\/wp-json\/wp\/v2\/posts\/342940","targetHints":{"allow":["GET"]}}],"collection":[{"href":"https:\/\/www.europesays.com\/es\/wp-json\/wp\/v2\/posts"}],"about":[{"href":"https:\/\/www.europesays.com\/es\/wp-json\/wp\/v2\/types\/post"}],"author":[{"embeddable":true,"href":"https:\/\/www.europesays.com\/es\/wp-json\/wp\/v2\/users\/2"}],"replies":[{"embeddable":true,"href":"https:\/\/www.europesays.com\/es\/wp-json\/wp\/v2\/comments?post=342940"}],"version-history":[{"count":0,"href":"https:\/\/www.europesays.com\/es\/wp-json\/wp\/v2\/posts\/342940\/revisions"}],"wp:featuredmedia":[{"embeddable":true,"href":"https:\/\/www.europesays.com\/es\/wp-json\/wp\/v2\/media\/342941"}],"wp:attachment":[{"href":"https:\/\/www.europesays.com\/es\/wp-json\/wp\/v2\/media?parent=342940"}],"wp:term":[{"taxonomy":"category","embeddable":true,"href":"https:\/\/www.europesays.com\/es\/wp-json\/wp\/v2\/categories?post=342940"},{"taxonomy":"post_tag","embeddable":true,"href":"https:\/\/www.europesays.com\/es\/wp-json\/wp\/v2\/tags?post=342940"}],"curies":[{"name":"wp","href":"https:\/\/api.w.org\/{rel}","templated":true}]}}