{"id":342952,"date":"2026-01-15T22:52:08","date_gmt":"2026-01-15T22:52:08","guid":{"rendered":"https:\/\/www.europesays.com\/es\/342952\/"},"modified":"2026-01-15T22:52:08","modified_gmt":"2026-01-15T22:52:08","slug":"si-tuviera-60-anos-no-tendria-una-cocina-cerrada","status":"publish","type":"post","link":"https:\/\/www.europesays.com\/es\/342952\/","title":{"rendered":"Si tuviera 60 a\u00f1os no tendr\u00eda una cocina cerrada"},"content":{"rendered":"<p>Hay ideas sobre la casa que no tienen que ver con metros, ni con modas, ni siquiera con est\u00e9tica. Tienen que ver con c\u00f3mo queremos vivirla. Por eso cuando <strong><a href=\"https:\/\/www.elmueble.com\/expertos\/natalia-zubizarreta_164\" rel=\"nofollow noopener\" target=\"_blank\">Natalia Zubizarreta<\/a><\/strong> dice que: <strong>\u00abSi tuviera 60 a\u00f1os, no tendr\u00eda una cocina cerrada\u00bb<\/strong>, no est\u00e1 hablando solo de distribuci\u00f3n, sino de actitud.<\/p>\n<p>La interiorista pone sobre la mesa una escena muy cotidiana: <strong>amigos en casa, conversaciones cruzadas, alguien cocinando mientras el resto charla&#8230;<\/strong> Y se pregunta qu\u00e9 sentido tiene quedarse aislada entre fogones cuando lo interesante est\u00e1 al otro lado de la pared. Su respuesta es clara: ninguno.<\/p>\n<p>M\u00e1s que una defensa de la <strong><a href=\"https:\/\/www.elmueble.com\/ideas\/decoterapia\/50-cocinas-abiertas-comedor-y-salon_42477\" rel=\"nofollow noopener\" target=\"_blank\">cocina abierta<\/a><\/strong>, su reflexi\u00f3n es una invitaci\u00f3n a pensar la casa como un lugar compartido, vivido y disfrutado en tiempo real. Un espacio donde cocinar no te aparta del plan, sino que te mantiene dentro de \u00e9l.<\/p>\n<p>&#13;<img decoding=\"async\" src=\"https:\/\/www.europesays.com\/es\/wp-content\/uploads\/2026\/01\/salon-con-chimenea_0fdecf6f_00596809_260105101451_600x600.webp.webp\" alt=\"Sal\u00f3n con chimenea\" class=\"image lazyload\"\/><\/p>\n<p class=\"epigraph\">Etapa de jubilaci\u00f3n<\/p>\n<p><a href=\"https:\/\/www.elmueble.com\/decoracion\/nora-batlle-interiorista-personas-65-anos-no-quieren-renunciar-casa-bonita-por-hecho-hacerse-mayores_63331\" rel=\"nofollow noopener\" target=\"_blank\">Esto es lo que buscan las personas mayores en su casa <\/a><br \/>\nCuando la cocina deja de ser un espacio aislado<img loading=\"lazy\" decoding=\"async\" src=\"https:\/\/www.europesays.com\/es\/wp-content\/uploads\/2026\/01\/mesa-adosada-a-isla-de-cocina-00560011_49f336ca_260106202518_1000x1342.webp.webp\" alt=\"mesa adosada a isla de cocina 00560011\" class=\"lazyload\" width=\"1000\" height=\"1342\" data-aspectratio=\"1000\/1342\"\/>&#13;El Mueble<\/p>\n<p>La reflexi\u00f3n de Natalia Zubizarreta contin\u00faa con una idea clave que muchos clientes verbalizan, pero no siempre saben traducir en <a href=\"https:\/\/www.elmueble.com\/decoracion\/maximo-caballero-arquitecto-orden-reformas-es-muy-importante-para-no-perder-tiempo-ni-dinero_61266\" rel=\"nofollow noopener\" target=\"_blank\">decisiones de reforma:<\/a> \u00abSi est\u00e1 todo el mundo charlando fuera y yo encerrada en la cocina, no me parece buen plan. Preferir\u00eda una cocina abierta al sal\u00f3n o al comedor y enterarme de todo\u00bb. Aqu\u00ed <strong>no se habla de tendencias ni de modas, sino de presencia<\/strong>, de no quedarse fuera de la vida mientras se cocina.<\/p>\n<p>Y es que la cocina no es solo tirar un tabique. Es asumir que<strong> cocinar tambi\u00e9n puede ser un acto social<\/strong>, que el ruido, las conversaciones cruzadas y hasta el desorden forman parte de ese momento compartido. La interiorista lo resume con una frase especialmente reveladora: \u00abSer\u00eda consciente de que cada vez me quedan menos a\u00f1os y lo importante ser\u00eda compartir esos peque\u00f1os momentos todos juntos, no los olores\u00bb.<\/p>\n<p>Esa \u00faltima coletilla es clave. Durante mucho tiempo, <strong>el principal argumento <\/strong>en <strong>contra de las cocinas abiertas fueron los olores y el ruido<\/strong>. Hoy, con campanas eficientes, placas silenciosas y electrodom\u00e9sticos integrados, esa preocupaci\u00f3n ha perdido peso <strong>frente a una necesidad emocional mucho m\u00e1s fuerte: no perderse nada. <\/strong>La cocina abierta se convierte as\u00ed en una elecci\u00f3n vital, no solo funcional.<\/p>\n<p>compartir es el verdadero lujo: 9 cocinas<\/p>\n<p>Descubre cocinas publicadas en El Mueble que te servir\u00e1n como inspiraci\u00f3n real para reformar la tuya.<\/p>\n","protected":false},"excerpt":{"rendered":"Hay ideas sobre la casa que no tienen que ver con metros, ni con modas, ni siquiera con&hellip;\n","protected":false},"author":2,"featured_media":342953,"comment_status":"","ping_status":"","sticky":false,"template":"","format":"standard","meta":{"footnotes":""},"categories":[173],"tags":[229,233,231,230,232,234,146,147,25,24,23],"class_list":{"0":"post-342952","1":"post","2":"type-post","3":"status-publish","4":"format-standard","5":"has-post-thumbnail","7":"category-arte-y-diseno","8":"tag-arte","9":"tag-arte-y-diseno","10":"tag-arts","11":"tag-arts-and-design","12":"tag-design","13":"tag-diseno","14":"tag-entertainment","15":"tag-entretenimiento","16":"tag-es","17":"tag-espana","18":"tag-spain"},"share_on_mastodon":{"url":"https:\/\/pubeurope.com\/@es\/115901572252447900","error":""},"_links":{"self":[{"href":"https:\/\/www.europesays.com\/es\/wp-json\/wp\/v2\/posts\/342952","targetHints":{"allow":["GET"]}}],"collection":[{"href":"https:\/\/www.europesays.com\/es\/wp-json\/wp\/v2\/posts"}],"about":[{"href":"https:\/\/www.europesays.com\/es\/wp-json\/wp\/v2\/types\/post"}],"author":[{"embeddable":true,"href":"https:\/\/www.europesays.com\/es\/wp-json\/wp\/v2\/users\/2"}],"replies":[{"embeddable":true,"href":"https:\/\/www.europesays.com\/es\/wp-json\/wp\/v2\/comments?post=342952"}],"version-history":[{"count":0,"href":"https:\/\/www.europesays.com\/es\/wp-json\/wp\/v2\/posts\/342952\/revisions"}],"wp:featuredmedia":[{"embeddable":true,"href":"https:\/\/www.europesays.com\/es\/wp-json\/wp\/v2\/media\/342953"}],"wp:attachment":[{"href":"https:\/\/www.europesays.com\/es\/wp-json\/wp\/v2\/media?parent=342952"}],"wp:term":[{"taxonomy":"category","embeddable":true,"href":"https:\/\/www.europesays.com\/es\/wp-json\/wp\/v2\/categories?post=342952"},{"taxonomy":"post_tag","embeddable":true,"href":"https:\/\/www.europesays.com\/es\/wp-json\/wp\/v2\/tags?post=342952"}],"curies":[{"name":"wp","href":"https:\/\/api.w.org\/{rel}","templated":true}]}}