{"id":342954,"date":"2026-01-15T22:54:07","date_gmt":"2026-01-15T22:54:07","guid":{"rendered":"https:\/\/www.europesays.com\/es\/342954\/"},"modified":"2026-01-15T22:54:07","modified_gmt":"2026-01-15T22:54:07","slug":"can-yaman-revela-si-le-resultan-mas-dificiles-las-escenas-de-accion-o-de-amor-tengo-mucho-entrenamiento","status":"publish","type":"post","link":"https:\/\/www.europesays.com\/es\/342954\/","title":{"rendered":"Can Yaman revela si le resultan m\u00e1s dif\u00edciles las escenas de acci\u00f3n o de amor: \u00abTengo mucho entrenamiento\u00bb"},"content":{"rendered":"<p><b>Can Yaman<\/b> ha llegado a El Hormiguero despertando una gran expectaci\u00f3n. El actor ha mostrado su faceta m\u00e1s cercana y carism\u00e1tica, compartiendo an\u00e9cdotas y reflexiones que han conquistado al p\u00fablico.<\/p>\n<p>En este momento, Pablo Motos le ha preguntado por si le resulta m\u00e1s complicado hacer escenas rom\u00e1nticas o de acci\u00f3n. El int\u00e9rprete, que ha tenido que hacer ambas, ha asegurado que est\u00e1 m\u00e1s acostumbrado a las tramas de amor y que, por tanto, le son m\u00e1s sencillas.<\/p>\n<p>Adem\u00e1s, ha desvelado que muchas de las series rom\u00e1nticas que ha grabado en Turqu\u00eda son \u00abun 80% improvisaci\u00f3n\u00bb, por lo que pr\u00e1cticamente le sale solo. \u00a1No te lo pierdas!<\/p>\n","protected":false},"excerpt":{"rendered":"Can Yaman ha llegado a El Hormiguero despertando una gran expectaci\u00f3n. El actor ha mostrado su faceta m\u00e1s&hellip;\n","protected":false},"author":2,"featured_media":342955,"comment_status":"","ping_status":"","sticky":false,"template":"","format":"standard","meta":{"footnotes":""},"categories":[171],"tags":[146,147,25,24,23,214],"class_list":{"0":"post-342954","1":"post","2":"type-post","3":"status-publish","4":"format-standard","5":"has-post-thumbnail","7":"category-tv","8":"tag-entertainment","9":"tag-entretenimiento","10":"tag-es","11":"tag-espana","12":"tag-spain","13":"tag-tv"},"share_on_mastodon":{"url":"https:\/\/pubeurope.com\/@es\/115901580165340077","error":""},"_links":{"self":[{"href":"https:\/\/www.europesays.com\/es\/wp-json\/wp\/v2\/posts\/342954","targetHints":{"allow":["GET"]}}],"collection":[{"href":"https:\/\/www.europesays.com\/es\/wp-json\/wp\/v2\/posts"}],"about":[{"href":"https:\/\/www.europesays.com\/es\/wp-json\/wp\/v2\/types\/post"}],"author":[{"embeddable":true,"href":"https:\/\/www.europesays.com\/es\/wp-json\/wp\/v2\/users\/2"}],"replies":[{"embeddable":true,"href":"https:\/\/www.europesays.com\/es\/wp-json\/wp\/v2\/comments?post=342954"}],"version-history":[{"count":0,"href":"https:\/\/www.europesays.com\/es\/wp-json\/wp\/v2\/posts\/342954\/revisions"}],"wp:featuredmedia":[{"embeddable":true,"href":"https:\/\/www.europesays.com\/es\/wp-json\/wp\/v2\/media\/342955"}],"wp:attachment":[{"href":"https:\/\/www.europesays.com\/es\/wp-json\/wp\/v2\/media?parent=342954"}],"wp:term":[{"taxonomy":"category","embeddable":true,"href":"https:\/\/www.europesays.com\/es\/wp-json\/wp\/v2\/categories?post=342954"},{"taxonomy":"post_tag","embeddable":true,"href":"https:\/\/www.europesays.com\/es\/wp-json\/wp\/v2\/tags?post=342954"}],"curies":[{"name":"wp","href":"https:\/\/api.w.org\/{rel}","templated":true}]}}