{"id":342972,"date":"2026-01-15T23:04:27","date_gmt":"2026-01-15T23:04:27","guid":{"rendered":"https:\/\/www.europesays.com\/es\/342972\/"},"modified":"2026-01-15T23:04:27","modified_gmt":"2026-01-15T23:04:27","slug":"el-breve-y-atipico-encuentro-en-la-casa-blanca-entre-donald-trump-y-maria-corina-machado","status":"publish","type":"post","link":"https:\/\/www.europesays.com\/es\/342972\/","title":{"rendered":"El \u00abbreve y at\u00edpico\u00bb encuentro en la Casa Blanca entre Donald Trump y Mar\u00eda Corina Machado"},"content":{"rendered":"<p><img fetchpriority=\"high\" decoding=\"async\" src=\"https:\/\/www.europesays.com\/es\/wp-content\/uploads\/2026\/01\/7687dbd0-f261-11f0-bfd6-49ce1c503815.jpg.webp.webp\"   alt=\"Machado en el exterior de la Casa Blanca.\" loading=\"eager\" width=\"1000\" height=\"562\" style=\"aspect-ratio:1000 \/ 562\" class=\"css-1seqhu9\"\/><\/p>\n<p class=\"css-by8ykd\" role=\"text\">Fuente de la imagen, Reuters<\/p>\n<p>Pie de foto, Machado en el exterior de la Casa Blanca.<strong id=\"article-byline\" aria-hidden=\"true\" class=\"css-2ozlq5\">Informaci\u00f3n del art\u00edculo<\/strong><\/p>\n<ul class=\"css-1dlgp3z\">\n<li class=\"css-1s1df59\">\n<ul role=\"list\" class=\"css-z50d25\">\n<li class=\"css-0\">Autor, Dar\u00edo Brooks<\/li>\n<li class=\"css-k1irjw\">T\u00edtulo del autor,  BBC News Mundo<\/li>\n<\/ul>\n<\/li>\n<li>15 enero 2026, 22:21 GMT\n<p>Actualizado 6 minutos<\/p>\n<\/li>\n<li>\n<p>Tiempo de lectura: 6 min<\/p>\n<\/li>\n<\/ul>\n<p dir=\"ltr\" class=\"css-s4cjt0 e1yuyadm0\"><b>El esperado encuentro entre Mar\u00eda Corina Machado, la l\u00edder opositora venezolana y premio Nobel de la Paz, y el presidente Donald Trump en la Casa Blanca se dio este jueves a puerta cerrada, de manera m\u00e1s discreta de lo que se esperaba.<\/b><\/p>\n<p dir=\"ltr\" class=\"css-s4cjt0 e1yuyadm0\">Machado lleg\u00f3 alrededor del mediod\u00eda a la Casa Blanca, sin que ni Trump ni ning\u00fan miembro de su gobierno la recibiera frente a las c\u00e1maras, como suele ser habitual con otros l\u00edderes pol\u00edticos. <\/p>\n<p dir=\"ltr\" class=\"css-s4cjt0 e1yuyadm0\">Cerca de una hora despu\u00e9s, Machado sali\u00f3 de nuevo para abordar un veh\u00edculo y se limit\u00f3 a dar unas palabras a un grupo de venezolanos que se hab\u00eda reunido para expresarle su apoyo: \u00abSepan que contamos con el presidente Donald Trump para la libertad de Venezuela\u00bb, dijo.<\/p>\n<p dir=\"ltr\" class=\"css-s4cjt0 e1yuyadm0\">A continuaci\u00f3n se traslad\u00f3 al Capitolio, donde un grupo de senadores la esperaban para sostener una reuni\u00f3n. A su salida de la sede del Congreso, Machado cont\u00f3 brevemente c\u00f3mo fue su encuentro Trump.<\/p>\n<p dir=\"ltr\" class=\"css-s4cjt0 e1yuyadm0\">\u00abMe impresion\u00f3 mucho lo claro que est\u00e1. C\u00f3mo conoce la situaci\u00f3n de Venezuela, c\u00f3mo le importa lo que est\u00e1 sufriendo el pueblo de Venezuela. Y yo le asegur\u00e9 que la sociedad venezolana est\u00e1 unida. M\u00e1s del 90% de los venezolanos queremos lo mismo, queremos vivir con libertad, con dignidad, con justicia. Queremos a nuestros hijos de vuelta en casa. Y que para que eso ocurra, tiene que haber democracia y libertad\u00bb, dijo Machado.<\/p>\n<p dir=\"ltr\" class=\"css-s4cjt0 e1yuyadm0\">\u00abPueden tener la seguridad de que el presidente Trump est\u00e1 comprometido con la libertad de todos los presos pol\u00edticos de Venezuela y con la libertad de todos los venezolanos\u00bb, a\u00f1adi\u00f3.<\/p>\n<p dir=\"ltr\" class=\"css-s4cjt0 e1yuyadm0\">Tambi\u00e9n cont\u00f3 que le \u00abpresent\u00f3\u00bb la medalla del Nobel de la Paz que recibi\u00f3 en diciembre al presidente Trump como \u00abun reconocimiento por su compromiso \u00fanico con nuestra libertad\u00bb.<\/p>\n<p dir=\"ltr\" class=\"css-s4cjt0 e1yuyadm0\">No est\u00e1 claro si Trump acept\u00f3 el premio, pese a que el mandatario hab\u00eda expresado su deseo de recibir el galard\u00f3n el a\u00f1o pasado y no ocult\u00f3 su decepci\u00f3n cuando Machado fue la elegida.<\/p>\n<p dir=\"ltr\" class=\"css-s4cjt0 e1yuyadm0\">La opositora venezolana dijo la semana pasada que lo compartir\u00eda con Trump, pero el Comit\u00e9 Nobel aclar\u00f3 posteriormente que no era transferible. \u00abUna vez anunciado el Premio Nobel, no puede ser revocado, compartido ni transferido a otras personas\u00bb, afirm\u00f3 el comit\u00e9 en un comunicado. \u00abLa decisi\u00f3n es definitiva y v\u00e1lida para siempre\u00bb, dijeron.<\/p>\n<p dir=\"ltr\" class=\"css-s4cjt0 e1yuyadm0\">La visita de Machado a Washington ocurri\u00f3 casi dos semanas despu\u00e9s de que Estados Unidos lanzara una operaci\u00f3n militar en Caracas en la que detuvieron al presidente Nicol\u00e1s Maduro y a su esposa, Cilia Flores, quienes fueron trasladados a Nueva York para ser enjuiciados por cargos relacionados con el narcotr\u00e1fico.<\/p>\n<p dir=\"ltr\" class=\"css-s4cjt0 e1yuyadm0\">El gobierno de Venezuela recay\u00f3 entonces en la vicepresidenta ejecutiva del gobierno de Maduro, Delcy Rodr\u00edguez, con quien Trump ha establecido negociaciones que han dejado al margen a Machado y al excandidato presidencial de su movimiento opositor, Edmundo Gonz\u00e1lez.<\/p>\n<p dir=\"ltr\" class=\"css-s4cjt0 e1yuyadm0\">El mi\u00e9rcoles, Trump se refiri\u00f3 a Delcy Rodr\u00edguez como una \u00abpersona fant\u00e1stica\u00bb con quien tuvo una \u00ablarga llamada\u00bb telef\u00f3nica. <\/p>\n<p dir=\"ltr\" class=\"css-s4cjt0 e1yuyadm0\">\u00abEs alguien con quien hemos trabajado muy bien\u00bb, se\u00f1al\u00f3 en una rueda de prensa desde la Casa Blanca. \u00abCreo que nos estamos llevando muy bien con Venezuela\u00bb, concluy\u00f3.<\/p>\n<p><img decoding=\"async\" src=\"https:\/\/www.europesays.com\/es\/wp-content\/uploads\/2026\/01\/1f803da0-f257-11f0-b385-5f48925de19a.jpg.webp.webp\"   alt=\"Mar\u00eda Corina Machado\" loading=\"lazy\" width=\"1000\" height=\"563\" style=\"aspect-ratio:1000 \/ 563\" class=\"css-1seqhu9\"\/><\/p>\n<p class=\"css-by8ykd\" role=\"text\">Fuente de la imagen, Reuters<\/p>\n<p>Pie de foto, Machado visit\u00f3 Washington a casi dos semanas de la captura de Maduro en Venezuela.<img decoding=\"async\" src=\"https:\/\/www.europesays.com\/es\/wp-content\/uploads\/2026\/01\/a7924000-f25f-11f0-b385-5f48925de19a.png.webp.webp\"   alt=\"L\u00ednea gris\" loading=\"lazy\" width=\"800\" height=\"100\" style=\"aspect-ratio:800 \/ 100\" class=\"css-1seqhu9\"\/><\/p>\n<p>\u00abUna visita breve y at\u00edpica\u00bb<\/p>\n<p dir=\"ltr\" class=\"css-s4cjt0 e1yuyadm0\"><b>An\u00e1lisis de Bernd Debusmann Jr., corresponsal de la BBC en la Casa Blanca<\/b><\/p>\n<p dir=\"ltr\" class=\"css-s4cjt0 e1yuyadm0\">La visita de Machado a la Casa Blanca fue breve y at\u00edpica para un presidente al que le encanta estar delante de las c\u00e1maras.<\/p>\n<p dir=\"ltr\" class=\"css-s4cjt0 e1yuyadm0\">Se celebr\u00f3 completamente a puerta cerrada y coincidi\u00f3 casi simult\u00e1neamente con una rueda de prensa de la secretaria de prensa Karoline Leavitt. La mayor parte de los periodistas acreditados en la Casa Blanca se encontraban ah\u00ed, lejos de donde pod\u00edan ver a Machado entrar o salir del complejo de la Casa Blanca.<\/p>\n<p dir=\"ltr\" class=\"css-s4cjt0 e1yuyadm0\">Esto se puede deber a que Trump y otros funcionarios del gobierno no se han retractado de la afirmaci\u00f3n del presidente de que Machado no cuenta con el apoyo ni el respeto necesarios para poder gobernar Venezuela, aunque \u00e9l apoye la celebraci\u00f3n de elecciones en alg\u00fan momento en el futuro.<\/p>\n<p dir=\"ltr\" class=\"css-s4cjt0 e1yuyadm0\">Cuando se le pregunt\u00f3 sobre la reuni\u00f3n, que a\u00fan estaba en curso, la secretaria de prensa Karoline Leavitt dijo que Trump no acud\u00eda a la reuni\u00f3n con \u00abexpectativas\u00bb y que simplemente quer\u00eda \u00abmantener una conversaci\u00f3n franca y positiva\u00bb sobre el futuro de Venezuela.<\/p>\n<p dir=\"ltr\" class=\"css-s4cjt0 e1yuyadm0\">Por su parte, la presidenta interina Delcy Rodr\u00edguez se ha mostrado \u00abextremadamente cooperativa\u00bb, seg\u00fan Leavitt.<\/p>\n<p dir=\"ltr\" class=\"css-s4cjt0 e1yuyadm0\">Tras la reuni\u00f3n, el presidente guard\u00f3 silencio sobre la presentaci\u00f3n del Premio Nobel que le hizo Machado, y sigue sin estar claro si lo acept\u00f3.<\/p>\n<p><img decoding=\"async\" src=\"https:\/\/www.europesays.com\/es\/wp-content\/uploads\/2026\/01\/b71e5a40-f25f-11f0-b385-5f48925de19a.png.webp.webp\"   alt=\"L\u00ednea gris\" loading=\"lazy\" width=\"800\" height=\"100\" style=\"aspect-ratio:800 \/ 100\" class=\"css-1seqhu9\"\/><img decoding=\"async\" src=\"https:\/\/www.europesays.com\/es\/wp-content\/uploads\/2026\/01\/0425b4c0-f254-11f0-b385-5f48925de19a.png.webp.webp\"   alt=\"Mar\u00eda Corina Machado y un grupo de senadores posan para una foto en el Capitolio\" loading=\"lazy\" width=\"1268\" height=\"692\" style=\"aspect-ratio:1268 \/ 692\" class=\"css-1seqhu9\"\/><\/p>\n<p class=\"css-by8ykd\" role=\"text\">Fuente de la imagen, Reuters<\/p>\n<p>Pie de foto, Machado se reuni\u00f3 con senadores en el Capitolio.<\/p>\n<p>Trump mantiene su postura sobre Machado<\/p>\n<p dir=\"ltr\" class=\"css-s4cjt0 e1yuyadm0\">Tras la captura de Maduro el 3 de enero, la expectativa de muchos venezolanos era que se produjera un cambio de gobierno inmediato y que Machado o Gonz\u00e1lez asumieran responsabilidades..<\/p>\n<p dir=\"ltr\" class=\"css-s4cjt0 e1yuyadm0\">La misma Machado, al reaccionar a la operaci\u00f3n militar del 3 de enero, se\u00f1al\u00f3: \u00abHoy estamos preparados para hacer valer nuestro mandato y tomar el poder\u00bb.<\/p>\n<p dir=\"ltr\" class=\"css-s4cjt0 e1yuyadm0\">Pero Trump dej\u00f3 claro que no ser\u00eda el caso. \u00abNo tiene el apoyo ni el respeto dentro del pa\u00eds\u00bb, dijo el mismo d\u00eda que fueron capturados Maduro y su esposa. \u00abEs una mujer muy agradable, pero no tiene el respeto\u00bb, agreg\u00f3 entonces.<\/p>\n<p dir=\"ltr\" class=\"css-s4cjt0 e1yuyadm0\">En su rueda de prensa habitual, la portavoz de la Casa Blanca, Karoline Leavitt, afirm\u00f3 que Trump mantiene su idea de que Machado no tiene el apoyo en Venezuela para convertirse en la l\u00edder del gobierno en este momento.<\/p>\n<p dir=\"ltr\" class=\"css-s4cjt0 e1yuyadm0\">\u00abEs una postura realista y no ha cambiado\u00bb, dijo ante una pregunta de un reportero sobre si hab\u00eda alg\u00fan cambio en la perspectiva de Trump.<\/p>\n<p dir=\"ltr\" class=\"css-s4cjt0 e1yuyadm0\">Sin embargo, asegur\u00f3 que Trump \u00abestaba deseando la celebraci\u00f3n de esta reuni\u00f3n y esperaba que fuera una conversaci\u00f3n buena y positiva, porque ella es una voz verdaderamente notable y valiente para muchos venezolanos\u00bb.<\/p>\n<p dir=\"ltr\" class=\"css-s4cjt0 e1yuyadm0\">Reiter\u00f3 que el gobierno de Trump ha estado en contacto con Delcy Rodr\u00edguez y otros funcionarios venezolanos que han sido \u00abextremadamente cooperativos\u00bb, seg\u00fan Leavitt.<\/p>\n<p><img decoding=\"async\" src=\"https:\/\/www.europesays.com\/es\/wp-content\/uploads\/2026\/01\/725279e0-f23d-11f0-b5f7-49f0357294ff.jpg.webp.webp\"   alt=\"Manifestantes con banderas de Venezuela al exterior de la Casa Blanca\" loading=\"lazy\" width=\"1024\" height=\"683\" style=\"aspect-ratio:1024 \/ 683\" class=\"css-1seqhu9\"\/><\/p>\n<p class=\"css-by8ykd\" role=\"text\">Fuente de la imagen, Getty Images<\/p>\n<p>Pie de foto, Algunos venezolanos se reunieron en el exterior de la Casa Blanca para respaldar a Machado.<\/p>\n<p dir=\"ltr\" class=\"css-s4cjt0 e1yuyadm0\">En su reuni\u00f3n con los senadores, Machado les dijo que su pa\u00eds podr\u00eda convertirse en un aliado clave de EE.UU. en un futuro.<\/p>\n<p dir=\"ltr\" class=\"css-s4cjt0 e1yuyadm0\">\u00abLo que est\u00e1 ocurriendo en este momento es hist\u00f3rico, no solo para el futuro de Venezuela, sino para el futuro de la libertad en el mundo. Yo soy solo una de millones de venezolanos determinados a recuperar la libertad, la justicia y la democracia para nuestro pa\u00eds\u00bb, les dijo.<\/p>\n<p dir=\"ltr\" class=\"css-s4cjt0 e1yuyadm0\">\u00abQuiero asegurarles que vamos a convertir a Venezuela en un pa\u00eds libre y seguro, y en el aliado m\u00e1s fuerte que haya tenido Estados Unidos en esta regi\u00f3n\u00bb, a\u00f1adi\u00f3.<\/p>\n<p dir=\"ltr\" class=\"css-s4cjt0 e1yuyadm0\">Trump y el secretario de Estado, Marco Rubio, han dicho que esperan que en un futuro haya elecciones presidenciales en Venezuela, pero no han se\u00f1alado ninguna fecha ni si Estados Unidos apoyar\u00eda una candidatura de Machado u otra figura de la actual oposici\u00f3n.<\/p>\n<p><img decoding=\"async\" src=\"https:\/\/www.europesays.com\/es\/wp-content\/uploads\/2025\/07\/c8beb280-fb45-11ee-8369-47dc4454b972.png.webp.webp\"   alt=\"L\u00ednea gris\" loading=\"lazy\" width=\"800\" height=\"100\" style=\"aspect-ratio:800 \/ 100\" class=\"css-1seqhu9\"\/><\/p>\n<p dir=\"ltr\" class=\"css-s4cjt0 e1yuyadm0\"><a href=\"https:\/\/www.bbc.com\/mundo\/send\/u184973209\" class=\"focusIndicatorReducedWidth css-n8oauk e1h2ur550\" rel=\"nofollow noopener\" target=\"_blank\">Suscr\u00edbete aqu\u00ed<\/a> a nuestro nuevo newsletter para recibir cada viernes una selecci\u00f3n de nuestro mejor contenido de la semana.<\/p>\n<p dir=\"ltr\" class=\"css-s4cjt0 e1yuyadm0\">Y recuerda que puedes recibir notificaciones en nuestra app. Descarga la \u00faltima versi\u00f3n y act\u00edvalas.<\/p>\n","protected":false},"excerpt":{"rendered":"Fuente de la imagen, Reuters Pie de foto, Machado en el exterior de la Casa Blanca.Informaci\u00f3n del art\u00edculo&hellip;\n","protected":false},"author":2,"featured_media":342973,"comment_status":"","ping_status":"","sticky":false,"template":"","format":"standard","meta":{"footnotes":""},"categories":[5],"tags":[17,18,25,24,13,14,11,19,20,9,10,15,16,23,12,21,22],"class_list":{"0":"post-342972","1":"post","2":"type-post","3":"status-publish","4":"format-standard","5":"has-post-thumbnail","7":"category-titulares","8":"tag-breaking-news","9":"tag-breakingnews","10":"tag-es","11":"tag-espana","12":"tag-featured-news","13":"tag-featurednews","14":"tag-headlines","15":"tag-latest-news","16":"tag-latestnews","17":"tag-news","18":"tag-noticias","19":"tag-noticias-destacadas","20":"tag-noticiasdestacadas","21":"tag-spain","22":"tag-titulares","23":"tag-ultimas-noticias","24":"tag-ultimasnoticias"},"share_on_mastodon":{"url":"https:\/\/pubeurope.com\/@es\/115901619550356660","error":""},"_links":{"self":[{"href":"https:\/\/www.europesays.com\/es\/wp-json\/wp\/v2\/posts\/342972","targetHints":{"allow":["GET"]}}],"collection":[{"href":"https:\/\/www.europesays.com\/es\/wp-json\/wp\/v2\/posts"}],"about":[{"href":"https:\/\/www.europesays.com\/es\/wp-json\/wp\/v2\/types\/post"}],"author":[{"embeddable":true,"href":"https:\/\/www.europesays.com\/es\/wp-json\/wp\/v2\/users\/2"}],"replies":[{"embeddable":true,"href":"https:\/\/www.europesays.com\/es\/wp-json\/wp\/v2\/comments?post=342972"}],"version-history":[{"count":0,"href":"https:\/\/www.europesays.com\/es\/wp-json\/wp\/v2\/posts\/342972\/revisions"}],"wp:featuredmedia":[{"embeddable":true,"href":"https:\/\/www.europesays.com\/es\/wp-json\/wp\/v2\/media\/342973"}],"wp:attachment":[{"href":"https:\/\/www.europesays.com\/es\/wp-json\/wp\/v2\/media?parent=342972"}],"wp:term":[{"taxonomy":"category","embeddable":true,"href":"https:\/\/www.europesays.com\/es\/wp-json\/wp\/v2\/categories?post=342972"},{"taxonomy":"post_tag","embeddable":true,"href":"https:\/\/www.europesays.com\/es\/wp-json\/wp\/v2\/tags?post=342972"}],"curies":[{"name":"wp","href":"https:\/\/api.w.org\/{rel}","templated":true}]}}